{"id":13420,"date":"2017-11-19T16:20:49","date_gmt":"2017-11-19T19:20:49","guid":{"rendered":"http:\/\/blogs.correio24horas.com.br\/mesalte\/?p=13420"},"modified":"2017-11-19T16:21:53","modified_gmt":"2017-11-19T19:21:53","slug":"nunca-tive-problemas-de-erecao-diz-alexandre-frota-ao-negar-necessidade-de-protese-peniana","status":"publish","type":"post","link":"https:\/\/blogs.correio24horas.com.br\/mesalte\/nunca-tive-problemas-de-erecao-diz-alexandre-frota-ao-negar-necessidade-de-protese-peniana\/","title":{"rendered":"\u201cNunca tive problemas de ere\u00e7\u00e3o\u201d, diz Alexandre Frota ao negar necessidade de pr\u00f3tese peniana"},"content":{"rendered":"<p>Alexandre Frota sempre esteve envolvido em pol\u00eamicas. Agora, a nova pol\u00eamica \u00e9 sobre a confus\u00e3o causada por um processo de 2014 que somente agora veio \u00e0 tona onde ele teria pedido ao plano de sa\u00fade uma pr\u00f3tese. &#8220;Exigi que o plano cobrisse o tratamento de algo s\u00e9rio que, se n\u00e3o tratado a tempo, poderia me obrigar a usar uma pr\u00f3tese. Procurei o m\u00e9dico porque notei uma deformidade na base do p\u00eanis e foi diagnosticado doen\u00e7a peyronie. Nunca tive e nem tenho problemas de ere\u00e7\u00e3o\u201d, disse Alexandre para o jornalista L\u00e9o Dias do jornal O Dia.<\/p>\n<p>O processo deixou de correr em segredo de Justi\u00e7a no dia 31 de outubro. \u201cO juiz Guilherme Madeira Dezem da 44\u00aa Vara C\u00edvel, que trabalha em diversas quest\u00f5es jur\u00eddicas de interesse LGBT, foi quem resolveu tirar a tarja do meu processo e torn\u00e1-lo p\u00fablico. O juiz diz que acordou preocupado com 52 processos arquivados em segredo de Justi\u00e7a e resolveu justamente pegar o meu processo e divulg\u00e1-lo\u201d, afirmou Frota para L\u00e9o.<\/p>\n<p>Leia tamb\u00e9m:\u00a0<a href=\"http:\/\/www.correio24horas.com.br\/noticia\/nid\/tem-solucao-pra-pinto-pequeno-medicos-respondem-mulheres-opinam\/\" target=\"_blank\">Tem solu\u00e7\u00e3o pra pinto pequeno? M\u00e9dicos respondem; mulheres opinam<\/a><\/p>\n<p>Frota fez muito sucesso com seus v\u00eddeos na ind\u00fastria pornogr\u00e1fica (<a href=\"http:\/\/[16:12, 19\/11\/2017] Jorge Jornal : http:\/\/www.xvideos.com\/video10112349\/www.tocadasgatas.net.br_0034\" target=\"_blank\">se voc\u00ea tem mais de 18 anos e quiser assistir clique aqui<\/a>) e tamb\u00e9m nas cinco vezes em que ele posou nu parar a revista masculina G Magazine. (Se voc\u00ea tem mais de 18 anos e quiser ver\u00a0clique\u00a0na foto abaixo)<\/p>\n<p><img loading=\"lazy\" decoding=\"async\" class=\"aligncenter size-full wp-image-13421\" src=\"https:\/\/blogs.correio24h.com.br\/mesalte\/wp-content\/uploads\/2017\/11\/frota-g-maganize.jpg\" alt=\"frota g maganize\" width=\"454\" height=\"596\" srcset=\"https:\/\/blogs.correio24h.com.br\/mesalte\/wp-content\/uploads\/2017\/11\/frota-g-maganize.jpg 454w, https:\/\/blogs.correio24h.com.br\/mesalte\/wp-content\/uploads\/2017\/11\/frota-g-maganize-229x300.jpg 229w, https:\/\/blogs.correio24h.com.br\/mesalte\/wp-content\/uploads\/2017\/11\/frota-g-maganize-111x146.jpg 111w, https:\/\/blogs.correio24h.com.br\/mesalte\/wp-content\/uploads\/2017\/11\/frota-g-maganize-38x50.jpg 38w, https:\/\/blogs.correio24h.com.br\/mesalte\/wp-content\/uploads\/2017\/11\/frota-g-maganize-57x75.jpg 57w\" sizes=\"auto, (max-width: 454px) 100vw, 454px\" \/><a href=\"http:\/\/www.gayporno.blog.br\/famosos-nus\/alexandre-frota-nu-na-revista-g-magazine\/\" target=\"_blank\">http:\/\/www.gayporno.blog.br\/famosos-nus\/alexandre-frota-nu-na-revista-g-magazine\/<\/a><\/p>\n<p>&nbsp;<\/p>\n","protected":false},"excerpt":{"rendered":"<p>Alexandre Frota sempre esteve envolvido em pol\u00eamicas. Agora, a nova pol\u00eamica \u00e9 sobre a confus\u00e3o causada por um processo de 2014 que somente agora veio \u00e0 [&hellip;]<\/p>\n","protected":false},"author":1,"featured_media":13422,"comment_status":"open","ping_status":"open","sticky":false,"template":"","format":"image","meta":{"footnotes":""},"categories":[80,27],"tags":[1533],"class_list":["post-13420","post","type-post","status-publish","format-image","has-post-thumbnail","hentry","category-home","category-me-abano","tag-alexandre-frota","post_format-post-format-image"],"_links":{"self":[{"href":"https:\/\/blogs.correio24horas.com.br\/mesalte\/wp-json\/wp\/v2\/posts\/13420","targetHints":{"allow":["GET"]}}],"collection":[{"href":"https:\/\/blogs.correio24horas.com.br\/mesalte\/wp-json\/wp\/v2\/posts"}],"about":[{"href":"https:\/\/blogs.correio24horas.com.br\/mesalte\/wp-json\/wp\/v2\/types\/post"}],"author":[{"embeddable":true,"href":"https:\/\/blogs.correio24horas.com.br\/mesalte\/wp-json\/wp\/v2\/users\/1"}],"replies":[{"embeddable":true,"href":"https:\/\/blogs.correio24horas.com.br\/mesalte\/wp-json\/wp\/v2\/comments?post=13420"}],"version-history":[{"count":2,"href":"https:\/\/blogs.correio24horas.com.br\/mesalte\/wp-json\/wp\/v2\/posts\/13420\/revisions"}],"predecessor-version":[{"id":13424,"href":"https:\/\/blogs.correio24horas.com.br\/mesalte\/wp-json\/wp\/v2\/posts\/13420\/revisions\/13424"}],"wp:featuredmedia":[{"embeddable":true,"href":"https:\/\/blogs.correio24horas.com.br\/mesalte\/wp-json\/wp\/v2\/media\/13422"}],"wp:attachment":[{"href":"https:\/\/blogs.correio24horas.com.br\/mesalte\/wp-json\/wp\/v2\/media?parent=13420"}],"wp:term":[{"taxonomy":"category","embeddable":true,"href":"https:\/\/blogs.correio24horas.com.br\/mesalte\/wp-json\/wp\/v2\/categories?post=13420"},{"taxonomy":"post_tag","embeddable":true,"href":"https:\/\/blogs.correio24horas.com.br\/mesalte\/wp-json\/wp\/v2\/tags?post=13420"}],"curies":[{"name":"wp","href":"https:\/\/api.w.org\/{rel}","templated":true}]}}