{"id":13409,"date":"2017-11-18T08:33:03","date_gmt":"2017-11-18T11:33:03","guid":{"rendered":"http:\/\/blogs.correio24horas.com.br\/mesalte\/?p=13409"},"modified":"2017-11-19T14:43:18","modified_gmt":"2017-11-19T17:43:18","slug":"marido-de-anitta-ja-foi-alvo-de-medida-preventiva-de-ex-namorada-diz-revista","status":"publish","type":"post","link":"https:\/\/blogs.correio24horas.com.br\/mesalte\/marido-de-anitta-ja-foi-alvo-de-medida-preventiva-de-ex-namorada-diz-revista\/","title":{"rendered":"Marido de Anitta j\u00e1 foi alvo de medida preventiva de ex-namorada, diz revista"},"content":{"rendered":"<p>Mal saiu a not\u00edcia que Anitta havia assinado <a href=\"https:\/\/blogs.correio24horas.com.br\/mesalte\/anitta-se-casa-em-cerimonia-secreta-no-rio-de-janeiro\/\" target=\"_blank\">contrato de uni\u00e3o est\u00e1vel com seu ent\u00e3o namorado<\/a>, Thiago Magalh\u00e3es, que come\u00e7aram a surgir not\u00edcias nada agrad\u00e1veis sobre o empres\u00e1rio. De acordo com informa\u00e7\u00f5es publicadas pela revista Veja ele j\u00e1 foi alvo de medida preventiva de uma ex-namorada, a modelo Marina Pumar. Em fevereiro deste ano, ele teria invadido a casa dela, arrombando a porta da cozinha, tentando convenc\u00ea-la a reatar o relacionamento.<\/p>\n<p>Segundo a publica\u00e7\u00e3o a modelo acordou com o ex dentro de seu quarto. O caso foi levado \u00e0 pol\u00edcia e a modelo obteve uma medida preventiva, proibindo-o de chegar a 300 metros dela por 90 dias.<\/p>\n<p><img loading=\"lazy\" decoding=\"async\" class=\"aligncenter size-full wp-image-13410\" src=\"https:\/\/blogs.correio24h.com.br\/mesalte\/wp-content\/uploads\/2017\/11\/Ela-conseguiu-medida-protetiva-contra-ele.jpg\" alt=\"Ela conseguiu medida protetiva contra ele\" width=\"554\" height=\"612\" srcset=\"https:\/\/blogs.correio24h.com.br\/mesalte\/wp-content\/uploads\/2017\/11\/Ela-conseguiu-medida-protetiva-contra-ele.jpg 554w, https:\/\/blogs.correio24h.com.br\/mesalte\/wp-content\/uploads\/2017\/11\/Ela-conseguiu-medida-protetiva-contra-ele-272x300.jpg 272w, https:\/\/blogs.correio24h.com.br\/mesalte\/wp-content\/uploads\/2017\/11\/Ela-conseguiu-medida-protetiva-contra-ele-132x146.jpg 132w, https:\/\/blogs.correio24h.com.br\/mesalte\/wp-content\/uploads\/2017\/11\/Ela-conseguiu-medida-protetiva-contra-ele-45x50.jpg 45w, https:\/\/blogs.correio24h.com.br\/mesalte\/wp-content\/uploads\/2017\/11\/Ela-conseguiu-medida-protetiva-contra-ele-68x75.jpg 68w\" sizes=\"auto, (max-width: 554px) 100vw, 554px\" \/><\/p>\n<p>Quando Thiago conheceu Anitta, em maio, a medida foi julgada improcedente e retirada. O empres\u00e1rio do ramo de turismo \u00e9 o primeiro relacionamento assumido da cantora desde que ela se tornou famosa.<\/p>\n<p><strong>Uni\u00e3o <\/strong><br \/>\nA cantora Anitta casou com<a href=\"http:\/\/www.correio24horas.com.br\/noticia\/nid\/anitta-se-casou-com-separacao-total-de-bens\/\" target=\"_blank\"> separa\u00e7\u00e3o total de bens com o empres\u00e1rio<\/a>. Juntos assumidamente desde julho, o casal assinou contrato de uni\u00e3o est\u00e1vel em um cart\u00f3rio do Rio de Janeiro, confirmou nesta sexta-feira (17) a assessoria da cantora.<\/p>\n<p>O casamento foi na \u00e9poca ainda em que Anitta estava viajando para a Amaz\u00f4nia constantemente para gravar &#8220;Is That For Me&#8221;, em parceria com o DJ Alesso.<\/p>\n<p>Segundo o colunista Leo Dias, de O Dia, Anitta e Thiago optaram por casar com separa\u00e7\u00e3o de bens. Assim, os bens adquiridos n\u00e3o s\u00e3o divididos pelo casal, ficando cada um com o que conquistou. N\u00e3o houve festa para celebrar a uni\u00e3o.<\/p>\n<p>Thiago, que tem 25 anos, \u00e9 herdeiro de uma fam\u00edlia que administra investimentos na \u00e1rea de seguros. Ele \u00e9 rico e tem inclusive uma aeronave registrada em seu nome. Recentemente, ele comprou para Anitta um anel de compromisso &#8211; quando a cantora apareceu sem a joia, houve especula\u00e7\u00f5es de que o relacionamento tinha chegado ao fim, mas ela deixou de usar o anel ap\u00f3s perder peso.<\/p>\n<p>J\u00e1 juntos, eles quase compraram uma mans\u00e3o no Jardim Bot\u00e2nico, no Rio, com direito a heliponto e piscina<\/p>\n","protected":false},"excerpt":{"rendered":"<p>Mal saiu a not\u00edcia que Anitta havia assinado contrato de uni\u00e3o est\u00e1vel com seu ent\u00e3o namorado, Thiago Magalh\u00e3es, que come\u00e7aram a surgir not\u00edcias nada agrad\u00e1veis sobre [&hellip;]<\/p>\n","protected":false},"author":1,"featured_media":13411,"comment_status":"open","ping_status":"open","sticky":false,"template":"","format":"image","meta":{"footnotes":""},"categories":[28],"tags":[790,1531,1532],"class_list":["post-13409","post","type-post","status-publish","format-image","has-post-thumbnail","hentry","category-farofa-digital","tag-anitta","tag-anitta-casou","tag-anitta-e-thiago-magalhaes","post_format-post-format-image"],"_links":{"self":[{"href":"https:\/\/blogs.correio24horas.com.br\/mesalte\/wp-json\/wp\/v2\/posts\/13409","targetHints":{"allow":["GET"]}}],"collection":[{"href":"https:\/\/blogs.correio24horas.com.br\/mesalte\/wp-json\/wp\/v2\/posts"}],"about":[{"href":"https:\/\/blogs.correio24horas.com.br\/mesalte\/wp-json\/wp\/v2\/types\/post"}],"author":[{"embeddable":true,"href":"https:\/\/blogs.correio24horas.com.br\/mesalte\/wp-json\/wp\/v2\/users\/1"}],"replies":[{"embeddable":true,"href":"https:\/\/blogs.correio24horas.com.br\/mesalte\/wp-json\/wp\/v2\/comments?post=13409"}],"version-history":[{"count":3,"href":"https:\/\/blogs.correio24horas.com.br\/mesalte\/wp-json\/wp\/v2\/posts\/13409\/revisions"}],"predecessor-version":[{"id":13414,"href":"https:\/\/blogs.correio24horas.com.br\/mesalte\/wp-json\/wp\/v2\/posts\/13409\/revisions\/13414"}],"wp:featuredmedia":[{"embeddable":true,"href":"https:\/\/blogs.correio24horas.com.br\/mesalte\/wp-json\/wp\/v2\/media\/13411"}],"wp:attachment":[{"href":"https:\/\/blogs.correio24horas.com.br\/mesalte\/wp-json\/wp\/v2\/media?parent=13409"}],"wp:term":[{"taxonomy":"category","embeddable":true,"href":"https:\/\/blogs.correio24horas.com.br\/mesalte\/wp-json\/wp\/v2\/categories?post=13409"},{"taxonomy":"post_tag","embeddable":true,"href":"https:\/\/blogs.correio24horas.com.br\/mesalte\/wp-json\/wp\/v2\/tags?post=13409"}],"curies":[{"name":"wp","href":"https:\/\/api.w.org\/{rel}","templated":true}]}}