{"id":13403,"date":"2017-11-17T17:05:09","date_gmt":"2017-11-17T20:05:09","guid":{"rendered":"http:\/\/blogs.correio24horas.com.br\/mesalte\/?p=13403"},"modified":"2017-11-17T17:05:09","modified_gmt":"2017-11-17T20:05:09","slug":"evento-gratuito-promove-acoes-de-empreendedorismo-em-feira-de-santana","status":"publish","type":"post","link":"https:\/\/blogs.correio24horas.com.br\/mesalte\/evento-gratuito-promove-acoes-de-empreendedorismo-em-feira-de-santana\/","title":{"rendered":"Evento gratuito promove a\u00e7\u00f5es de empreendedorismo em Feira de Santana"},"content":{"rendered":"<p>Feira de Santana recebe neste s\u00e1bado, 18 de novembro, o Festival UNIFACS de Sustentabilidade, Cultura e Arte (FUSCA). Com foco no empreendedorismo, o evento contar\u00e1 com v\u00e1rias a\u00e7\u00f5es simult\u00e2neas, das 10h \u00e0s 16h, na Pra\u00e7a da Fraternidade e na Rua Nova.<\/p>\n<p>A programa\u00e7\u00e3o, gratuita e aberta ao p\u00fablico, contar\u00e1 com oficina de Estamparia, Oficina de Puff, Consultoria do Clube de Empreendedorismo e Empresa Junior, Stand de Fotografia, Oficina de Customiza\u00e7\u00e3o de Roupas, Brinquedoteca, Oficina \u00c1rvore do Saber e Servi\u00e7os de Consultas atrav\u00e9s do N\u00facleo de Apoio Fiscal e Cont\u00e1bil no Laborat\u00f3rio de Inform\u00e1tica, al\u00e9m do Palco Principal com atra\u00e7\u00f5es art\u00edsticas de estudantes da Unifacs e convidados.<\/p>\n<p>O Fusca \u00e9 um programa do eixo de cultura da Coordena\u00e7\u00e3o de Extens\u00e3o Comunit\u00e1ria da Unifacs \u2013 Universidade Salvador, que tem como objetivo incentivar, promover e realizar atividades de arte e cultura, n\u00e3o apenas no \u00e2mbito da Universidade, mas tamb\u00e9m em espa\u00e7os p\u00fablicos, culturais e pontos de cultura de Salvador.<\/p>\n<p>O programa \u00e9 realizado semestralmente, desde 2015, pela Universidade e integra os projetos desenvolvidos pelos professores e alunos dos mais diversos cursos oferecidos pela institui\u00e7\u00e3o, al\u00e9m de parceiros e colaboradores volunt\u00e1rios. A Unifacs faz parte da rede Laureate Internacional Universities e da Laureate Education, Inc., certificada B Corp\u2122. Em abril, a Universidade recebeu o Selo da Diversidade, um projeto de promo\u00e7\u00e3o da igualdade e aten\u00e7\u00e3o \u00e0 diversidade na forma da empregabilidade, entregue pela Prefeitura de Salvador.<\/p>\n<p><strong>Servi\u00e7o:\u00a0<\/strong><br \/>\nFestival Unifacs de Sustentabilidade, Cultura e Arte (FUSCA)<br \/>\nData: 18 de novembro (s\u00e1bado)<br \/>\nHor\u00e1rio: das 10h \u00e0s 16h<br \/>\nLocal: Pra\u00e7a da Fraternidade e na Rua Nova, em Feira de Santana<br \/>\nEntrada franca<\/p>\n","protected":false},"excerpt":{"rendered":"<p>Feira de Santana recebe neste s\u00e1bado, 18 de novembro, o Festival UNIFACS de Sustentabilidade, Cultura e Arte (FUSCA). Com foco no empreendedorismo, o evento contar\u00e1 com [&hellip;]<\/p>\n","protected":false},"author":1,"featured_media":0,"comment_status":"open","ping_status":"open","sticky":false,"template":"","format":"image","meta":{"footnotes":""},"categories":[80,16],"tags":[],"class_list":["post-13403","post","type-post","status-publish","format-image","hentry","category-home","category-me-jogo","post_format-post-format-image"],"_links":{"self":[{"href":"https:\/\/blogs.correio24horas.com.br\/mesalte\/wp-json\/wp\/v2\/posts\/13403","targetHints":{"allow":["GET"]}}],"collection":[{"href":"https:\/\/blogs.correio24horas.com.br\/mesalte\/wp-json\/wp\/v2\/posts"}],"about":[{"href":"https:\/\/blogs.correio24horas.com.br\/mesalte\/wp-json\/wp\/v2\/types\/post"}],"author":[{"embeddable":true,"href":"https:\/\/blogs.correio24horas.com.br\/mesalte\/wp-json\/wp\/v2\/users\/1"}],"replies":[{"embeddable":true,"href":"https:\/\/blogs.correio24horas.com.br\/mesalte\/wp-json\/wp\/v2\/comments?post=13403"}],"version-history":[{"count":1,"href":"https:\/\/blogs.correio24horas.com.br\/mesalte\/wp-json\/wp\/v2\/posts\/13403\/revisions"}],"predecessor-version":[{"id":13404,"href":"https:\/\/blogs.correio24horas.com.br\/mesalte\/wp-json\/wp\/v2\/posts\/13403\/revisions\/13404"}],"wp:attachment":[{"href":"https:\/\/blogs.correio24horas.com.br\/mesalte\/wp-json\/wp\/v2\/media?parent=13403"}],"wp:term":[{"taxonomy":"category","embeddable":true,"href":"https:\/\/blogs.correio24horas.com.br\/mesalte\/wp-json\/wp\/v2\/categories?post=13403"},{"taxonomy":"post_tag","embeddable":true,"href":"https:\/\/blogs.correio24horas.com.br\/mesalte\/wp-json\/wp\/v2\/tags?post=13403"}],"curies":[{"name":"wp","href":"https:\/\/api.w.org\/{rel}","templated":true}]}}