{"id":13393,"date":"2017-11-17T17:14:07","date_gmt":"2017-11-17T20:14:07","guid":{"rendered":"http:\/\/blogs.correio24horas.com.br\/mesalte\/?p=13393"},"modified":"2017-11-17T17:19:08","modified_gmt":"2017-11-17T20:19:08","slug":"bazar-de-ivete-sangalo-tem-pecas-a-partir-de-r-2990-veja-ofertas","status":"publish","type":"post","link":"https:\/\/blogs.correio24horas.com.br\/mesalte\/bazar-de-ivete-sangalo-tem-pecas-a-partir-de-r-2990-veja-ofertas\/","title":{"rendered":"Bazar de Ivete Sangalo tem pe\u00e7as a partir de R$ 29,90; veja ofertas"},"content":{"rendered":"<p>Quanto custa ter uma roupa j\u00e1 usada por Ivete Sangalo? Certamente voc\u00ea pensou em cifras milion\u00e1rias, principalmente pensando em figurinos de show. Mas, tem outras roupas da artista que podem ser adquiridas por pre\u00e7os beeeeeeeeeeeem mais pr\u00f3ximos da realidade de relis mortais.\u00a0 Come\u00e7ou nesta sexta-feira (17) e vai at\u00e9 o domingo (19) o Bazar Ivete Sangalo. Os f\u00e3s da cantora poder\u00e3o comprar desde figurinos usados em shows e campanhas publicit\u00e1rias at\u00e9 roupas do dia a dia, como camisetas, vestidos e acess\u00f3rios.\u00a0 Conforme divulgado\u00a0<a href=\"http:\/\/www.correio24horas.com.br\/noticia\/nid\/bazar-de-ivete-sangalo-sera-online-e-tera-figurinos-e-pecas-pessoais-da-cantora\/\">pela Coluna VIP<\/a>, toda a venda ir\u00e1 ocorrer no site\u00a0<a href=\"http:\/\/www.bazarivetesangalo.com\/\" target=\"_blank\">www.bazarivetesangalo.com<\/a>.<\/p>\n<p>Quem quiser conferir os modelitos poder\u00e1 ir na pop up que ser\u00e1 montada no terceiro piso do Shopping da Bahia. Mas o lugar \u2013\u00a0<a href=\"http:\/\/www.correio24horas.com.br\/noticia\/nid\/bazar-ivete-sangalo-tem-projeto-de-decoracao-de-bianca-coelho-e-carol-sangalo\/\">que tem decora\u00e7\u00e3o assinada por Carol Sangalo e Bianca Coelho<\/a>\u00a0\u2013 vai ter somente uma \u2018exposi\u00e7\u00e3o\u2019 das pe\u00e7as. Todo o valor arrecadado com as vendas ser\u00e1 doado para institui\u00e7\u00f5es que realizam trabalhos sociais no pa\u00eds.<\/p>\n<p class=\"bodytext\">Irm\u00e3 de Ivete, C\u00edntia Sangalo informou que ser\u00e1 poss\u00edvel, para quem mora em Salvador, depois de comprar pelo site retirar a pe\u00e7a na loja f\u00edsica.\u00a0Figurinos marcantes da carreira de Ivete Sangalo, looks utilizados em apari\u00e7\u00f5es nos mais diversos eventos e at\u00e9 pe\u00e7as do acervo pessoal da artista est\u00e3o reunidos no bazar. Veja abaixo alguns dos modelitos que est\u00e3o dispon\u00edveis para voc\u00ea ficar plena , gastar pouco e ajudar ao pr\u00f3ximo:<\/p>\n<p>&nbsp;<\/p>\n<div id=\"attachment_13397\" style=\"width: 372px\" class=\"wp-caption aligncenter\"><img loading=\"lazy\" decoding=\"async\" aria-describedby=\"caption-attachment-13397\" class=\"size-full wp-image-13397\" src=\"https:\/\/blogs.correio24h.com.br\/mesalte\/wp-content\/uploads\/2017\/11\/Bazar-IS-Saias-a-partir-de-2990.jpeg\" alt=\"Saias a partir de R$29,90\" width=\"362\" height=\"303\" srcset=\"https:\/\/blogs.correio24h.com.br\/mesalte\/wp-content\/uploads\/2017\/11\/Bazar-IS-Saias-a-partir-de-2990.jpeg 362w, https:\/\/blogs.correio24h.com.br\/mesalte\/wp-content\/uploads\/2017\/11\/Bazar-IS-Saias-a-partir-de-2990-300x251.jpeg 300w, https:\/\/blogs.correio24h.com.br\/mesalte\/wp-content\/uploads\/2017\/11\/Bazar-IS-Saias-a-partir-de-2990-174x146.jpeg 174w, https:\/\/blogs.correio24h.com.br\/mesalte\/wp-content\/uploads\/2017\/11\/Bazar-IS-Saias-a-partir-de-2990-50x42.jpeg 50w, https:\/\/blogs.correio24h.com.br\/mesalte\/wp-content\/uploads\/2017\/11\/Bazar-IS-Saias-a-partir-de-2990-90x75.jpeg 90w\" sizes=\"auto, (max-width: 362px) 100vw, 362px\" \/><p id=\"caption-attachment-13397\" class=\"wp-caption-text\">Saias a partir de R$29,90<\/p><\/div>\n<div id=\"attachment_13398\" style=\"width: 451px\" class=\"wp-caption aligncenter\"><img loading=\"lazy\" decoding=\"async\" aria-describedby=\"caption-attachment-13398\" class=\"size-full wp-image-13398\" src=\"https:\/\/blogs.correio24h.com.br\/mesalte\/wp-content\/uploads\/2017\/11\/Bazar-IS-Camisas-a-partir-de-6990.jpeg\" alt=\"Camisas a partir de 69,90\" width=\"441\" height=\"497\" srcset=\"https:\/\/blogs.correio24h.com.br\/mesalte\/wp-content\/uploads\/2017\/11\/Bazar-IS-Camisas-a-partir-de-6990.jpeg 441w, https:\/\/blogs.correio24h.com.br\/mesalte\/wp-content\/uploads\/2017\/11\/Bazar-IS-Camisas-a-partir-de-6990-266x300.jpeg 266w, https:\/\/blogs.correio24h.com.br\/mesalte\/wp-content\/uploads\/2017\/11\/Bazar-IS-Camisas-a-partir-de-6990-130x146.jpeg 130w, https:\/\/blogs.correio24h.com.br\/mesalte\/wp-content\/uploads\/2017\/11\/Bazar-IS-Camisas-a-partir-de-6990-44x50.jpeg 44w, https:\/\/blogs.correio24h.com.br\/mesalte\/wp-content\/uploads\/2017\/11\/Bazar-IS-Camisas-a-partir-de-6990-67x75.jpeg 67w\" sizes=\"auto, (max-width: 441px) 100vw, 441px\" \/><p id=\"caption-attachment-13398\" class=\"wp-caption-text\">Camisas a partir de 69,90<\/p><\/div>\n<div id=\"attachment_13399\" style=\"width: 431px\" class=\"wp-caption aligncenter\"><img loading=\"lazy\" decoding=\"async\" aria-describedby=\"caption-attachment-13399\" class=\"size-full wp-image-13399\" src=\"https:\/\/blogs.correio24h.com.br\/mesalte\/wp-content\/uploads\/2017\/11\/Bazar-IS-Camisolas-a-partir-de-4990.jpeg\" alt=\"Camisolas a partir de 49,90\" width=\"421\" height=\"652\" srcset=\"https:\/\/blogs.correio24h.com.br\/mesalte\/wp-content\/uploads\/2017\/11\/Bazar-IS-Camisolas-a-partir-de-4990.jpeg 421w, https:\/\/blogs.correio24h.com.br\/mesalte\/wp-content\/uploads\/2017\/11\/Bazar-IS-Camisolas-a-partir-de-4990-194x300.jpeg 194w, https:\/\/blogs.correio24h.com.br\/mesalte\/wp-content\/uploads\/2017\/11\/Bazar-IS-Camisolas-a-partir-de-4990-94x146.jpeg 94w, https:\/\/blogs.correio24h.com.br\/mesalte\/wp-content\/uploads\/2017\/11\/Bazar-IS-Camisolas-a-partir-de-4990-32x50.jpeg 32w, https:\/\/blogs.correio24h.com.br\/mesalte\/wp-content\/uploads\/2017\/11\/Bazar-IS-Camisolas-a-partir-de-4990-48x75.jpeg 48w\" sizes=\"auto, (max-width: 421px) 100vw, 421px\" \/><p id=\"caption-attachment-13399\" class=\"wp-caption-text\">Camisolas a partir de 49,90<\/p><\/div>\n<div id=\"attachment_13400\" style=\"width: 317px\" class=\"wp-caption aligncenter\"><img loading=\"lazy\" decoding=\"async\" aria-describedby=\"caption-attachment-13400\" class=\"size-full wp-image-13400\" src=\"https:\/\/blogs.correio24h.com.br\/mesalte\/wp-content\/uploads\/2017\/11\/Bazar-IS-Vestidos-a-partir-de-4990.jpeg\" alt=\"Vestidos a partir de 49,90\" width=\"307\" height=\"620\" srcset=\"https:\/\/blogs.correio24h.com.br\/mesalte\/wp-content\/uploads\/2017\/11\/Bazar-IS-Vestidos-a-partir-de-4990.jpeg 307w, https:\/\/blogs.correio24h.com.br\/mesalte\/wp-content\/uploads\/2017\/11\/Bazar-IS-Vestidos-a-partir-de-4990-149x300.jpeg 149w, https:\/\/blogs.correio24h.com.br\/mesalte\/wp-content\/uploads\/2017\/11\/Bazar-IS-Vestidos-a-partir-de-4990-72x146.jpeg 72w, https:\/\/blogs.correio24h.com.br\/mesalte\/wp-content\/uploads\/2017\/11\/Bazar-IS-Vestidos-a-partir-de-4990-25x50.jpeg 25w, https:\/\/blogs.correio24h.com.br\/mesalte\/wp-content\/uploads\/2017\/11\/Bazar-IS-Vestidos-a-partir-de-4990-37x75.jpeg 37w\" sizes=\"auto, (max-width: 307px) 100vw, 307px\" \/><p id=\"caption-attachment-13400\" class=\"wp-caption-text\">Vestidos a partir de 49,90<\/p><\/div>\n<div id=\"attachment_13401\" style=\"width: 468px\" class=\"wp-caption aligncenter\"><img loading=\"lazy\" decoding=\"async\" aria-describedby=\"caption-attachment-13401\" class=\"size-full wp-image-13401\" src=\"https:\/\/blogs.correio24h.com.br\/mesalte\/wp-content\/uploads\/2017\/11\/Bazar-IS-Vestidos-a-partir-de-7990.jpeg\" alt=\"Vestidos a partir de 79,90\" width=\"458\" height=\"741\" srcset=\"https:\/\/blogs.correio24h.com.br\/mesalte\/wp-content\/uploads\/2017\/11\/Bazar-IS-Vestidos-a-partir-de-7990.jpeg 458w, https:\/\/blogs.correio24h.com.br\/mesalte\/wp-content\/uploads\/2017\/11\/Bazar-IS-Vestidos-a-partir-de-7990-185x300.jpeg 185w, https:\/\/blogs.correio24h.com.br\/mesalte\/wp-content\/uploads\/2017\/11\/Bazar-IS-Vestidos-a-partir-de-7990-90x146.jpeg 90w, https:\/\/blogs.correio24h.com.br\/mesalte\/wp-content\/uploads\/2017\/11\/Bazar-IS-Vestidos-a-partir-de-7990-31x50.jpeg 31w, https:\/\/blogs.correio24h.com.br\/mesalte\/wp-content\/uploads\/2017\/11\/Bazar-IS-Vestidos-a-partir-de-7990-46x75.jpeg 46w\" sizes=\"auto, (max-width: 458px) 100vw, 458px\" \/><p id=\"caption-attachment-13401\" class=\"wp-caption-text\">Vestidos a partir de 79,90<\/p><\/div>\n<div id=\"attachment_13402\" style=\"width: 285px\" class=\"wp-caption aligncenter\"><img loading=\"lazy\" decoding=\"async\" aria-describedby=\"caption-attachment-13402\" class=\"size-full wp-image-13402\" src=\"https:\/\/blogs.correio24h.com.br\/mesalte\/wp-content\/uploads\/2017\/11\/Bazar-IS-Vestidos-a-partir-de-9990.jpeg\" alt=\"Vestidos a partir de 99,90\" width=\"275\" height=\"503\" srcset=\"https:\/\/blogs.correio24h.com.br\/mesalte\/wp-content\/uploads\/2017\/11\/Bazar-IS-Vestidos-a-partir-de-9990.jpeg 275w, https:\/\/blogs.correio24h.com.br\/mesalte\/wp-content\/uploads\/2017\/11\/Bazar-IS-Vestidos-a-partir-de-9990-164x300.jpeg 164w, https:\/\/blogs.correio24h.com.br\/mesalte\/wp-content\/uploads\/2017\/11\/Bazar-IS-Vestidos-a-partir-de-9990-80x146.jpeg 80w, https:\/\/blogs.correio24h.com.br\/mesalte\/wp-content\/uploads\/2017\/11\/Bazar-IS-Vestidos-a-partir-de-9990-27x50.jpeg 27w, https:\/\/blogs.correio24h.com.br\/mesalte\/wp-content\/uploads\/2017\/11\/Bazar-IS-Vestidos-a-partir-de-9990-41x75.jpeg 41w\" sizes=\"auto, (max-width: 275px) 100vw, 275px\" \/><p id=\"caption-attachment-13402\" class=\"wp-caption-text\">Vestidos a partir de 99,90<\/p><\/div>\n<p>O bazar \u00e9 organizado pela Iessi Music, produtora que gerencia a carreira da artista. O evento conta com os apoios do Shopping da Bahia, Click Interativo, Inovam\u00eddia Creative Agency, Uranus 2, Bigraf, Puro Fricote, MT Home Wear, CNC Gr\u00e1fica, Bespoke Life, Ateli\u00ea Dedo de Mo\u00e7a, Avatim, Fortiori Camisetas, Duas Produ\u00e7\u00f5es, Maria Maria Lavagem a Seco, Schin, Chat Noir Produ\u00e7\u00f5es, Digita, Bianca Coelho &amp; Carol Sangalo Interior Design, Banzai Molduras, Vibboni Ambientes, Irm\u00e3os Queiroz, Divina Parede, Artenele, Com a cola toda, Vinhos Rio Sol, Casa de Vinhas, Ginno Larry, Total Comunica\u00e7\u00e3o Integrada, JME Sapataria, Potelier, Plot Sign, DJ Raffa Mattei, Jade Show Room, Nove e Noventa, Vila Bambini.<\/p>\n","protected":false},"excerpt":{"rendered":"<p>Quanto custa ter uma roupa j\u00e1 usada por Ivete Sangalo? Certamente voc\u00ea pensou em cifras milion\u00e1rias, principalmente pensando em figurinos de show. Mas, tem outras roupas [&hellip;]<\/p>\n","protected":false},"author":1,"featured_media":13407,"comment_status":"open","ping_status":"open","sticky":false,"template":"","format":"image","meta":{"footnotes":""},"categories":[28,80],"tags":[1529,1528,1530,1248],"class_list":["post-13393","post","type-post","status-publish","format-image","has-post-thumbnail","hentry","category-farofa-digital","category-home","tag-bazar-da-ivete","tag-bazar-ivete-sangalo","tag-gemeas","tag-ivete-sangacp","post_format-post-format-image"],"_links":{"self":[{"href":"https:\/\/blogs.correio24horas.com.br\/mesalte\/wp-json\/wp\/v2\/posts\/13393","targetHints":{"allow":["GET"]}}],"collection":[{"href":"https:\/\/blogs.correio24horas.com.br\/mesalte\/wp-json\/wp\/v2\/posts"}],"about":[{"href":"https:\/\/blogs.correio24horas.com.br\/mesalte\/wp-json\/wp\/v2\/types\/post"}],"author":[{"embeddable":true,"href":"https:\/\/blogs.correio24horas.com.br\/mesalte\/wp-json\/wp\/v2\/users\/1"}],"replies":[{"embeddable":true,"href":"https:\/\/blogs.correio24horas.com.br\/mesalte\/wp-json\/wp\/v2\/comments?post=13393"}],"version-history":[{"count":2,"href":"https:\/\/blogs.correio24horas.com.br\/mesalte\/wp-json\/wp\/v2\/posts\/13393\/revisions"}],"predecessor-version":[{"id":13406,"href":"https:\/\/blogs.correio24horas.com.br\/mesalte\/wp-json\/wp\/v2\/posts\/13393\/revisions\/13406"}],"wp:featuredmedia":[{"embeddable":true,"href":"https:\/\/blogs.correio24horas.com.br\/mesalte\/wp-json\/wp\/v2\/media\/13407"}],"wp:attachment":[{"href":"https:\/\/blogs.correio24horas.com.br\/mesalte\/wp-json\/wp\/v2\/media?parent=13393"}],"wp:term":[{"taxonomy":"category","embeddable":true,"href":"https:\/\/blogs.correio24horas.com.br\/mesalte\/wp-json\/wp\/v2\/categories?post=13393"},{"taxonomy":"post_tag","embeddable":true,"href":"https:\/\/blogs.correio24horas.com.br\/mesalte\/wp-json\/wp\/v2\/tags?post=13393"}],"curies":[{"name":"wp","href":"https:\/\/api.w.org\/{rel}","templated":true}]}}