{"id":13382,"date":"2017-11-17T09:16:42","date_gmt":"2017-11-17T12:16:42","guid":{"rendered":"http:\/\/blogs.correio24horas.com.br\/mesalte\/?p=13382"},"modified":"2017-11-17T10:28:18","modified_gmt":"2017-11-17T13:28:18","slug":"anitta-se-casa-em-cerimonia-secreta-no-rio-de-janeiro","status":"publish","type":"post","link":"https:\/\/blogs.correio24horas.com.br\/mesalte\/anitta-se-casa-em-cerimonia-secreta-no-rio-de-janeiro\/","title":{"rendered":"Anitta se &#8216;casa&#8217; em cerim\u00f4nia secreta no Rio de Janeiro"},"content":{"rendered":"<p>Para tudo!!!!!!!!\u00a0 Anitta saiu do time das solteiras. A musa, diva e poderosa assinou\u00a0contrato de uni\u00e3o est\u00e1vel com o namorado,\u00a0 Thiago Magalh\u00e3es, num cart\u00f3rio da Barra da Tijuca, no Rio de Janeiro. A informa\u00e7\u00e3o foi divulgada em primeira m\u00e3o pela\u00a0coluna Gente Boa, do O Globo. N\u00e3o h\u00e1 detalhes de\u00a0 quando teria sido a cerim\u00f4nia, mas a informa\u00e7\u00e3o \u00e9 que teria sido algo beeeeem \u00edntimo.\u00a0A cantora de 24 anos assumiu a rela\u00e7\u00e3o com Thiago, 25, em julho deste ano. A assessoria da cantora confirmou a informa\u00e7\u00e3o.<\/p>\n<p>Para fins pr\u00e1ticos, a uni\u00e3o est\u00e1vel e o casamento t\u00eam o mesmo efeito, mas o estado civil do casal n\u00e3o muda. Al\u00e9m disso, na uni\u00e3o est\u00e1vel n\u00e3o \u00e9 necess\u00e1rio um processo judicial de div\u00f3rcio &#8211; o casal pode se separar apenas desfazendo o contrato.<\/p>\n<p>Anitta e Thiago est\u00e3o juntos desde maio, mas a cantora evita publicar fotos com ele nas redes sociais. Somente em julho, durante o lan\u00e7amento do clipe Sua Cara, que ela assumiu o romance. Em uma entrevista no \u00faltimo dia 20 ao canal no Youtube da atriz Giovanna Ewbank, Anitta admitiu que pensava at\u00e9 em casamento com o ent\u00e3o namorado.<br \/>\n<iframe loading=\"lazy\" src=\"https:\/\/www.youtube.com\/embed\/2CLWScxB9Ac\" width=\"560\" height=\"315\" frameborder=\"0\" allowfullscreen=\"allowfullscreen\"><\/iframe><\/p>\n<p>&#8220;Estou namorado, e n\u00e3o tenho problema de assumir. Seria muito injusto eu querer que meu p\u00fablico me aplaudisse, me desse n\u00fameros, fosse nos meus shows e n\u00e3o se metesse na minha vida. \u00c9 normal e natural. S\u00f3 n\u00e3o aprofundo esse assunto porque ele \u00e9 an\u00f4nimo \u2014 afirmou, referindo-se ao empres\u00e1rio de 26 anos que conheceu nos bastidores da grava\u00e7\u00e3o de um programa de TV: \u2014 Fui eu que escolhi a fama. Ele, n\u00e3o! Tento deixar isso preservado o m\u00e1ximo poss\u00edvel. Mas a gente n\u00e3o se esconde. Vamos ao cinema, ao shopping&#8230; Tudo normal!&#8221;<\/p>\n<p><em>*Com informa\u00e7\u00f5es das ag\u00eancias\u00a0<\/em><\/p>\n","protected":false},"excerpt":{"rendered":"<p>Para tudo!!!!!!!!\u00a0 Anitta saiu do time das solteiras. A musa, diva e poderosa assinou\u00a0contrato de uni\u00e3o est\u00e1vel com o namorado,\u00a0 Thiago Magalh\u00e3es, num cart\u00f3rio da Barra [&hellip;]<\/p>\n","protected":false},"author":1,"featured_media":13383,"comment_status":"open","ping_status":"open","sticky":false,"template":"","format":"image","meta":{"footnotes":""},"categories":[28,80],"tags":[790],"class_list":["post-13382","post","type-post","status-publish","format-image","has-post-thumbnail","hentry","category-farofa-digital","category-home","tag-anitta","post_format-post-format-image"],"_links":{"self":[{"href":"https:\/\/blogs.correio24horas.com.br\/mesalte\/wp-json\/wp\/v2\/posts\/13382","targetHints":{"allow":["GET"]}}],"collection":[{"href":"https:\/\/blogs.correio24horas.com.br\/mesalte\/wp-json\/wp\/v2\/posts"}],"about":[{"href":"https:\/\/blogs.correio24horas.com.br\/mesalte\/wp-json\/wp\/v2\/types\/post"}],"author":[{"embeddable":true,"href":"https:\/\/blogs.correio24horas.com.br\/mesalte\/wp-json\/wp\/v2\/users\/1"}],"replies":[{"embeddable":true,"href":"https:\/\/blogs.correio24horas.com.br\/mesalte\/wp-json\/wp\/v2\/comments?post=13382"}],"version-history":[{"count":5,"href":"https:\/\/blogs.correio24horas.com.br\/mesalte\/wp-json\/wp\/v2\/posts\/13382\/revisions"}],"predecessor-version":[{"id":13389,"href":"https:\/\/blogs.correio24horas.com.br\/mesalte\/wp-json\/wp\/v2\/posts\/13382\/revisions\/13389"}],"wp:featuredmedia":[{"embeddable":true,"href":"https:\/\/blogs.correio24horas.com.br\/mesalte\/wp-json\/wp\/v2\/media\/13383"}],"wp:attachment":[{"href":"https:\/\/blogs.correio24horas.com.br\/mesalte\/wp-json\/wp\/v2\/media?parent=13382"}],"wp:term":[{"taxonomy":"category","embeddable":true,"href":"https:\/\/blogs.correio24horas.com.br\/mesalte\/wp-json\/wp\/v2\/categories?post=13382"},{"taxonomy":"post_tag","embeddable":true,"href":"https:\/\/blogs.correio24horas.com.br\/mesalte\/wp-json\/wp\/v2\/tags?post=13382"}],"curies":[{"name":"wp","href":"https:\/\/api.w.org\/{rel}","templated":true}]}}