{"id":13379,"date":"2017-11-17T08:57:15","date_gmt":"2017-11-17T11:57:15","guid":{"rendered":"http:\/\/blogs.correio24horas.com.br\/mesalte\/?p=13379"},"modified":"2017-11-17T08:57:35","modified_gmt":"2017-11-17T11:57:35","slug":"as-pessoas-homofobicas-sao-cegas-diz-titica-cantora-trans-angolana","status":"publish","type":"post","link":"https:\/\/blogs.correio24horas.com.br\/mesalte\/as-pessoas-homofobicas-sao-cegas-diz-titica-cantora-trans-angolana\/","title":{"rendered":"\u201cAs pessoas homof\u00f3bicas s\u00e3o cegas\u201d, diz Titica, cantora trans angolana"},"content":{"rendered":"<p><em>Por Ag\u00eancia Brasil<\/em><\/p>\n<p>Ela \u00e9 a rainha do som africano do kuduro e a primeira cantora a assumir a transexualidade em Angola. Titica \u00e9 querida pelas crian\u00e7as e se tornou \u00eddolo pop em seu pa\u00eds, mesmo diante do conservadorismo. Hoje, faz grande sucesso tamb\u00e9m fora da \u00c1frica. No Brasil, esteve no palco Sunset do Rock in Rio, onde junto com o grupo BaianaSystem misturou o som africano do kuduro com o ritmo de Salvador.<\/p>\n<p>A cantora ser\u00e1 a entrevistada do programa Conversa com Roseann Kennedy, que vai ao ar segunda-feira (20), \u00e0s 21h30, na TV Brasil. Titica, que chegou a sofrer com a discrimina\u00e7\u00e3o no in\u00edcio da carreira, relembra sua trajet\u00f3ria marcada pela viol\u00eancia. Diz que quando tinha 20 anos era obrigada a esconder o jeito de andar, que \u00e9 mais feminino. \u201cQuinze anos atr\u00e1s, apedrejavam, batiam. Eu j\u00e1 fui apedrejada, j\u00e1 me deram com garrafas na cabe\u00e7a.\u201d Por isso, muitas vezes foi obrigada a esconder quem realmente era.<\/p>\n<p>Sobre o preconceito que teve de enfrentar, a artista desabafa: \u201cAs pessoas homof\u00f3bicas s\u00e3o cegas. Voc\u00ea consegue se impor, falar com uma pessoa que \u00e9 homof\u00f3bica, que n\u00e3o te conhece&#8230; Falar bem, mostrar quem voc\u00ea \u00e9&#8230; Mostrar que n\u00e3o \u00e9 um bicho de sete cabe\u00e7as e mudar a mente dela\u201d. Para Titica, nessas situa\u00e7\u00f5es nunca conv\u00e9m partir para o enfrentamento. \u201cEu acho que as a\u00e7\u00f5es das pessoas t\u00eam que falar mais alto, n\u00e3o precisa bater de frente, e sim agir.\u201d<\/p>\n<p>Nascida na periferia de Luanda, de onde vem tamb\u00e9m o kuduro, Titica lamenta que a m\u00fasica e a dan\u00e7a ainda sejam marginalizadas e criticadas por algumas pessoas. O ritmo, que significa \u201cbumbum duro\u201d, faz refer\u00eancia aos movimentos corporais da coreografia. \u201cO kuduro ainda \u00e9 muito marginalizado em Angola, j\u00e1 foi mais. Em princ\u00edpio, por causa da forma de nos apresentar, de falar, porque n\u00e3o seguimos o padr\u00e3o da sociedade\u201d. Para ela, a alegria e o ritmo do kuduro \u00e9 que atraem o p\u00fablico.<\/p>\n<p>Titica, que sempre gostou de arte, apostou em v\u00e1rias profiss\u00f5es, sempre com a mesma determina\u00e7\u00e3o. \u201cNasci para brilhar e de qualquer jeito vou ser famosa\u201d. Ela tentou ser modelo, atriz e foi bailarina durante muitos anos. Hoje, se orgulha da carreira. \u201cFui considerada a melhor bailarina do kuduro, porque eu dan\u00e7ava e levantava o p\u00fablico como se fosse cantora. Acho que j\u00e1 tem uma estrela em mim\u201d. S\u00f3 depois, a m\u00fasica entrou em sua vida.<\/p>\n<p>Ela, que gosta da cantora Alcione e do Nego do Bor\u00e9u, se diz f\u00e3 da m\u00fasica brasileira. Depois de gravar a m\u00fasica Capim Guin\u00e9 com o grupo BaianaSystem, conhecido pelas letras e m\u00fasicas politizadas, a artista trans tem o sonho de gravar com a Pabllo Vittar e unir o Brasil e a \u00c1frica numa luta contra o preconceito. \u201cAdoro parcerias onde a gente aprende mais, com a troca de m\u00fasica, pa\u00edses a pa\u00edses. \u00c9 um interc\u00e2mbio muito bom.\u201d<\/p>\n<p>Sobre as aspira\u00e7\u00f5es, a cantora diz que pretende levar o seu nome aos quatro cantos do mundo e continuar sendo uma mulher de sonhos. Ao Brasil, deixa um agradecimento especial e, em tom de brincadeira, se despede sem dar chance aos olhares invejosos. \u201cObrigada Brasil por ser receptivo comigo. Eu continuarei sendo a Titica que aguenta tudo e n\u00e3o tem medo de nada. Que bate na madeira e seca todo mau-olhado.\u201d<\/p>\n","protected":false},"excerpt":{"rendered":"<p>Por Ag\u00eancia Brasil Ela \u00e9 a rainha do som africano do kuduro e a primeira cantora a assumir a transexualidade em Angola. Titica \u00e9 querida pelas [&hellip;]<\/p>\n","protected":false},"author":2,"featured_media":13380,"comment_status":"open","ping_status":"open","sticky":false,"template":"","format":"image","meta":{"footnotes":""},"categories":[80,9],"tags":[1527],"class_list":["post-13379","post","type-post","status-publish","format-image","has-post-thumbnail","hentry","category-home","category-me-orgulho","tag-titica","post_format-post-format-image"],"_links":{"self":[{"href":"https:\/\/blogs.correio24horas.com.br\/mesalte\/wp-json\/wp\/v2\/posts\/13379","targetHints":{"allow":["GET"]}}],"collection":[{"href":"https:\/\/blogs.correio24horas.com.br\/mesalte\/wp-json\/wp\/v2\/posts"}],"about":[{"href":"https:\/\/blogs.correio24horas.com.br\/mesalte\/wp-json\/wp\/v2\/types\/post"}],"author":[{"embeddable":true,"href":"https:\/\/blogs.correio24horas.com.br\/mesalte\/wp-json\/wp\/v2\/users\/2"}],"replies":[{"embeddable":true,"href":"https:\/\/blogs.correio24horas.com.br\/mesalte\/wp-json\/wp\/v2\/comments?post=13379"}],"version-history":[{"count":1,"href":"https:\/\/blogs.correio24horas.com.br\/mesalte\/wp-json\/wp\/v2\/posts\/13379\/revisions"}],"predecessor-version":[{"id":13381,"href":"https:\/\/blogs.correio24horas.com.br\/mesalte\/wp-json\/wp\/v2\/posts\/13379\/revisions\/13381"}],"wp:featuredmedia":[{"embeddable":true,"href":"https:\/\/blogs.correio24horas.com.br\/mesalte\/wp-json\/wp\/v2\/media\/13380"}],"wp:attachment":[{"href":"https:\/\/blogs.correio24horas.com.br\/mesalte\/wp-json\/wp\/v2\/media?parent=13379"}],"wp:term":[{"taxonomy":"category","embeddable":true,"href":"https:\/\/blogs.correio24horas.com.br\/mesalte\/wp-json\/wp\/v2\/categories?post=13379"},{"taxonomy":"post_tag","embeddable":true,"href":"https:\/\/blogs.correio24horas.com.br\/mesalte\/wp-json\/wp\/v2\/tags?post=13379"}],"curies":[{"name":"wp","href":"https:\/\/api.w.org\/{rel}","templated":true}]}}