{"id":13375,"date":"2017-11-17T08:47:23","date_gmt":"2017-11-17T11:47:23","guid":{"rendered":"http:\/\/blogs.correio24horas.com.br\/mesalte\/?p=13375"},"modified":"2017-11-17T15:54:50","modified_gmt":"2017-11-17T18:54:50","slug":"13375-2","status":"publish","type":"post","link":"https:\/\/blogs.correio24horas.com.br\/mesalte\/13375-2\/","title":{"rendered":"Shopping Piedade comemora Semana da Consci\u00eancia Negra"},"content":{"rendered":"<p>O Shopping Piedade realiza na pr\u00f3xima semana, entre segunda (20) e s\u00e1bado (25) , a Semana da Consci\u00eancia Negra \u2013 Discutindo Futuros, no piso L4, com a\u00e7\u00f5es gratuitas e uma programa\u00e7\u00e3o diversificada com os temas Mulheres Negras, Religiosidade, Cultura e Neg\u00f3cios, Teatro na Bahia, Diversidade, G\u00eaneros e Qual Moda Faz a sua Cabe\u00e7a.<\/p>\n<p>O evento apresenta novas vis\u00f5es do cen\u00e1rio atual, com bate-papo e discuss\u00f5es de assuntos de extrema import\u00e2ncia para a sociedade. Na programa\u00e7\u00e3o, tamb\u00e9m abrange a parte cultural, com a realiza\u00e7\u00e3o de pocket shows e encerramento dia 25 de novembro com grupo de Capoeira Mangang\u00e1. O Shopping Piedade \u00e9 certificado com o Selo da Diversidade \u00c9tnico-Racial e assume o compromisso com a sociedade soteropolitana de promover a\u00e7\u00f5es de combate ao racismo, apoio a programas de primeiro emprego, al\u00e9m de a\u00e7\u00f5es de marketing que promovam conscientiza\u00e7\u00e3o e respeito a toda e qualquer diversidade voltadas para a comunidade, parceiros e fornecedores.<\/p>\n<p><strong>Confira a programa\u00e7\u00e3o completa abaixo:<\/strong><\/p>\n<p>Confira a programa\u00e7\u00e3o completa abaixo:<\/p>\n<p>20\/11 (segunda-feira)<\/p>\n<p>Tema: Mulher Negra e Africanidades<br \/>\n16h &#8211; Bate \u2013 papo: Dr\u00aa Zelinda Barros (Antrop\u00f3loga e Doutora em Estudos \u00c9tnicos e Africanos da Universidade Federal da Bahia), Juliana Ribeiro (Cantora e Historiadora), Milena Nascimento (Instituto Awure S\u00e3o Paulo) e Major Denice Santiago (Idealizadora do Projeto Roda Maria da Penha e ganhadora do Pr\u00eamio da Revista Cl\u00e1udia)<\/p>\n<p>17h \u2013 Pocket Show \u2013 DjNai Sena<\/p>\n<p>21\/11 (ter\u00e7a-feira)<\/p>\n<p>Tema: Religiosidade<br \/>\n16h &#8211; Bate-papo: Lindinalva de Paula (Rede de Mulheres Negras da Bahia\/ Coletivo Abayomi), Gic\u00e9lia Cruz (Historiadora e Te\u00f3loga \u2013 Coletivo CUXI Di\u00e1spora Africana) e Nane Peruana Filha de Xang\u00f4<\/p>\n<p>17h \u2013 Pocket Show &#8211; Nane Peruana Filha de Xang\u00f4<\/p>\n<p>22\/11 (quarta-feira)<\/p>\n<p>Tema: Teatro Negro da Bahia, Cultura e Neg\u00f3cios<br \/>\n16h \u2013 Bate-papo: J\u00fa Louren\u00e7o (Atriz e Pedagoga), Emillie Lapa (Atriz e Cantora) e Luciane Neves.<\/p>\n<p>17h \u2013 Pocket Show &#8211; Emillie Lapa<\/p>\n<p>23\/11 (quinta-feira)<\/p>\n<p>Tema: Diversidade<br \/>\n16h \u2013 Bate-papo: Dr\u00aa Carlos Porcino (Psic\u00f3loga Cl\u00ednica, Transativista volunt\u00e1ria do Grupo Gay da Bahia, Mestra em Estudos Interdisciplinares da UFBA), L\u00edvia Ferreira (Administradora &#8211; Produtora Cultural &#8211; Coletivo LesbiBahia), Thiffany Odara (Mulher Trans &#8211; Pedagoga formada pela Universidade do Estado da Bahia) e Lili Gon\u00e7alves.<\/p>\n<p>17h \u2013 Pocket Show &#8211; Lili Gon\u00e7alves<\/p>\n<p>24\/11 (sexta-feira)<\/p>\n<p>Tema: Qual A Moda Que Faz Sua Cabe\u00e7a?<br \/>\n16h \u2013 Bate-papo: Marla Brasil (Modelo Plus Size &#8211; Coletivo Vai ter Gorda), Madalena Bispo (Mad\u00e1Negrif &#8211; Designer de Moda) e Negro Davi (Rapper e S\u00f3cio da Crespossim Salvador)<\/p>\n<p>17h \u2013 Pocket Show &#8211; Rapper Negro Davi<\/p>\n<p>25\/11 (s\u00e1bado)<\/p>\n<p>14h \u00e0s 17h &#8211; Espa\u00e7o Cultural &#8211; Grupo de Capoeira Mangang\u00e1<\/p>\n<p>Mediadora dos bate-papos: Dina Lopez TV Kirimur\u00ea<br \/>\nServi\u00e7o<br \/>\nSemana da Consci\u00eancia Negra\u2013 Shopping Piedade<br \/>\nOnde: Pra\u00e7a de Eventos do Shopping Piedade (Piso L4)<br \/>\nQuando: De 20 de novembro at\u00e9 o dia 25 de novembro<br \/>\nHor\u00e1rio: de segunda a sexta, das 16h \u00e0s 18h e s\u00e1bado, das 14h \u00e0s 17h<br \/>\nEvento gratuito<\/p>\n","protected":false},"excerpt":{"rendered":"<p>O Shopping Piedade realiza na pr\u00f3xima semana, entre segunda (20) e s\u00e1bado (25) , a Semana da Consci\u00eancia Negra \u2013 Discutindo Futuros, no piso L4, com [&hellip;]<\/p>\n","protected":false},"author":1,"featured_media":13376,"comment_status":"open","ping_status":"open","sticky":false,"template":"","format":"image","meta":{"footnotes":""},"categories":[80,16],"tags":[1526],"class_list":["post-13375","post","type-post","status-publish","format-image","has-post-thumbnail","hentry","category-home","category-me-jogo","tag-dai-sena","post_format-post-format-image"],"_links":{"self":[{"href":"https:\/\/blogs.correio24horas.com.br\/mesalte\/wp-json\/wp\/v2\/posts\/13375","targetHints":{"allow":["GET"]}}],"collection":[{"href":"https:\/\/blogs.correio24horas.com.br\/mesalte\/wp-json\/wp\/v2\/posts"}],"about":[{"href":"https:\/\/blogs.correio24horas.com.br\/mesalte\/wp-json\/wp\/v2\/types\/post"}],"author":[{"embeddable":true,"href":"https:\/\/blogs.correio24horas.com.br\/mesalte\/wp-json\/wp\/v2\/users\/1"}],"replies":[{"embeddable":true,"href":"https:\/\/blogs.correio24horas.com.br\/mesalte\/wp-json\/wp\/v2\/comments?post=13375"}],"version-history":[{"count":3,"href":"https:\/\/blogs.correio24horas.com.br\/mesalte\/wp-json\/wp\/v2\/posts\/13375\/revisions"}],"predecessor-version":[{"id":13395,"href":"https:\/\/blogs.correio24horas.com.br\/mesalte\/wp-json\/wp\/v2\/posts\/13375\/revisions\/13395"}],"wp:featuredmedia":[{"embeddable":true,"href":"https:\/\/blogs.correio24horas.com.br\/mesalte\/wp-json\/wp\/v2\/media\/13376"}],"wp:attachment":[{"href":"https:\/\/blogs.correio24horas.com.br\/mesalte\/wp-json\/wp\/v2\/media?parent=13375"}],"wp:term":[{"taxonomy":"category","embeddable":true,"href":"https:\/\/blogs.correio24horas.com.br\/mesalte\/wp-json\/wp\/v2\/categories?post=13375"},{"taxonomy":"post_tag","embeddable":true,"href":"https:\/\/blogs.correio24horas.com.br\/mesalte\/wp-json\/wp\/v2\/tags?post=13375"}],"curies":[{"name":"wp","href":"https:\/\/api.w.org\/{rel}","templated":true}]}}