{"id":13366,"date":"2017-11-17T07:19:46","date_gmt":"2017-11-17T10:19:46","guid":{"rendered":"http:\/\/blogs.correio24horas.com.br\/mesalte\/?p=13366"},"modified":"2017-11-17T17:20:04","modified_gmt":"2017-11-17T20:20:04","slug":"comeca-nesta-sexta-17-bazar-online-com-pecas-da-cantora-ivete-sangalo","status":"publish","type":"post","link":"https:\/\/blogs.correio24horas.com.br\/mesalte\/comeca-nesta-sexta-17-bazar-online-com-pecas-da-cantora-ivete-sangalo\/","title":{"rendered":"Come\u00e7a nesta sexta (17) bazar online com pe\u00e7as da cantora Ivete Sangalo"},"content":{"rendered":"<p class=\"bodytext\">Come\u00e7a nesta sexta-feira (17) e vai at\u00e9 o domingo (19) o Bazar Ivete Sangalo. Os f\u00e3s da cantora poder\u00e3o comprar desde figurinos usados em shows e campanhas publicit\u00e1rias at\u00e9 roupas do dia a dia, como camisetas, vestidos e acess\u00f3rios.\u00a0 Conforme divulgado\u00a0<a href=\"http:\/\/www.correio24horas.com.br\/noticia\/nid\/bazar-de-ivete-sangalo-sera-online-e-tera-figurinos-e-pecas-pessoais-da-cantora\/\">pela Coluna VIP<\/a>, toda a venda ir\u00e1 ocorrer no site\u00a0<a href=\"http:\/\/www.bazarivetesangalo.com\/\" target=\"_blank\">www.bazarivetesangalo.com<\/a>.<\/p>\n<p class=\"bodytext\">Quem quiser conferir os modelitos poder\u00e1 ir na pop up que ser\u00e1 montada no terceiro piso do Shopping da Bahia. Mas o lugar &#8211;\u00a0<a href=\"http:\/\/www.correio24horas.com.br\/noticia\/nid\/bazar-ivete-sangalo-tem-projeto-de-decoracao-de-bianca-coelho-e-carol-sangalo\/\">que tem decora\u00e7\u00e3o assinada por Carol Sangalo e Bianca Coelho<\/a>\u00a0&#8211; vai ter somente uma \u2018exposi\u00e7\u00e3o\u2019 das pe\u00e7as. Todo o valor arrecadado com as vendas ser\u00e1 doado para institui\u00e7\u00f5es que realizam trabalhos sociais no pa\u00eds.<\/p>\n<p class=\"bodytext\">Irm\u00e3 de Ivete, C\u00edntia Sangalo informou que ser\u00e1 poss\u00edvel, para quem mora em Salvador, depois de comprar pelo site retirar a pe\u00e7a na loja f\u00edsica.\u00a0Figurinos marcantes da carreira de Ivete Sangalo, looks utilizados em apari\u00e7\u00f5es nos mais diversos eventos e at\u00e9 pe\u00e7as do acervo pessoal da artista est\u00e3o reunidos no bazar.<\/p>\n<p class=\"bodytext\">O bazar \u00e9 organizado pela Iessi Music, produtora que gerencia a carreira da artista. O evento conta com os apoios do Shopping da Bahia, Click Interativo, Inovam\u00eddia Creative Agency, Uranus 2, Bigraf, Puro Fricote, MT Home Wear, CNC Gr\u00e1fica, Bespoke Life, Ateli\u00ea Dedo de Mo\u00e7a, Avatim, Fortiori Camisetas, Duas Produ\u00e7\u00f5es, Maria Maria Lavagem a Seco, Schin, Chat Noir Produ\u00e7\u00f5es, Digita, Bianca Coelho &amp; Carol Sangalo Interior Design, Banzai Molduras, Vibboni Ambientes, Irm\u00e3os Queiroz, Divina Parede, Artenele, Com a cola toda, Vinhos Rio Sol, Casa de Vinhas, Ginno Larry, Total Comunica\u00e7\u00e3o Integrada, JME Sapataria, Potelier, Plot Sign, DJ Raffa Mattei, Jade Show Room, Nove e Noventa, Vila Bambini.<\/p>\n","protected":false},"excerpt":{"rendered":"<p>Come\u00e7a nesta sexta-feira (17) e vai at\u00e9 o domingo (19) o Bazar Ivete Sangalo. Os f\u00e3s da cantora poder\u00e3o comprar desde figurinos usados em shows e [&hellip;]<\/p>\n","protected":false},"author":1,"featured_media":13367,"comment_status":"open","ping_status":"open","sticky":false,"template":"","format":"image","meta":{"footnotes":""},"categories":[26],"tags":[1524,967],"class_list":["post-13366","post","type-post","status-publish","format-image","has-post-thumbnail","hentry","category-me-inspiro","tag-bazar-ivete","tag-ivete","post_format-post-format-image"],"_links":{"self":[{"href":"https:\/\/blogs.correio24horas.com.br\/mesalte\/wp-json\/wp\/v2\/posts\/13366","targetHints":{"allow":["GET"]}}],"collection":[{"href":"https:\/\/blogs.correio24horas.com.br\/mesalte\/wp-json\/wp\/v2\/posts"}],"about":[{"href":"https:\/\/blogs.correio24horas.com.br\/mesalte\/wp-json\/wp\/v2\/types\/post"}],"author":[{"embeddable":true,"href":"https:\/\/blogs.correio24horas.com.br\/mesalte\/wp-json\/wp\/v2\/users\/1"}],"replies":[{"embeddable":true,"href":"https:\/\/blogs.correio24horas.com.br\/mesalte\/wp-json\/wp\/v2\/comments?post=13366"}],"version-history":[{"count":1,"href":"https:\/\/blogs.correio24horas.com.br\/mesalte\/wp-json\/wp\/v2\/posts\/13366\/revisions"}],"predecessor-version":[{"id":13368,"href":"https:\/\/blogs.correio24horas.com.br\/mesalte\/wp-json\/wp\/v2\/posts\/13366\/revisions\/13368"}],"wp:featuredmedia":[{"embeddable":true,"href":"https:\/\/blogs.correio24horas.com.br\/mesalte\/wp-json\/wp\/v2\/media\/13367"}],"wp:attachment":[{"href":"https:\/\/blogs.correio24horas.com.br\/mesalte\/wp-json\/wp\/v2\/media?parent=13366"}],"wp:term":[{"taxonomy":"category","embeddable":true,"href":"https:\/\/blogs.correio24horas.com.br\/mesalte\/wp-json\/wp\/v2\/categories?post=13366"},{"taxonomy":"post_tag","embeddable":true,"href":"https:\/\/blogs.correio24horas.com.br\/mesalte\/wp-json\/wp\/v2\/tags?post=13366"}],"curies":[{"name":"wp","href":"https:\/\/api.w.org\/{rel}","templated":true}]}}