{"id":13330,"date":"2017-11-14T08:12:29","date_gmt":"2017-11-14T11:12:29","guid":{"rendered":"http:\/\/blogs.correio24horas.com.br\/mesalte\/?p=13330"},"modified":"2017-11-14T08:12:50","modified_gmt":"2017-11-14T11:12:50","slug":"afro-fashion-day-celebra-consciencia-negra-com-desfile-oficinas-e-bate-papo-confira-programacao","status":"publish","type":"post","link":"https:\/\/blogs.correio24horas.com.br\/mesalte\/afro-fashion-day-celebra-consciencia-negra-com-desfile-oficinas-e-bate-papo-confira-programacao\/","title":{"rendered":"Afro Fashion Day celebra consci\u00eancia negra com desfile, oficinas e bate papo; confira programa\u00e7\u00e3o"},"content":{"rendered":"<p>O Afro Fashion Day (AFD) chega \u00e0 sua terceira edi\u00e7\u00e3o em 2017 no pr\u00f3ximo s\u00e1bado, dia 18, e vem maior, com uma programa\u00e7\u00e3o que come\u00e7a \u00e0s 9h e termina depois do esperado desfile, marcado para as 18h. O evento criado pelo jornal CORREIO para celebrar o m\u00eas da Consci\u00eancia Negra, dando visibilidade para modelos negros, a cultura afrobrasileira e os trabalhos de marcas locais, vai levar cerca de 3 mil pessoas ao Porto Salvador Eventos (Com\u00e9rcio). A entrada \u00e9 apenas 1 kg de alimento n\u00e3o-perec\u00edvel e est\u00e1 sujeita \u00e0 lota\u00e7\u00e3o do espa\u00e7o. As doa\u00e7\u00f5es ser\u00e3o destinadas ao Mesa Brasil Sesc.<\/p>\n<p>O p\u00fablico ter\u00e1 acesso \u00e0 uma variada programa\u00e7\u00e3o, que inclui uma exposi\u00e7\u00e3o fotogr\u00e1fica, bate-papos, palestra e shows. Uma pra\u00e7a de alimenta\u00e7\u00e3o e uma loja colaborativa com 16 marcas de moda, arte e decora\u00e7\u00e3o completam a lista de atrativos. As atividades come\u00e7am \u00e0s 9h. \u201cMais do que um momento de moda, o Afro Fashion Day busca fomentar diversas oportunidades no \u00e2mbito econ\u00f4mico e cultural de Salvador\u201d, destaca Roberto Gazzi, diretor executivo do CORREIO.<\/p>\n<p>Realizado com apoio institucional da Saltur e da Prefeitura Municipal de Salvador, patroc\u00ednio da Avon e apoio do Senac, Vizzano, Bellacor Est\u00e9tica, Sebrae e Ebam, o Afro Fashion Day 2017 ter\u00e1 como tema Os Quatro Elementos da Natureza. \u00c1gua, Fogo, Terra e Ar ser\u00e3o traduzidos na figura geom\u00e9trica do tri\u00e2ngulo, marca registrada do AFD, que aparece na programa\u00e7\u00e3o visual dos tr\u00eas andares do Porto Salvador Eventos. \u201cA partir dessa representa\u00e7\u00e3o gr\u00e1fica e da simbologia dos quatro elementos, criamos a campanha e a programa\u00e7\u00e3o visual. Toda a decora\u00e7\u00e3o passa por isso e por quatro tonalidades da paleta de cores de moda Primavera-Ver\u00e3o escolhidas pela Pantone para 2018\u201d, revela Gabriela Cruz, editora de conte\u00fado de projetos do Jornal Correio e curadora do Afro Fashion Day.<\/p>\n<p><img loading=\"lazy\" decoding=\"async\" class=\"aligncenter size-large wp-image-13331\" src=\"https:\/\/blogs.correio24h.com.br\/mesalte\/wp-content\/uploads\/2017\/11\/afd-683x1024.jpg\" alt=\"afd\" width=\"683\" height=\"1024\" srcset=\"https:\/\/blogs.correio24h.com.br\/mesalte\/wp-content\/uploads\/2017\/11\/afd-683x1024.jpg 683w, https:\/\/blogs.correio24h.com.br\/mesalte\/wp-content\/uploads\/2017\/11\/afd-200x300.jpg 200w, https:\/\/blogs.correio24h.com.br\/mesalte\/wp-content\/uploads\/2017\/11\/afd-768x1151.jpg 768w, https:\/\/blogs.correio24h.com.br\/mesalte\/wp-content\/uploads\/2017\/11\/afd-97x146.jpg 97w, https:\/\/blogs.correio24h.com.br\/mesalte\/wp-content\/uploads\/2017\/11\/afd-33x50.jpg 33w, https:\/\/blogs.correio24h.com.br\/mesalte\/wp-content\/uploads\/2017\/11\/afd-50x75.jpg 50w, https:\/\/blogs.correio24h.com.br\/mesalte\/wp-content\/uploads\/2017\/11\/afd.jpg 854w\" sizes=\"auto, (max-width: 683px) 100vw, 683px\" \/><\/p>\n<p><strong>Desfile<\/strong><br \/>\nNa passarela, o tema vir\u00e1 atrav\u00e9s de um show fashion coordenado pela diretora art\u00edstica do desfile, Nara Couto, respons\u00e1vel por unir os olhares do VJ Gabiru, do DJ Telefunksoul, do produtor de moda Fagner Bispo e da companhia de dan\u00e7a Lekan Dance, coordenada pelo bailarino Ed Cruz. \u201cPraticamente triplicamos o n\u00famero de looks desde a primeira edi\u00e7\u00e3o, em 2015, chegando a 100 pessoas desfilando\u201d, comemora Fagner, que est\u00e1 no projeto desde sua primeira edi\u00e7\u00e3o. Outro veterano do AFD, Dino Neto assinar\u00e1 a beleza pelo terceiro ano, comandando uma equipe de 10 profissionais, formada por Mario Moraes, Luiz Santana, Romario Arag\u00e3o, Deivson Esquivel, Marcos Junquilho, Alberto Alves, Vinicius Teles, Rose Brito, Val\u00e9cio Santos e Joab Rocha.<\/p>\n<p>Para chegar aos 100 looks desse ano, o Afro Fashion Day contou com a criatividade de 41 marcas baianas &#8211; seis estreantes no evento (Jo\u00e3o Damapeju, Jorge Nascimento, L\u00fa Samarato, Negaful\u00f4, Rey Vilas Boas e Soul Dila &#8211; de roupas, bijuterias, bolsas, turbantes e at\u00e9 de boneca de pano, al\u00e9m da participa\u00e7\u00e3o do projeto Bahia Revolu\u00e7\u00f5es Criativas, do Instituto ACM. Os sapatos s\u00e3o da Vizzano, Mersan Cal\u00e7ados e Melissa (da Clube Melissa do Shopping da Bahia). A produ\u00e7\u00e3o das pe\u00e7as foi acompanhada por Fagner, que dividiu o desfile em quatro blocos, de acordo com o elemento. O criativo, que \u00e9 estilista, tamb\u00e9m assina algumas roupas que estar\u00e3o na passarela.<\/p>\n<p>Escolheram a \u00c1gua as marcas Carol Barreto, Crioula, Jeferson Ribeiro, Meninos Rei, Negrif, Soul Dila, T Camisetaria e Tempt. Terra vir\u00e1 atrav\u00e9s de pe\u00e7as de Al\u00e1dio Marques, Ateli\u00ea Casalinda, Black Atitude, \u2018Com Amor, Dora\u2019, Euzaria, L\u00fa Samarato, Luciana Gale\u00e3o e Porto de Biqu\u00edni. O Ar foi a inspira\u00e7\u00e3o de inCid, Closet Clothing, Jo\u00e3o Damapeju, Jorge Nascimento, Katuka Africanidades, M\u00f4nica Anjos e Soudam. E o Fogo de Adriana Meira Atelier, Cynd Biqu\u00ednis, Goya Lopes, Moringa Label, N Black e Rey Vilas Boas. As marcas de acess\u00f3rios criaram pe\u00e7as pra os quatro elementos. S\u00e3o elas: Boutique Negral\u00e1, By Aninha, C\u00e2ndida Specht, Erika Rigaud, Kelba Varj\u00e3o Deluxe, Negaful\u00f4 (bonecas), Outerelas, Preta Brasil, Sonbrille (\u00f3culos), Sou Diva &#8211; T\u00e1 bom pra Voc\u00ea e Turbanque.<\/p>\n<p><img loading=\"lazy\" decoding=\"async\" class=\"aligncenter size-large wp-image-13332\" src=\"https:\/\/blogs.correio24h.com.br\/mesalte\/wp-content\/uploads\/2017\/11\/afd2-683x1024.jpg\" alt=\"afd2\" width=\"683\" height=\"1024\" srcset=\"https:\/\/blogs.correio24h.com.br\/mesalte\/wp-content\/uploads\/2017\/11\/afd2-683x1024.jpg 683w, https:\/\/blogs.correio24h.com.br\/mesalte\/wp-content\/uploads\/2017\/11\/afd2-200x300.jpg 200w, https:\/\/blogs.correio24h.com.br\/mesalte\/wp-content\/uploads\/2017\/11\/afd2-768x1151.jpg 768w, https:\/\/blogs.correio24h.com.br\/mesalte\/wp-content\/uploads\/2017\/11\/afd2-97x146.jpg 97w, https:\/\/blogs.correio24h.com.br\/mesalte\/wp-content\/uploads\/2017\/11\/afd2-33x50.jpg 33w, https:\/\/blogs.correio24h.com.br\/mesalte\/wp-content\/uploads\/2017\/11\/afd2-50x75.jpg 50w, https:\/\/blogs.correio24h.com.br\/mesalte\/wp-content\/uploads\/2017\/11\/afd2.jpg 854w\" sizes=\"auto, (max-width: 683px) 100vw, 683px\" \/><\/p>\n<p>Os 100 looks ser\u00e3o desfilados por modelos selecionados em 9 ag\u00eancias da cidade \u2013 Bi Produ\u00e7\u00f5es, Mega Model Bahia, Merci Models, Model Club Agency, One Models, PJT Models, Ra\u00ed Silva Assessoria de Modelo, Suellen Massena e Xtreme \u2013, por oito jovens escolhidos em cinco seletivas realizadas pelo CORREIO e convidados. S\u00e3o eles os m\u00fasicos Rafa Dias, do Attoxxa, e Lu\u00e3 Faya, do Clube do Ragga, o DJ Raiz e o produtor cultural Uran Rodrigues. A terceira edi\u00e7\u00e3o consolida o AFD como vitrine das produ\u00e7\u00f5es baianas, valorizando o trabalho local, al\u00e9m de ser expoente para os modelos. \u201cA ideia \u00e9 promover experi\u00eancia atrav\u00e9s de outras linguagens, al\u00e9m da not\u00edcia. O projeto inclui m\u00fasica, dan\u00e7a, comportamento com \u00e1pice no desfile\u201d, afirma F\u00e1bio G\u00f3is, gerente de Marketing e M\u00eddias Digitais do CORREIO.<\/p>\n<p><strong>Revolu\u00e7\u00f5es Criativas<\/strong><br \/>\nProfissionais de moda e da arte que participam como estudantes do projeto Bahia Revolu\u00e7\u00f5es Criativas (BRV), do Instituto ACM, tamb\u00e9m ter\u00e3o suas produ\u00e7\u00f5es criadas nas aulas do curso Armaz\u00e9m da Moda na passarela da terceira edi\u00e7\u00e3o do AFD. Roupas da Abanto, Majestafro, Thereza Rodrigues e acess\u00f3rios de Meire Cabral, Sert\u00e3o Baiano e Relic\u00e1rio Ateli\u00ea ser\u00e3o vistas pelo p\u00fablico no desfile. De jaquetas trabalhadas com chita \u00e0 reutiliza\u00e7\u00e3o de jeans e couro, passando pelo reaproveitamento de linhas que seriam jogadas fora, os artes\u00e3os, costureiras, estilistas e artistas do projeto constru\u00edram pe\u00e7as \u00fanicas e sustent\u00e1veis que passaram pela curadoria do produtor de moda do AFD, Fagner Bispo. Os produtos tamb\u00e9m estar\u00e3o dispon\u00edveis para venda na Feira Colaborativa que integra o evento.<\/p>\n<p><img loading=\"lazy\" decoding=\"async\" class=\"aligncenter size-large wp-image-13333\" src=\"https:\/\/blogs.correio24h.com.br\/mesalte\/wp-content\/uploads\/2017\/11\/afd3-683x1024.jpg\" alt=\"afd3\" width=\"683\" height=\"1024\" srcset=\"https:\/\/blogs.correio24h.com.br\/mesalte\/wp-content\/uploads\/2017\/11\/afd3-683x1024.jpg 683w, https:\/\/blogs.correio24h.com.br\/mesalte\/wp-content\/uploads\/2017\/11\/afd3-200x300.jpg 200w, https:\/\/blogs.correio24h.com.br\/mesalte\/wp-content\/uploads\/2017\/11\/afd3-768x1151.jpg 768w, https:\/\/blogs.correio24h.com.br\/mesalte\/wp-content\/uploads\/2017\/11\/afd3-97x146.jpg 97w, https:\/\/blogs.correio24h.com.br\/mesalte\/wp-content\/uploads\/2017\/11\/afd3-33x50.jpg 33w, https:\/\/blogs.correio24h.com.br\/mesalte\/wp-content\/uploads\/2017\/11\/afd3-50x75.jpg 50w, https:\/\/blogs.correio24h.com.br\/mesalte\/wp-content\/uploads\/2017\/11\/afd3.jpg 854w\" sizes=\"auto, (max-width: 683px) 100vw, 683px\" \/><\/p>\n<p>\u201cOs cursos promovidos pela BRV s\u00e3o gratuitos e voltados para pessoas de todas as comunidades de Salvador. Estamos capacitando cortadores, costureiras, designers, alfaiates, com encontros semanais. O foco do projeto \u00e9 o fomento e a requalifica\u00e7\u00e3o de profissionais da \u00e1rea de economia criativa\u201d, conta Lili Bi\u00e3o, da equipe de comunica\u00e7\u00e3o do Instituto ACM. Luciana Gale\u00e3o, designer h\u00e1 20 anos e dona da marca que leva o seu nome, orienta o grupo. Para ela, exibir estas roupas e acess\u00f3rios no AFD \u201csurge como uma oportunidade\u201d para que essas pessoas possam expor suas cria\u00e7\u00f5es em um evento de grande porte. \u201cOs estudantes ter\u00e3o ainda acesso ao backstage do Afro Fashion Day, o que \u00e9 muito bacana\u201d, destaca.<\/p>\n<p><strong>Asas Urbanas<\/strong><br \/>\nLogo na chegada do AFD, no t\u00e9rreo, o p\u00fablico encontrar\u00e1 a exposi\u00e7\u00e3o Asas Urbanas, que teve tr\u00eas editoriais e produ\u00e7\u00e3o assinada por Paula Magalh\u00e3es, editora do caderno BAZAR, do CORREIO, e Leo Amaral, produtor de moda do suplemento. Na escolha dos cen\u00e1rios, nada que fosse \u00f3bvio. \u201cQuer\u00edamos fugir dos pontos tur\u00edsticos, dos lugares que j\u00e1 s\u00e3o superconhecidos\u201d, conta Amaral. A beleza \u00e9 assinada pelo maquiador Kal Nascimento, que h\u00e1 tr\u00eas anos venceu o concurso Desafio de Beleza, do canal GNT. O casting de modelos &#8211; foram 3 para cada ensaio &#8211; foi todo da ag\u00eancia One Models.<\/p>\n<p>O primeiro editorial foi feito pelo fot\u00f3grafo Og Marcelo e teve como tema o apocalipse. Do alto de um pr\u00e9dio no Rio Vermelho, com muitas antenas e cores s\u00f3brias, os modelos Gabriel Pitta, Carlos Cruz e Edilene Zurc trajavam apenas roupas de tons escuros das marcas Al\u00e1dio Marques, Black Atitude, Euzaria e L\u00fa Samarato. \u201cUsamos verde musgo, marrom. Os florais tinham fundo preto\u201d, explica Leo. Na maquiagem, riscos brancos expressam esp\u00edrito guerreiro e for\u00e7a.<\/p>\n<p><img loading=\"lazy\" decoding=\"async\" class=\"aligncenter size-large wp-image-13334\" src=\"https:\/\/blogs.correio24h.com.br\/mesalte\/wp-content\/uploads\/2017\/11\/afd4-1024x683.jpg\" alt=\"afd4\" width=\"1024\" height=\"683\" srcset=\"https:\/\/blogs.correio24h.com.br\/mesalte\/wp-content\/uploads\/2017\/11\/afd4-1024x683.jpg 1024w, https:\/\/blogs.correio24h.com.br\/mesalte\/wp-content\/uploads\/2017\/11\/afd4-300x200.jpg 300w, https:\/\/blogs.correio24h.com.br\/mesalte\/wp-content\/uploads\/2017\/11\/afd4-768x512.jpg 768w, https:\/\/blogs.correio24h.com.br\/mesalte\/wp-content\/uploads\/2017\/11\/afd4-219x146.jpg 219w, https:\/\/blogs.correio24h.com.br\/mesalte\/wp-content\/uploads\/2017\/11\/afd4-50x33.jpg 50w, https:\/\/blogs.correio24h.com.br\/mesalte\/wp-content\/uploads\/2017\/11\/afd4-112x75.jpg 112w, https:\/\/blogs.correio24h.com.br\/mesalte\/wp-content\/uploads\/2017\/11\/afd4.jpg 1280w\" sizes=\"auto, (max-width: 1024px) 100vw, 1024px\" \/><\/p>\n<p>Fotografado no Com\u00e9rcio, os cliques do segundo editorial ficaram por conta de Renato Santana. O cen\u00e1rio carregava tons cinzentos, quase nublados. Para contrastar, muita cor nas roupas da estilista Adriana Meira usada pelos modelos \u00c1tina Ulle, Vagner Souza e Sued Ellen. O destaque da maquiagem fica por conta dos l\u00e1bios: bocas supercoloridas, em tons fortes.<\/p>\n<p>A \u00faltima parada foi no Teatro Castro Alves (TCA), localizado no Campo Grande. Focando na arquitetura modernista, o ensaio teve o minimalismo como foco. \u201cTodas as roupas eram brancas e azuis. Quer\u00edamos trazer leveza para combinar com a est\u00e9tica do teatro\u201d, observa o produtor. Fotografados por Lucas Assis, os modelos Noriah Santos, Rafael Costa e Layza Silva usaram maquiagem b\u00e1sica e discreta e vestiram Jo\u00e3o Damapeju, Jorge Nascimento, Kelba Deluxe, Outerelas, Soudam e Tempt.<\/p>\n<p><strong>Papo AFD<\/strong><br \/>\nNo espa\u00e7o Papo AFD, no 2\u00ba piso do edif\u00edcio, v\u00e3o ocorrer seis bate-papos com nomes como os estilistas Renato Carneiro (Katuka Africanidades) e Goya Lopes, o publicit\u00e1rio Paulo Rog\u00e9rio \u2013 co-fundador da aceleradora de neg\u00f3cios Vale Dend\u00ea -, a jornalista Ana Fernanda Souza, do coletivo Justa Moda, a especialista em bioqu\u00edmica est\u00e9tica Josiane Marques de Sena Popoff &#8211; convidada pela Bellacor Est\u00e9tica, cl\u00ednica voltada para o cuidado da pele negra \u2013, a estilista Mad\u00e1 Negrif, a maquiadora Maili Santos e o artista visual Yosh Jos\u00e9, trazidos pela Escola Baiana de Arte e Moda (EBAM).<\/p>\n<p><img loading=\"lazy\" decoding=\"async\" class=\"aligncenter size-large wp-image-13335\" src=\"https:\/\/blogs.correio24h.com.br\/mesalte\/wp-content\/uploads\/2017\/11\/afd5-1024x682.jpg\" alt=\"afd5\" width=\"1024\" height=\"682\" srcset=\"https:\/\/blogs.correio24h.com.br\/mesalte\/wp-content\/uploads\/2017\/11\/afd5-1024x682.jpg 1024w, https:\/\/blogs.correio24h.com.br\/mesalte\/wp-content\/uploads\/2017\/11\/afd5-300x200.jpg 300w, https:\/\/blogs.correio24h.com.br\/mesalte\/wp-content\/uploads\/2017\/11\/afd5-768x512.jpg 768w, https:\/\/blogs.correio24h.com.br\/mesalte\/wp-content\/uploads\/2017\/11\/afd5-219x146.jpg 219w, https:\/\/blogs.correio24h.com.br\/mesalte\/wp-content\/uploads\/2017\/11\/afd5-50x33.jpg 50w, https:\/\/blogs.correio24h.com.br\/mesalte\/wp-content\/uploads\/2017\/11\/afd5-113x75.jpg 113w, https:\/\/blogs.correio24h.com.br\/mesalte\/wp-content\/uploads\/2017\/11\/afd5.jpg 1280w\" sizes=\"auto, (max-width: 1024px) 100vw, 1024px\" \/><\/p>\n<p><strong>Confira a programa\u00e7\u00e3o:<\/strong><br \/>\n10h50 \u2013 Fashionismo com Tradi\u00e7\u00e3o e Identidade, com a estilista Mad\u00e1 Negrif (oferecimento Ebam \u2013 Escola Baiana de Arte e Moda)<br \/>\n11h40 \u2013 Sustentabilidade na moda e o Fashion Revolution, com jornalista Ana Fernanda Souza, articuladora do Coletivo Justa Moda<br \/>\n12h30 \u2013 A Ind\u00fastria da Maquiagem Entende Mesmo desse Riscado?, com a maquiadora Maili Santos (oferecimento Ebam \u2013 Escola Baiana de Arte e Moda)<br \/>\n13h20 \u2013 Moda, Afroempreendedorismo e Economia Criativa, com designer Goya Lopes (Goya Lopes Design Brasileiro), Paulo Rog\u00e9rio Nunes (da aceleradora de neg\u00f3cios Vale Dend\u00ea) e o estilista Renato Carneiro (Katuka Africanidades)<br \/>\n14h10 \u2013 Particularidades da Pele Negra, com a especialista em dent\u00edstica e bioqu\u00edmica est\u00e9tica, Josiane Popoff, membro da Sociedade Americana de Peles Negras (oferecimento BellaCor Est\u00e9tica)<br \/>\n15h \u2013 A Interse\u00e7\u00e3o da Arte e Moda na Contemporaneidade, com o artista visual Yosh Jos\u00e9 (oferecimento Ebam \u2013 Escola Baiana de Arte e Moda)<\/p>\n<p><strong>Avon Apresenta<\/strong><br \/>\nDuas horas antes do desfile, a passarela ser\u00e1 palco outro importante momento. \u00c0s 16h, a Avon, patrocinadora do AFD, apresentar\u00e1 o debate &#8220;Empoderamento e Empreendedorismo Feminino\u201d, com Ana Fontes, fundadora da Rede Mulher Empreendedora, a professora Ivete Sacramento, Secret\u00e1ria Municipal da Repara\u00e7\u00e3o Racial, e Maria Coelho, Gerente Divisional de Vendas da Avon. O encontro, para 150 pessoas, ser\u00e1 aberto ao p\u00fablico.<\/p>\n<p><strong>SOM AFD<\/strong><br \/>\nHip hop, rhythm and blues, funk e pagod\u00e3o n\u00e3o faltar\u00e3o na trilha sonora do Afro Fashion Day. \u00c9 o que prometem a Banda Rua 06 e os djs Jack Nascimento, da festa Batekoo, e Raiz, que se apresentar\u00e3o no evento. Eles ficar\u00e3o de 13h \u00e0s 18h no 1\u00ba piso, animando o p\u00fablico na pra\u00e7a de alimenta\u00e7\u00e3o, antes de Telefunksoul entrar em cena para embalar o desfile, \u00e0s 18h.<\/p>\n<p>\u201cUm projeto que d\u00e1 visibilidade para o povo preto \u00e9 muito importante. \u00c9 uma celebra\u00e7\u00e3o da consci\u00eancia negra!\u201d, ressalta Jack, que participa pela primeira vez do AFD. Ele \u00e9 um dos respons\u00e1veis pelo movimento cultural e art\u00edstico Batekoo, em Salvador. \u201c\u00c9 resist\u00eancia preta, onde as pessoas v\u00e3o para ser livres e transparecer as ess\u00eancias delas, sem medo de julgamentos\u201d. Para o som, o DJ promete: \u201cN\u00e3o vai faltar Beyonc\u00e9, T\u00e1ssia Reis, Rincon Sapi\u00eancia e La F\u00faria\u201d. Ele toca das 13h \u00e0s 13h40.<\/p>\n<p>Na sequ\u00eancia, a Banda Rua 06 far\u00e1 at\u00e9 15h30, um pocket show autoral. Nid Iceberg e Lucas Garcez criaram a dupla h\u00e1 um ano e ressaltam que estar no Afro ser\u00e1 uma oportunidade para dar visibilidade \u00e0 dupla. \u201cLan\u00e7amos o primeiro single em setembro. Somos do R&amp;B, soul music. Temos essa pegada de black music. O Afro Fashion Day se conecta diretamente com nosso estilo musical\u201d. Eles estar\u00e3o acompanhados do DJ Marinho, que vai comandar as pickups enquanto eles apresentam as composi\u00e7\u00f5es.<\/p>\n<p>Experiente no ramo da moda, o DJ Raiz j\u00e1 foi modelo na adolesc\u00eancia. Convidado para desfilar ao lado dos m\u00fasicos Rafa Dias, do Attoxxa, e Lu\u00e3 Faya, do Clube do Ragga, ele revelou que participar do AFD o far\u00e1 voltar no tempo. \u201cGostei do convite. E, para Salvador, \u00e9 importante ter esse movimento\u201d. Raiz vai tocar de 17h \u00e0s 18h e arrasar nas batidas afro. \u201cPasso pelo afrohouse, kizomba, kuduro, dance hall, funk e samba\u201d, conta o DJ com 15 anos de profiss\u00e3o.<\/p>\n<p><strong>O Pente<\/strong><br \/>\nPara quem quiser esticar a comemora\u00e7\u00e3o, o promoter Uran Rodrigues, um dos convidados para o desfile, assina o baile O Pente, na boate XYZ Salvador, no Rio Vermelho. Para a festa, marcada para \u00e0s 22h, est\u00e3o escalados o DJs Raiz, que ir\u00e1 da passarela do Afro direto para o comando das pickups, o digital influencer John Drops e o djs Maur\u00edcio, conhecido como \u201cFresh Prince da Bahia\u201d e Tia Carol, ambos do Batekoo. \u201c\u00c9 uma festa de Black Music em que celebramos a boa m\u00fasica. E aproveitamos a semana da consci\u00eancia negra, na noite p\u00f3s-AFD, para fazer essa edi\u00e7\u00e3o especial\u201d, disse o idealizador.<\/p>\n<p><strong>AFD Store<\/strong><br \/>\nUma loja colaborativa com produtos Black Atitude, Boutique Negral\u00e1, Crioula, Cynd Biqu\u00ednis, Erika Rigaud Turbantes, Goya Lopes, inCID, Guapa, N Black, Negaful\u00f4, Outerelas, Preta Brasil, Sonbrille, Sou Diva \u2013 T\u00e1 Bom Pra Voc\u00ea?, Rey Vilas Boas, Turbanque e Bahia Revolu\u00e7\u00f5es Criativas, do IACM vai funcionar no piso 2 do Porto Salvador Eventos, das 9h \u00e0s 20h, para quem quiser conhecer e comprar pe\u00e7as das marcas baianas.<\/p>\n<p><strong>Nas redes<\/strong><br \/>\nTanto o Avon Apresenta quanto o desfile do AFD ser\u00e3o transmitidos pelo Facebook do Correio. O momento da passarela tamb\u00e9m poder\u00e1 ser visto pelo site oficial do evento: afrofashionday.com.br. Com isso, o evento aproxima ainda mais o CORREIO do p\u00fablico, que poder\u00e1 comentar os looks e o desfile, ampliando o debate sobre o evento, tanto no espa\u00e7o f\u00edsico quanto no digital.<\/p>\n<p><strong>Seletivas de bairro<\/strong><br \/>\nEm sua terceira edi\u00e7\u00e3o, o Afro Fashion Day abriu espa\u00e7o para jovens baianos concorrerem a vagas em sua passarela. As seletivas aconteceram em cinco bairros da cidade e receberam mais de 500 inscri\u00e7\u00f5es de pessoas de v\u00e1rias localidades, inclusive do interior do estado. A equipe do evento come\u00e7ou o trabalho em 23 de agosto, na sede do Il\u00ea Aiy\u00ea, no Curuzu. De l\u00e1 seguiu, no dia 5 de setembro, para a sede da F\u00e1brica Cultural, institui\u00e7\u00e3o presidida pela cantora Margareth Menezes, no Bonfim. As outras etapas foram realizadas em 20 de setembro, no Restaurante Villa Bahiana, em Itapu\u00e3; em 4 de outubro, no Shopping Cajazeiras, e em 10 de outubro no Centro Cultural Plataforma. As inscri\u00e7\u00f5es para cada etapa foram feitas no site do evento: www.afrofashionday.com.br e s\u00f3 exigiam que as pessoas n\u00e3o fossem contratadas por nenhuma ag\u00eancia de modelos.<\/p>\n<p>A diversidade da juventude negra soteropolitana deu o tom da grande final da seletiva na noite de 30 de outubro, no Goethe-Institut, no Corredor da Vit\u00f3ria. Apenas dois foram escolhidos: Ivan Lima, 17 anos, da Ribeira, e Luciana Dantas, 15, do Trobogy. Ela: plus size. Ele: andr\u00f3geno. Ambos chamaram a aten\u00e7\u00e3o pela firmeza dos passo e beleza marcantes e ganharam a disputa concorrida com outros 29 candidatos. Al\u00e9m do lugar na passarela, os vencedores ganharam dois vouchers no valor de R$ 1 mil, cada, na cl\u00ednica de est\u00e9tica Bellacor, especializada em pele negra, e um ensaio fotogr\u00e1fico com o est\u00fadio de Cl\u00e1udio Colavolpe, fot\u00f3grafo que foi um dos sete jurados da noite, ao lado de Pep\u00ea Santos, booker da ag\u00eancia One Models Bahia, Dani Brugni, modelo, Fagner Bispo, produtor de moda do AFD, Dino Neto, maquiador da TV Bahia, Leo Amaral, produtor de moda do caderno BAZAR e Gabriela Cruz, editora de conte\u00fado de projetos do Jornal Correio e curadora do Afro Fashion Day.<\/p>\n<p>Mas a diversidade de belezas dos baianos falou mais alto e a produ\u00e7\u00e3o do evento do CORREIO decidiu convidar mais seis pessoas para a celebra\u00e7\u00e3o do M\u00eas da Consci\u00eancia Negra. Foram eles: Yulli Falc\u00e3o, 18, que mora em Jacu\u00edpe, Cama\u00e7ari, e participou em Itapu\u00e3; La\u00eds Costa Pereira, 17, que mora em Pau da Lima e participou da seletiva do Curuzu; Diana Silva, 19, moradora do Garcia, que participou da seletiva em Itapu\u00e3; Rafael Costa Santos, 26, morador do Beiru; Evandison Salvador, 26, do Lobato; e Monique Menezes de Lemos, 13, que mora em Mirantes de Periperi, e participou da sele\u00e7\u00e3o de Plataforma.<\/p>\n<p>\u201cAo longo dos meses, tivemos contato com muitas belezas diferentes. Percebemos que seria injusto escolher apenas duas diante de tantas. Na final, olhamos para os 30 \u00faltimos finalistas e observamos aqueles que poderiam melhor representar a diversidade de Salvador. Diante da possibilidade limitada, escolhemos mais seis al\u00e9m dos dois ganhadores\u201d, revela Gabriela Cruz. &#8220;O Afro \u00e9 uma grande passarela que revela novos talentos. Tanto criadores quanto modelos, como foi o caso de Ana Fl\u00e1via, que venceu o concurso da Ford Models. Se pudermos dar oportunidade, faremos nossa parte\u201d, acrescenta Fagner Bispo.<\/p>\n<p>Para F\u00e1bio G\u00f3is, as seletivas de modelos em bairros para o Afro Fashion Day 2017 enriqueceu um projeto que sempre esteve pr\u00f3ximo das comunidades e das pessoas de Salvador. \u201cEle fortalece o papel de protagonista do jornal Correio, criando novas rela\u00e7\u00f5es com o seu leitor, com a sociedade. Colocando em evidencia a beleza local, a cultura e a atitude do soteropolitano, do baiano. Ent\u00e3o \u00e9 uma iniciativa quem vem a somar e fortalecer um projeto que cresce a cada ano\u201d.<\/p>\n<p><strong>Evento premiado<\/strong><br \/>\nEm sua primeira edi\u00e7\u00e3o, em 2015, o Afro Fashion Day ganhou reconhecimento internacional: o projeto ficou em segundo lugar na premia\u00e7\u00e3o da Associa\u00e7\u00e3o Internacional de M\u00eddias Noticiosas (Inma), na categoria melhor uso de um evento para constru\u00e7\u00e3o de uma marca noticiosa, concorrendo com um ve\u00edculo dos Estados Unidos e outro da Austr\u00e1lia. \u201cA Bahia \u00e9 o maior caldo de cultura do Brasil e o CORREIO \u00e9 protagonista nessa hist\u00f3ria. \u00c9 um evento que veio para ficar e certamente vai virar um \u00edcone da cidade, como o Festival de Ver\u00e3o, o R\u00e9veillon, o S\u00e3o Jo\u00e3o\u201d, avalia o diretor-executivo do CORREIO, Roberto Gazzi.<\/p>\n<p><strong>Campanha inspirada na natureza<\/strong><br \/>\nO Afro Fashion Day chega \u00e0 sua terceira edi\u00e7\u00e3o com o desafio de dar visibilidade para um assunto muito importante: a natureza. O projeto traz como tema deste ano os quatro elementos (ar, fogo, terra e \u00e1gua), que marcam ainda toda a identidade visual e a campanha do AFD. O VT da campanha foi produzido pela Mandinga Filmes, com maquiagem de Alisson Rodrigues e fotografia Thiago Borba. \u201cLan\u00e7amos primeiro, no final de outubro, nas m\u00eddias sociais do CORREIO, do BAZAR e do Afro Fashion Day e, nesta primeira semana de novembro, a vers\u00e3o adaptada para TV. Tamb\u00e9m estamos divulgando com an\u00fancios no jornal\u201d, compartilhou Murilo Uema, analista de Marketing. Os dan\u00e7arinos que traduzem o conceito no v\u00eddeo s\u00e3o da Companhia Lekan Dance.<\/p>\n<p><strong>Senac no AFD<\/strong><br \/>\nSessenta oficinas, workshops, palestras, exposi\u00e7\u00f5es e atividades relacionadas \u00e0 cultura afrobrasileira est\u00e3o sendo realizados desde o in\u00edcio do m\u00eas, em Salvador e em outros munic\u00edpios baianos, por meio de uma a\u00e7\u00e3o conjunta entre o Afro Fashion Day e o Servi\u00e7o Nacional de Aprendizagem Comercial. O Senac contribui com o evento desde a primeira edi\u00e7\u00e3o, em 2015. Devido ao sucesso da programa\u00e7\u00e3o nos anos anteriores e ao trabalho desenvolvido pela Casa Afro, na Rua Chile, a institui\u00e7\u00e3o estendeu as atividades para todas as suas unidades, incluindo, assim, o interior do estado. Na capital, os interessados em participar de algum dos 32 cursos gratuitos de beleza, moda, cultura, gastronomia, inform\u00e1tica e fotografia, se encaminharam \u00e0s sedes no Centro (Rua Chile, Com\u00e9rcio, Aquidab\u00e3, Pra\u00e7a da S\u00e9 e Pelourinho) e \u00e0 Casa do Com\u00e9rcio, na Pituba. As outras 28 atividades foram distribu\u00eddas entre as cidades de Cama\u00e7ari, Feira de Santana, Santo Ant\u00f4nio de Jesus, Vit\u00f3ria da Conquista e Porto Seguro.<\/p>\n<p>N\u00fameros do evento<br \/>\n50 marcas j\u00e1 participaram do AFD em tr\u00eas anos<br \/>\nA primeira edi\u00e7\u00e3o, em 2015, teve 36 pessoas na passarela; em 2016 foram 77 e esse ano ser\u00e3o 100<br \/>\n9 ag\u00eancias participam do evento em 2017<br \/>\nCerca de 5 mil pessoas passaram pelas duas primeiras edi\u00e7\u00f5es. Esse ano, a expectativa \u00e9 de 3 mil ao longo do dia<\/p>\n<p><strong>Servi\u00e7o<\/strong><br \/>\nPrograma\u00e7\u00e3o Afro Fashion Day 2017<br \/>\n18 de novembro, no Porto Salvador Eventos (Com\u00e9rcio) (acesso: um quilo de alimento n\u00e3o-perec\u00edvel<\/p>\n<p>Exposi\u00e7\u00e3o fotogr\u00e1fica Asas Urbanas (t\u00e9rreo)<br \/>\n9h \u00e0s 20h<\/p>\n<p>PAPO AFD (piso 2)<br \/>\n10h50 \u2013 Fashionismo com Tradi\u00e7\u00e3o e Identidade<br \/>\n11h40 \u2013 Sustentabilidade na moda e o Fashion Revolution<br \/>\n12h30 \u2013 A Ind\u00fastria da Maquiagem Entende Mesmo desse Riscado?<br \/>\n13h20 \u2013 Moda, Afroempreendedorismo e Economia Criativa<br \/>\n14h10 \u2013 Particularidades da Pele Negra<br \/>\n15h \u2013 A Interse\u00e7\u00e3o da Arte e Moda na Contemporaneidade<\/p>\n<p>AVON APRESENTA (piso 2)<br \/>\n16h &#8211; Empoderamento e Empreendedorismo Feminino<\/p>\n<p>SOM AFD (piso 1)<br \/>\n13h \u2013 DJ Jack Nascimento (Batekoo)<br \/>\n14h40 \u2013 Banda Rua 06<br \/>\n17h \u2013 DJ Raiz<\/p>\n<p>AFD STORE (piso 1)<br \/>\n9h \u00e0s 20h<\/p>\n<p>DESFILE AFD (piso 2)<br \/>\n18h<\/p>\n<p><strong>As marcas<\/strong><br \/>\nPe\u00e7as feitas \u00e0 m\u00e3o, acabamento cuidadoso e crit\u00e9rios aprofundados de pesquisa para desenvolver objetos criativos e relacionados \u00e0 cultura afro. Esses s\u00e3o conceitos que permeiam as cria\u00e7\u00f5es das marcas de roupas e acess\u00f3rios que participaram do Afro Fashion Day em 2015 e 2016 e v\u00e3o estar na edi\u00e7\u00e3o 2017.<\/p>\n<p>Adriana Meira Atelier &#8211; 2016\/2017<br \/>\nAdriana Meira \u00e9 baiana, radicada em S\u00e3o Paulo h\u00e1 oito anos. A vontade de trabalhar com moda vem desde crian\u00e7a, quando via as av\u00f3s fazerem bordados e artigos de casa. Depois de passar por v\u00e1rias grifes, desenvolveu sua pr\u00f3pria, com valores est\u00e9ticos ligados ao Sert\u00e3o do Nordeste. Instagram: @adrianameiraatelier<\/p>\n<p>Afreeka &#8211; 2015\/2016<br \/>\nO conceito da marca caminha entre a liberdade e a luta por um mundo melhor. Influenciada diretamente pela cultura hip-hop, a Afreeka exalta pensamentos positivos dos antepassados negros e a busca inquieta dos mesmos na atualidade. Instagram: @afreekastore<\/p>\n<p>Al\u00e1dio Marques \u2013 2015\/2016\/2017<br \/>\nAl\u00e1dio Marques traz para a edi\u00e7\u00e3o 2017do AFD pe\u00e7as da cole\u00e7\u00e3o _Explorer, inspirada no nomadismo. Tudo confort\u00e1vel, pr\u00e1tico e poss\u00edvel para todos os corpos e g\u00eaneros. Instagram: @aladiomarques<\/p>\n<p>Ateli\u00ea CasaLinda &#8211; 2016\/2017<br \/>\nKivia Souza criou o Ateli\u00ea com o intuito de produzir acess\u00f3rios como bolsas, carteiras e lancheiras t\u00e9rmicas de forma artesanal com tecidos de algod\u00e3o, seguindo a prefer\u00eancia de cada cliente. Em 2016, lan\u00e7ou sua primeira cole\u00e7\u00e3o de roupas. Instagram: @ateliecasalinda<\/p>\n<p>Atelier Cllaudia Soares \u2013 2016<br \/>\nCllaudia Soares \u00e9 mestre em artes visuais e designer de moda. Atua como artista pl\u00e1stica h\u00e1 mais de 20 anos e desenvolve pesquisa com novos materiais, possibilidades construtivas e modelagem tridimensional. Instagram: @cllaudiasoaresatelier<\/p>\n<p>Black Atitude &#8211; 2016\/2017<br \/>\nVander Charles queria que o povo negro e da periferia se reconhecesse nas pe\u00e7as que vestia. Achou a sa\u00edda para a falta de representa\u00e7\u00e3o ao criar roupas com estampas de revolucion\u00e1rios negros que fizeram hist\u00f3ria, como Malcolm X, Nelson Mandela e o rapper Tupac Shakur. Atualmente, vende pe\u00e7as com imagens e frases diversas, por meio da internet e na loja f\u00edsica, no bairro da Baixa de Quintas. Entre seus clientes, est\u00e3o o cantor L\u00e9o Santana e o core\u00f3grafo Zebrinha. Instagram: @blackatitudeoficial<\/p>\n<p>Boutique Negral\u00e1 &#8211; 2016\/2017<br \/>\nJ\u00e9ssica Santos aprendeu a fazer turbante com a av\u00f3, dona Ant\u00f4nia, e os usa desde crian\u00e7a. A ideia de lan\u00e7ar a marca surgiu h\u00e1 2 anos, depois de chamar a aten\u00e7\u00e3o com o acess\u00f3rio enquanto trabalhava em um camarote, no Carnaval. Come\u00e7ou fazendo para amigos e em seguida criou uma loja virtual, no Facebook. Para ela, a quest\u00e3o vai al\u00e9m da moda e abarca a representatividade dos ancestrais e a hist\u00f3ria do povo negro. Instagram: @boutiquenegrala<\/p>\n<p>By Aninha \u2013 2015\/2016\/2017<br \/>\nSurgiu h\u00e1 11 anos, idealizada pela designer Ana Paula Pereira. Vende bijuterias, produtos de papelaria e outros mimos (chaveirinhos, lembrancinhas, etc). A marca j\u00e1 lan\u00e7ou cole\u00e7\u00f5es inspiradas nos Contos de Fadas, Bonequinha de luxo e Rock. Instagram: @byaninhamimoseacessorios<\/p>\n<p>Cabelo em P\u00e9 \u2013 2016<br \/>\nAs s\u00f3cias Clarissa Pacheco e Tereza Cristina come\u00e7aram a fazer turbantes porque queriam coisas diferentes para usar nos pr\u00f3prios cabelos. A partir disso, os amigos tamb\u00e9m se interessaram e elas passaram a vender nas redes sociais e em feiras da cidade. A produ\u00e7\u00e3o cresceu e tamb\u00e9m abarca brincos de madeira, pe\u00e7as \u00fanicas feitas com t\u00e9cnica de decupagem de gravuras. Instagram: @cabeloempe<\/p>\n<p>Candida Specht \u2013 2015\/2016\/2017<br \/>\nA marca de acess\u00f3rios \u2013 bolsas, mochilas, cal\u00e7ados, etc. &#8211; surgiu em 2001 e tem estilo cool, antenado com as novidades, mas livre para misturar o handmade com o cl\u00e1ssico. Instagram: @candidaspecht<\/p>\n<p>Carol Barreto \u2013 2015\/2016\/2017<br \/>\nA estilista busca elaborar processos criativos e produtivos respeit\u00e1veis e horizontais para constru\u00e7\u00e3o de produtos e imagens de moda a partir de reflex\u00f5es sobre as rela\u00e7\u00f5es \u00e9tnico-raciais e de g\u00eanero, corroborando com as propostas do slow fashion e moda \u00e9tica. Instagram: @carolbarretocob<\/p>\n<p>EWA &#8211; 2016<br \/>\nA artista pl\u00e1stica Paula Martins sempre fez artigos de croch\u00ea, mas sem compromisso. Foi um passo para come\u00e7ar a receber encomendas de amigos e dar asas \u00e0 criatividade, criando itens como pulseiras, brincos e colares misturando a t\u00e9cnica com contas e couro. Instagram: @ewa.atelie<\/p>\n<p>Cynd Biqu\u00ednis \u2013 2016\/2017<br \/>\nA marca foi criada pela dan\u00e7arina e modelo Cynthia Paix\u00e3o de Jesus, que traz na bagagem os t\u00edtulos de rainha do Bloco Afro Mal\u00e9 Debal\u00ea (2012) e Deusa do \u00c9bano do Il\u00ea Aiy\u00ea (2014). Com a Cynd Biqu\u00ednis, por meio de pe\u00e7as que valorizem as formas reais da mulher, a grife busca realizar sonhos e transformar mulheres simples em divas, resgatando sua autoestima e valores. As pe\u00e7as s\u00e3o feitas sob encomenda, atendendo principalmente o p\u00fablico plus size. Instagram: @cyndbiquinis<\/p>\n<p>Closet Clothing &#8211; 2016\/2017<br \/>\nDepois de experi\u00eancias com vendas independentes e uma loja multimarcas, Paulo Barbosa come\u00e7ou a criar t-shirts exclusivas e se encontrou ao desenvolver pe\u00e7as de moda praia, que tamb\u00e9m exporta para os Estados Unidos. Entre suas cria\u00e7\u00f5es, est\u00e3o biqu\u00ednis, bodies, sungas, cal\u00e7as, vestidos e camisas com estamparia pr\u00f3pria. Instagram: @conceitocloset<\/p>\n<p>Collab Miranda + The Finds + Soul Dila \u2013 2016<br \/>\nAs tr\u00eas marcas v\u00eam chamando a aten\u00e7\u00e3o na cena soteropolitana nos \u00faltimos anos por mesclarem moda, lifestyle e conceitos inovadores. Em maio do ano passado, elas se uniram para lan\u00e7ar a cole\u00e7\u00e3o Ti\u00e9b\u00e9l\u00e9, inspirada em uma vila hom\u00f4nima de Burkina Faso, onde as mulheres pintam e fazem desenhos nas paredes das casas de barro. O resultado foram pe\u00e7as que misturam as influ\u00eancias street e africanas. Instagram: @mirandaestudio @thefinds @souldila<\/p>\n<p>Com amor, Dora \u2013 2015\/2016\/2017<br \/>\nCriada por Isadora Alves, a marca atua no mercado desde 2012 desenvolvendo acess\u00f3rios, roupas e bolsas. O conceito \u00e9 a potencializa\u00e7\u00e3o e valora\u00e7\u00e3o justa do trabalho feito \u00e0 m\u00e3o. Dora tamb\u00e9m \u00e9 uma das criadoras da loja colaborativa Guapa. Instagram: @comamordora<\/p>\n<p>Crioula \u2013 2015\/2016\/2017<br \/>\nFundada em 2003 pelo designer Alex Bispo, trabalha os elementos da diversidade do povo nordestino e afro-brasileiro atrav\u00e9s da sua cultura, linguagem, vocabul\u00e1rio e hist\u00f3ria. Instagram: @crioulastore<\/p>\n<p>Dresscora\u00e7\u00e3o \u2013 2015\/2016<br \/>\nNascida do projeto de refer\u00eancias de comportamento e estilo que carrega o mesmo nome, a marca foi lan\u00e7ada em 2012 pelas irm\u00e3s Luma e Loo Nascimento e trabalha a exalta\u00e7\u00e3o da est\u00e9tica afro-brasileira atrav\u00e9s de um minucioso garimpo de estampas e texturas que refletem a heran\u00e7a africana nas cores e formas. Instagram: @dresscoracao<\/p>\n<p>Erika Rigaud Turbantes &#8211; 2016\/2017<br \/>\nA baiana de acaraj\u00e9 Erika Rigaud come\u00e7ou a trabalhar com turbantes para complementar a renda. Ela representa a terceira gera\u00e7\u00e3o de baianas na fam\u00edlia e traz essa expertise para a praticidade dos turbantes aramados. No in\u00edcio, vendia para amigos e colegas de profiss\u00e3o e viu o neg\u00f3cio crescer depois de participar de feiras na cidade. Instagram: @erikarigaudturbantes.<\/p>\n<p>Euzaria &#8211; 2016\/2017<br \/>\nNo final de 2014, um grupo de amigos se reuniu com a inten\u00e7\u00e3o de criar uma empresa humanizada e transmitir valores de pertencimento entre as pessoas. Da\u00ed nasceu o movimento Euzaria, que propaga o consumo consciente. Disp\u00f5e de um mix de produtos que vai desde camisetas a quadros e acaba de abrir sua primeira loja de rua, na Pituba. Instagram: @euzaria_<\/p>\n<p>Gefferson Vila Nova \u2013 2015<br \/>\nA grife traz em seu DNA uma linguagem est\u00e9tica contempor\u00e2nea, aliando arte, design, tecnologia e inova\u00e7\u00e3o. Instagram: @geffersonvilanovaofficial<\/p>\n<p>Goya Lopes \u2013 2015\/2016\/2017<br \/>\nEm 1996, iniciou um projeto de design para moda e decora\u00e7\u00e3o que foi a base da cria\u00e7\u00e3o da marca com refer\u00eancia no afro-brasileiro. Os produtos s\u00e3o de moda e decora\u00e7\u00e3o e v\u00e3o de vestidos, caftans, camisetas, batas, cal\u00e7as, acess\u00f3rios, cangas, aventais a toalhas e jogo americano para uso dom\u00e9stico. Instagram: @goyalopesdesignbrasileiro<\/p>\n<p>inCID &#8211; 2016\/2017<br \/>\nSem encontrar no mercado pe\u00e7as que o interessassem, Cid Brito come\u00e7ou a customizar roupas para usar. Os amigos come\u00e7aram a pedir, at\u00e9 que ele passou a confeccionar camisas descoladas e vender. Depois disso, ele tomou gosto pela cria\u00e7\u00e3o e iniciou a produ\u00e7\u00e3o de pe\u00e7as exclusivas. Hoje, o mix de produtos da marca inclui cal\u00e7as, camisas, blazers, bermudas e itens de moda praia. Instagram: @incidbrasil<\/p>\n<p>Ismael Soudam \u2013 2015\/2016\/2017<br \/>\nCriada em 2008, desenvolve um estilo de moda balne\u00e1rio com pe\u00e7as vers\u00e1teis que podem ir al\u00e9m da praia, preservando o conforto com cortes elegantes e sofisticados. Instagram: @ismaelsoudam<\/p>\n<p>Jeferson Ribeiro \u2013 2015\/2016\/2017<br \/>\nAs cole\u00e7\u00f5es da marca, que surgiu em 2013, s\u00e3o pensadas para mulheres elegantes e discretas, tendo a seda como a base para roupas de corte reto e caimento perfeito. Instagram: @jefersonribeirobrand<\/p>\n<p>Joao Damapeju &#8211; 2017<br \/>\nA pemba como mat\u00e9ria usada nos ritos africanos e afrobrasileiros, concebida da jun\u00e7\u00e3o do p\u00f3 e da \u00e1gua, \u00e9 tomada de empr\u00e9stimo para concep\u00e7\u00e3o de uma cole\u00e7\u00e3o que a traduz no uso de uma cartela de cores predominantemente branca, formas flu\u00eddas modeladas em tecido de malha, crepe, tule e vazados em telas de nylon. Assim o estilista Jo\u00e3o Damapej\u00fa prop\u00f5e, em sua estreia no Afro Fashion Day, um di\u00e1logo est\u00e9tico entre identidades \u00e9tnicas, religiosidade, arte e moda para al\u00e9m da intoler\u00e2ncia e dos preconceitos edificados ao longo da exist\u00eancia dos ancestrais africanos. Instagram: @damapeju.art<\/p>\n<p>Ju Fonseca \u2013 2015\/2016<br \/>\nA marca tem como principal mat\u00e9ria-prima o cord\u00e3o de algod\u00e3o cru, que combina com linha de croch\u00ea, pedras, metais e d\u00e1 cor com linhas de seda. O preciso trabalho manual resulta em pulseiras, cintos, colares, pe\u00e7as para o cabelo e bolsas com cord\u00e3o. Instagram: @jufonseca_d<\/p>\n<p>Katuka Africanidades \u2013 2015\/2016\/2017<br \/>\nCriada h\u00e1 12 anos pelo soci\u00f3logo Carlos Danon e pelo designer Renato Carneiro, combina as novas tecnologias t\u00eaxteis e as silhuetas contempor\u00e2neas aos elementos cl\u00e1ssicos do vestir africano. Instagram: @katukaafricanidades<\/p>\n<p>Kelba Deluxe \u2013 2015\/2016\/2017<br \/>\nA marca atua com produtos que v\u00e3o desde bijouxs de luxo de moda, design, casa e galeria de arte e lan\u00e7a tr\u00eas cole\u00e7\u00f5es in\u00e9ditas por ano: Primavera, Alto Ver\u00e3o e Outono Inverno. O design \u00e9 autoral, exclusivo e as pe\u00e7as s\u00e3o assinadas por Kelba Varj\u00e3o, designer e arquiteta urbanista. Instagram: @kelbavarjao<\/p>\n<p>La Abuela \u2013 2015\/2016\/2017<br \/>\nLan\u00e7ada em 2012 por Tarsila Ferreira, surgiu depois de pesquisas e experi\u00eancias com o bordado. Mant\u00e9m como caracter\u00edsticas o estudo das formas geom\u00e9tricas, a influ\u00eancia das culturas latino-americanas e a mistura de cores fortes em acess\u00f3rios que se destacam pelo uso do ponto cheio. Instagram: @casadaabuela<\/p>\n<p>Luciana Gale\u00e3o \u2013 2015\/2017<br \/>\nMarca criada em 1999 por Luciana Gale\u00e3o, que desenvolve e aprimora a t\u00e9cnica de aplicar mosaicos \u00e0s suas cole\u00e7\u00f5es. Realizando um trabalho \u00fanico, de personalidade e atemporal, suas pe\u00e7as s\u00e3o verdadeiras obras de arte: mosaicos feitos de pequenos fragmentos de couro, cortados a m\u00e3o e aplicados aos tecidos, um a um, formando bel\u00edssimos desenhos e transformando suas cria\u00e7\u00f5es em preciosidades. Para sua participa\u00e7\u00e3o no AFD 2017, Luciana fez uma parceria com a Lasbonfim Gemas &amp; Joias para criar pe\u00e7as inspiradas no estrato de sedimenta\u00e7\u00e3o arco-\u00edris Oued Metlili Ghardia, na Arg\u00e9lia. Os looks trazem pedras brasileiras aplicadas \u00e0 m\u00e3o tanto no detalhe de ombro \u00e0 ombro quanto no bra\u00e7o. A cartela de cores vem em laranja, verde e marrom, cores da cornalina, peridoto e quartzo fum\u00ea. Instagram: @lucianagaleao<\/p>\n<p>Meninos Rei \u2013 2015\/2016\/2017<br \/>\nAssinada pelos irm\u00e3os J\u00fanior Rocha e C\u00e9u Rocha, designers e produtores de moda, a marca Meninos Rei surgiu com o objetivo de atender a um p\u00fablico exigente e sedento por novidades no estilo de vestir. As estampas l\u00fadicas, despojadas, divertidas e exclusivas com acabamento primoroso s\u00e3o propostas dessa dupla e o destaque da marca. Instagram: @meninosrei<\/p>\n<p>Mersan &#8211; 2015\/2016\/2017<br \/>\nA loja foi fundada em 1966 por Expedito Pedro dos Santos, em Feira de Santana. Da Princesa do Sert\u00e3o, a Mersan se espalhou pela Bahia e tamb\u00e9m est\u00e1 presente nas cidades de Alagoinhas, Serrinha, Concei\u00e7\u00e3o do Coit\u00e9, Itabuna, Itaberaba e Salvador. Hoje, est\u00e1 sob o comando de Lu\u00eds Merc\u00eas J\u00fanior, neto do fundador. Em 2017, a unidade do Salvador Shopping da Mersan participa mais uma vez do Afro Fashion Day, dessa vez cal\u00e7ando os modelos masculinos. Instagram: @mersansalvadorshopping<\/p>\n<p>Melissa \u2013 2016 e 2017<br \/>\nA marca de cal\u00e7ados e acess\u00f3rios de pl\u00e1stico mais famosa do mundo participou do Afro Fashion Day em 2016 e est\u00e1 de volta em 2017 cal\u00e7ando os modelos masculinos. Instagram: @clubemelissashoppingdabahia<\/p>\n<p>Moda Criola \u2013 2016<br \/>\nCarla Freitas procurou brincos para comprar e achou caro. A partir disso, come\u00e7ou a produzir acess\u00f3rios para si mesma e os amigos passaram a fazer encomendas. Instagram: @modacriola<\/p>\n<p>Vizzano &#8211; 2017<br \/>\nA grife Vizzano celebra o estilo e a sofistica\u00e7\u00e3o das mulheres de personalidade marcante. As inspira\u00e7\u00f5es da marca passeiam entre recortes e linhas suaves dos cl\u00e1ssicos, modelagens modernas, cores da moda e muito glamour. Tudo isso sempre alinhado com as tend\u00eancias que s\u00e3o sucesso nas passarelas do mundo. Instagram: @ vizzano_oficial<\/p>\n<p>M\u00f4nica Anjos \u2013 2015\/2016\/2017<br \/>\nSin\u00f4nimo de feminilidade, customiza\u00e7\u00e3o, patchwork, textura, movimento, leveza, amplo, sensual. M\u00f4nica cria cole\u00e7\u00f5es sempre voltadas para atender o mercado de moda atemporal. Ela \u00e9 especialista em alfaiataria feminina e veste a mulher que busca eleg\u00e2ncia e modelagem. Instagram: @lojamonicaanjos<\/p>\n<p>Moringa Label \u2013 2016\/2017<br \/>\nAlessandra Adorno, Elaine Adorno e Nalia Portella queriam criar uma coisa diferente do que sempre viam de moda praia. Decidiram unir seus talentos e produzir biqu\u00ednis, que j\u00e1 exportaram para It\u00e1lia e Estados Unidos. Instagram: @moringalabel.<\/p>\n<p>N Black \u2013 2015\/2016\/2017<br \/>\nMarca unissex de roupas e acess\u00f3rios criada por Najara Black em 2005. Sua proposta \u00e9 elevar a autoestima, empoderar e dar sentido de pertencimento a seu p\u00fablico. Instagram: @najarablack<\/p>\n<p>Negrif \u2013 2015\/2016\/2017<br \/>\nIdealizada em 2001 por Mad\u00e1 Negrif, tem como proposta usar a moda como refer\u00eancia de identidade e reconhecimento cultural, propondo um vestu\u00e1rio a partir de tend\u00eancias afrodescendentes e formas atualizadas do vestir brasileiro. Instagram: @madanegrif<\/p>\n<p>Ope Tropical &#8211; 2016<br \/>\nA marca surgiu da conversa dos amigos Wanderson Pereira e Vict\u00f3ria Noronha. Ambos apaixonados por moda, queriam algo que estivesse voltado para a valoriza\u00e7\u00e3o cultural, empoderamento feminino e tropicalidade. A Ope Tropical \u00e9 ligada a esses valores e apresenta uma moda praia em tecidos africanos. @opetropical<\/p>\n<p>Ori Turbantes \u2013 2015<br \/>\nMarca de turbantes criada pela jornalista Cristiele Fran\u00e7a. Instagram: @cristielefranca<\/p>\n<p>Outerelas \u2013 2015\/2016\/2017<br \/>\nPe\u00e7as exclusivas em tecidos e bijuterias como bolsas, carteiras, colares, brincos, an\u00e9is e braceletes fazem parte do portf\u00f3lio. S\u00e3o itens exclusivos, todos feitos \u00e0 m\u00e3o, produzidas por Celina, Paula e B\u00e1rbara Outerelo. Instagram: @outerelas<\/p>\n<p>Porto de Biqu\u00edni \u2013 2015\/2016\/2017<br \/>\nCriada em 2010 pela estilista Ta\u00eds Alves, tem como objetivo trazer pe\u00e7as ergon\u00f4micas que ressaltam a est\u00e9tica de cada pessoa. O resultado s\u00e3o biqu\u00ednis com ajustes e encaixes que facilitam os movimentos e se adequam aos diferentes bi\u00f3tipos da mulher brasileira. Instagram: @portodebiquini<\/p>\n<p>Preta Brasil &#8211; 2016\/2017<br \/>\nA desenhista industrial Luana Bonfim come\u00e7ou a fazer colares para usar e em seguida comercializar entre os colegas no Polo Petroqu\u00edmico de Cama\u00e7ari. Depois de criar a marca formalmente, assumiu-se como artes\u00e3. Todas as suas pe\u00e7as t\u00eam inspira\u00e7\u00e3o africana e ind\u00edgena, trazendo para o dia a dia o esse resgate dessas culturas. Utiliza principalmente madeira e especiarias. Instagram: @preta.brasil<\/p>\n<p>Sonbrille &#8211; 2016\/2017<br \/>\nKatiane Pereira tinha uma loja de \u00f3culos de marcas e com o passar do tempo sentiu a necessidade de inovar, criando pe\u00e7as \u00fanicas. Por isso, a empres\u00e1ria partiu para a produ\u00e7\u00e3o pr\u00f3pria, com linhas atemporais em acetato, madeira e tecido. Instagram: @sonbrille<\/p>\n<p>Sou Diva &#8211; T\u00e1 Bom Pra Voc\u00ea &#8211; 2016\/2017<br \/>\nEm um projeto da faculdade de design de moda em que desenvolveu uma cole\u00e7\u00e3o de roupas femininas, M\u00e1rio Farias sentiu a necessidade de ter acess\u00f3rios que ornassem com sua proposta. Ao concluir o curso, ele abriu um ateli\u00ea na Barra e passou a produzir as bijuterias e tecidos com estampas pr\u00f3prias, os dois pontos centrais da marca. Instagram: @tabompravoce.<\/p>\n<p>T Camisetaria &#8211; 2016\/2017<br \/>\nA estilista Karol Faria trabalha com duas linhas de roupas: a slow fashion, que leva seu nome, e a T Camisetaria. A primeira segue tem\u00e1ticas por cole\u00e7\u00f5es, com destaque para quest\u00f5es brasileiras e regionais. J\u00e1 a T Camisetaria surgiu em 2014, de uma vontade da estilista de desconstruir a camiseta enquanto roupa b\u00e1sica. Seu olhar acrescentou identidade \u00e0 pe\u00e7a, tanto na modelagem, quanto nas estampas de obras de artes famosas e cria\u00e7\u00f5es exclusivas de contempor\u00e2neos. Instagram: @tcamisetaria<\/p>\n<p>Tempt &#8211; 2016\/2017<br \/>\nCome\u00e7ou como uma multimarcas no Shopping Paralela, depois passou a investir na produ\u00e7\u00e3o pr\u00f3pria, destacando a baianidade e os nordestinos em suas cole\u00e7\u00f5es. Atualmente, seu mix de produtos conta com t-shirt, regatas, cal\u00e7as, sapatos, bon\u00e9s e carteiras. Instagram: @temptoriginal<\/p>\n<p>Turbanque &#8211; 2016\/2017<br \/>\nAs s\u00f3cias Ronilda Gomes e B\u00e1rbara Rocha usaram a pr\u00e1tica com os turbantes tradicionais para criar uma modelagem exclusiva que j\u00e1 vem pronta para uso. \u00c9 s\u00f3 colocar na cabe\u00e7a, ajustar e prender um bot\u00e3o. O produto pode ser adaptado para uso por profissionais em receptivo e restaure. Instagram: @turbanques<\/p>\n<p>Vinicius Cerqueira \u2013 2015<br \/>\nA marca nasceu em 2010, quando o estilista Vinicius Cerqueira ainda estudava moda. Desde a participa\u00e7\u00e3o e vit\u00f3ria no concurso Novos Talentos Barra Fashion, o criativo busca atender as mais diversas demandas em rela\u00e7\u00e3o \u00e0 moda, n\u00e3o s\u00f3 o vestu\u00e1rio, como a cria\u00e7\u00e3o de bijuterias e acess\u00f3rios, desenvolvimento de campanhas e ilustra\u00e7\u00f5es. Instagram: @viniciuscerqueiraoficial<\/p>\n<p>Vivire \u2013 2015\/2016<br \/>\nUma marca feita a m\u00e3o e na contram\u00e3o do consumo acelerado, preocupada em atender desejos, provocar sensa\u00e7\u00f5es, despertar lembran\u00e7as e celebrar momentos. Criada pelas Virg\u00ednias (m\u00e3e e filha), a Vivire nasceu em Praia do Forte com sua primeira loja. Instagram: @universovivire<\/p>\n<p>Lu Samarato \u2013 2017<br \/>\nO estilista e artista visual \u00cdcaro Samarato tem um curr\u00edculo extenso que inclui trabalhos n\u00e3o s\u00f3 com moda, mas tamb\u00e9m em consultoria de imagem e no teatro. Para o AFD 2017, criou dois looks femininos e um masculino que v\u00e3o dar o que falar. O criativo pensa o conceito e constr\u00f3i as pe\u00e7as \u00fanicas, que passam longe de tend\u00eancias e trazem um estilo pr\u00f3prio. Instagram: @samarato.lu<\/p>\n<p>Jorge Nascimento \u2013 2017<br \/>\nUm dos criadores mais geniais da moda brasileira, Jorge Nascimento transforma roupa em arte e \u00e9 um mestre na alfaiataria. Suas roupas t\u00eam modelagem precisa, leveza e eleg\u00e2ncia que encantam. O estilista j\u00e1 criou para diversas marcas, como Vivire e Tempt e vestiu artistas como Saulo Fernandes.<\/p>\n<p>Negaful\u00f4 \u2013 2017<br \/>\nAndr\u00e9a Ramos cria bonecas negras que encantam crian\u00e7as e adultos. Tem sereia, sambista, com jeito meigo, usando turbante ou com black empoderado. Instagram: @negafulo1<\/p>\n<p>Rey Villas Boas \u2013 2017<br \/>\nRey Vilas Boas aprendeu a costurar com a av\u00f3 e garante que n\u00e3o faz roupas comerciais, prefere pe\u00e7as que tenham rela\u00e7\u00e3o com a arte. Para o Afro Fashion Day 2017, escolheu o elemento fogo e criou roupas que trazem elementos que remetem \u00e0 sua inf\u00e2ncia, como os bal\u00f5es de S\u00e3o Jo\u00e3o. Instagram: @rey.vilasboas<\/p>\n<p>Soul Dila &#8211; 2017<br \/>\nDepois de participar do Afro Fashion Day atrav\u00e9s da collab com a The Finds e a Miranda Est\u00fadio, a Soul Dila retorna ao evento trazendo pe\u00e7as inspiradas no elemento \u00c1gua. Recentemente, a marca lan\u00e7ou seu Ver\u00e3o 2018. Batizada de &#8220;Eu Vim De L\u00e1 Da Bahia!&#8221;, a nova cole\u00e7\u00e3o celebra a paix\u00e3o pelo estado, sua cultura e natureza diversificada, que passa pelo campo, montanha, sert\u00e3o, desaguando suas belezas no mar. Instagram: @ souldila<\/p>\n","protected":false},"excerpt":{"rendered":"<p>O Afro Fashion Day (AFD) chega \u00e0 sua terceira edi\u00e7\u00e3o em 2017 no pr\u00f3ximo s\u00e1bado, dia 18, e vem maior, com uma programa\u00e7\u00e3o que come\u00e7a \u00e0s [&hellip;]<\/p>\n","protected":false},"author":1,"featured_media":13336,"comment_status":"open","ping_status":"open","sticky":false,"template":"","format":"image","meta":{"footnotes":""},"categories":[80,16],"tags":[1517,1518],"class_list":["post-13330","post","type-post","status-publish","format-image","has-post-thumbnail","hentry","category-home","category-me-jogo","tag-afd","tag-afro-fashion-day","post_format-post-format-image"],"_links":{"self":[{"href":"https:\/\/blogs.correio24horas.com.br\/mesalte\/wp-json\/wp\/v2\/posts\/13330","targetHints":{"allow":["GET"]}}],"collection":[{"href":"https:\/\/blogs.correio24horas.com.br\/mesalte\/wp-json\/wp\/v2\/posts"}],"about":[{"href":"https:\/\/blogs.correio24horas.com.br\/mesalte\/wp-json\/wp\/v2\/types\/post"}],"author":[{"embeddable":true,"href":"https:\/\/blogs.correio24horas.com.br\/mesalte\/wp-json\/wp\/v2\/users\/1"}],"replies":[{"embeddable":true,"href":"https:\/\/blogs.correio24horas.com.br\/mesalte\/wp-json\/wp\/v2\/comments?post=13330"}],"version-history":[{"count":1,"href":"https:\/\/blogs.correio24horas.com.br\/mesalte\/wp-json\/wp\/v2\/posts\/13330\/revisions"}],"predecessor-version":[{"id":13337,"href":"https:\/\/blogs.correio24horas.com.br\/mesalte\/wp-json\/wp\/v2\/posts\/13330\/revisions\/13337"}],"wp:featuredmedia":[{"embeddable":true,"href":"https:\/\/blogs.correio24horas.com.br\/mesalte\/wp-json\/wp\/v2\/media\/13336"}],"wp:attachment":[{"href":"https:\/\/blogs.correio24horas.com.br\/mesalte\/wp-json\/wp\/v2\/media?parent=13330"}],"wp:term":[{"taxonomy":"category","embeddable":true,"href":"https:\/\/blogs.correio24horas.com.br\/mesalte\/wp-json\/wp\/v2\/categories?post=13330"},{"taxonomy":"post_tag","embeddable":true,"href":"https:\/\/blogs.correio24horas.com.br\/mesalte\/wp-json\/wp\/v2\/tags?post=13330"}],"curies":[{"name":"wp","href":"https:\/\/api.w.org\/{rel}","templated":true}]}}