{"id":13318,"date":"2017-11-13T11:53:28","date_gmt":"2017-11-13T14:53:28","guid":{"rendered":"http:\/\/blogs.correio24horas.com.br\/mesalte\/?p=13318"},"modified":"2017-11-13T17:58:52","modified_gmt":"2017-11-13T20:58:52","slug":"audiencia-publica-debate-direitos-da-populacao-lgbt-e-combate-a-lgbtfobia","status":"publish","type":"post","link":"https:\/\/blogs.correio24horas.com.br\/mesalte\/audiencia-publica-debate-direitos-da-populacao-lgbt-e-combate-a-lgbtfobia\/","title":{"rendered":"Audi\u00eancia p\u00fablica debate direitos da popula\u00e7\u00e3o LGBT e combate \u00e0 LGBTfobia"},"content":{"rendered":"<p>&nbsp;<\/p>\n<p>Os direitos da popula\u00e7\u00e3o LGBT (l\u00e9sbicas, gays, bissexuais, travestis e transg\u00eaneros) e o combate \u00e0 LGBTfobia ser\u00e3o tema de audi\u00eancia p\u00fablica nesta segunda-feira (13), \u00e0s 14h, no Centro de Cultura da C\u00e2mara Municipal de Salvador. Organizado pelo mandato do vereador e l\u00edder da bancada de oposi\u00e7\u00e3o Jos\u00e9 Trindade (PSL), em parceria com o Conselho Regional de Psicologia da Bahia (CRP-03), o evento servir\u00e1 tamb\u00e9m para colher contribui\u00e7\u00f5es da sociedade civil para um projeto de lei que o parlamentar pretende apresentar na casa legislativa em breve.<\/p>\n<p>Em fase de elabora\u00e7\u00e3o, a proposi\u00e7\u00e3o prev\u00ea a reserva de vagas para pessoas transexuais no quadro de servidores da Prefeitura Municipal de Salvador. O objetivo da audi\u00eancia p\u00fablica, destaca Trindade, \u00e9 discutir a promo\u00e7\u00e3o dos direitos dessa popula\u00e7\u00e3o e o combate \u00e0 discrimina\u00e7\u00e3o. Por isso, explica o vereador, o mandato procurou parceria com o CRP-03, institui\u00e7\u00e3o respeitada na defesa dos direitos humanos. Foram convidados para compor a mesa o psic\u00f3logo e conselheiro da Comiss\u00e3o de Direitos Humanos do CRP-03, Anderson Fontes, a secret\u00e1ria-executiva do Conselho Estadual LGBT, Rebeca Benevides, a presidente da Associa\u00e7\u00e3o Nacional de Travestis e Transexuais (Antra), Keila Simpson, o vice-presidente da Comiss\u00e3o de Diversidade Sexual da OAB-BA, Leandro Lopes, o m\u00e9dico Fernando Meira e os pesquisadores do grupo Cultura e Sexualidade da Ufba (CUS), Viviane Vergueiro e Gilmaro Nogueira.<\/p>\n<p>Na ocasi\u00e3o, tamb\u00e9m ser\u00e1 reservado um momento para homenagear o ativista LGBT e universit\u00e1rio Felipe Doss, morto na \u00faltima quinta-feira, 9, em um assalto na Federa\u00e7\u00e3o. Militante estudantil, Doss era conhecido pela dedica\u00e7\u00e3o \u00e0 causa e militava no coletivo Kiu!.<\/p>\n","protected":false},"excerpt":{"rendered":"<p>&nbsp; Os direitos da popula\u00e7\u00e3o LGBT (l\u00e9sbicas, gays, bissexuais, travestis e transg\u00eaneros) e o combate \u00e0 LGBTfobia ser\u00e3o tema de audi\u00eancia p\u00fablica nesta segunda-feira (13), \u00e0s [&hellip;]<\/p>\n","protected":false},"author":1,"featured_media":0,"comment_status":"open","ping_status":"open","sticky":false,"template":"","format":"standard","meta":{"footnotes":""},"categories":[80,11],"tags":[],"class_list":["post-13318","post","type-post","status-publish","format-standard","hentry","category-home","category-me-informo"],"_links":{"self":[{"href":"https:\/\/blogs.correio24horas.com.br\/mesalte\/wp-json\/wp\/v2\/posts\/13318","targetHints":{"allow":["GET"]}}],"collection":[{"href":"https:\/\/blogs.correio24horas.com.br\/mesalte\/wp-json\/wp\/v2\/posts"}],"about":[{"href":"https:\/\/blogs.correio24horas.com.br\/mesalte\/wp-json\/wp\/v2\/types\/post"}],"author":[{"embeddable":true,"href":"https:\/\/blogs.correio24horas.com.br\/mesalte\/wp-json\/wp\/v2\/users\/1"}],"replies":[{"embeddable":true,"href":"https:\/\/blogs.correio24horas.com.br\/mesalte\/wp-json\/wp\/v2\/comments?post=13318"}],"version-history":[{"count":1,"href":"https:\/\/blogs.correio24horas.com.br\/mesalte\/wp-json\/wp\/v2\/posts\/13318\/revisions"}],"predecessor-version":[{"id":13319,"href":"https:\/\/blogs.correio24horas.com.br\/mesalte\/wp-json\/wp\/v2\/posts\/13318\/revisions\/13319"}],"wp:attachment":[{"href":"https:\/\/blogs.correio24horas.com.br\/mesalte\/wp-json\/wp\/v2\/media?parent=13318"}],"wp:term":[{"taxonomy":"category","embeddable":true,"href":"https:\/\/blogs.correio24horas.com.br\/mesalte\/wp-json\/wp\/v2\/categories?post=13318"},{"taxonomy":"post_tag","embeddable":true,"href":"https:\/\/blogs.correio24horas.com.br\/mesalte\/wp-json\/wp\/v2\/tags?post=13318"}],"curies":[{"name":"wp","href":"https:\/\/api.w.org\/{rel}","templated":true}]}}