{"id":13235,"date":"2017-11-08T13:04:20","date_gmt":"2017-11-08T16:04:20","guid":{"rendered":"http:\/\/blogs.correio24horas.com.br\/mesalte\/?p=13235"},"modified":"2017-11-08T13:04:20","modified_gmt":"2017-11-08T16:04:20","slug":"projeto-aceita-divulga-calendario-de-rodas-de-escuta-nas-unidades-da-ufba","status":"publish","type":"post","link":"https:\/\/blogs.correio24horas.com.br\/mesalte\/projeto-aceita-divulga-calendario-de-rodas-de-escuta-nas-unidades-da-ufba\/","title":{"rendered":"Projeto aceita! divulga calend\u00e1rio de rodas de escuta nas unidades da Ufba"},"content":{"rendered":"<p>O projeto aceita!, lan\u00e7ado na Universidade Federal da Bahia no \u00faltimo dia 19 de outubro, que pretende propor pol\u00edticas para o respeito \u00e0 diversidade sexual e de g\u00eanero na UFBA, come\u00e7a, no pr\u00f3ximo dia 13, a realizar rodas de escuta nas unidades da institui\u00e7\u00e3o. Inicialmente as rodas devem ser compostas apenas por estudantes de qualquer curso ou n\u00edvel. O objetivo \u00e9 que as pessoas relatem casos de discrimina\u00e7\u00e3o motivados por g\u00eanero e\/ou sexualidade dentro da UFBA e que proponham a\u00e7\u00f5es concretas para impedir que novas situa\u00e7\u00f5es similares aconte\u00e7am nas depend\u00eancias da universidade. N\u00e3o \u00e9 necess\u00e1rio realizar inscri\u00e7\u00e3o pr\u00e9via para participar das rodas de escuta. Com base nessas informa\u00e7\u00f5es e sugest\u00f5es, a equipe do aceita! ir\u00e1 propor uma s\u00e9rie de a\u00e7\u00f5es para a UFBA.<\/p>\n<p>Vejam onde e quando ocorrer\u00e3o as primeiras rodas de escuta:<\/p>\n<p>13 de novembro, PAF I, 17h, sala 208.<\/p>\n<p>14 de novembro, PAF3, 17h, sala 208<\/p>\n<p>22 de novembro, S\u00e3o L\u00e1zaro, 12h, sala 2 do NEIM<\/p>\n<p>23 de novembro, Polit\u00e9cnica, 10h, sala 06.03.03, 6\u00ba andar<\/p>\n<p>29 de novembro, Faculdade de Direito, 11h, Sala da Congrega\u00e7\u00e3o<\/p>\n<p>30 de novembro, Faculdade de Educa\u00e7\u00e3o, 11h, sala T\u00e9rreo e 17h no audit\u00f3rio 1 (OBS: realizaremos duas rodas no mesmo dia na Faced)<\/p>\n<p>6 de dezembro, Faculdade de Economia, 11h, Sala da Congrega\u00e7\u00e3o<\/p>\n<p>7 de dezembro, Faculdade de Comunica\u00e7\u00e3o, 10h30, Sala do Aceita \u2013 1\u00ba andar da ala nova da Facom<\/p>\n<p>13 de dezembro, Instituto de Geoci\u00eancias, 16h, sala 113-A<\/p>\n<p>14 de dezembro, Enfermagem, (hor\u00e1rio e sala a definir)<\/p>\n<p>Em breve divulgaremos o calend\u00e1rio das escutas a serem realizadas em janeiro de 2018.<\/p>\n<p>O projeto aceita! inicialmente realizar\u00e1 essas rodas de escuta em toda a comunidade acad\u00eamica para dimensionar a variedade dos problemas enfrentados por docentes, discentes, t\u00e9cnicos-administrativxs e tercerizadxs em rela\u00e7\u00e3o aos preconceitos causados pela falta de respeito \u00e0 diversidade sexual e de g\u00eanero na UFBA. Essa escuta tamb\u00e9m est\u00e1 sendo realizada atrav\u00e9s de um formul\u00e1rio eletr\u00f4nico dispon\u00edvel no site do projeto (www.aceita.ufba.br). O grupo, coordenado pelas professoras Graciela Natansohn (Facom) e Ma\u00edra Kubik (NEIM) e pelo professor Leandro Colling (IHAC), \u00e9 composto por dez bolsistas (Leandro Stoffels, Ros\u00e2ngela Maria Batista, Rebeca Sousa, Vict\u00f3ria Santana, Samira Soares, Izzadora S\u00e1, Cris\u00e2ngelo Cerqueira, Ariane Senna, Bruna Souza Jacob e Malayka SN).<\/p>\n<p>O projeto tem apoio da Pr\u00f3-Reitoria de Assist\u00eancia Estudantil (PROAE) e tamb\u00e9m tem como objetivo contribuir para a elabora\u00e7\u00e3o de um protocolo institucional contra as viol\u00eancias de g\u00eanero e sexualidade na UFBA, de modo a contemplar medidas de preven\u00e7\u00e3o, sensibiliza\u00e7\u00e3o, divulga\u00e7\u00e3o e interven\u00e7\u00e3o em casos de den\u00fancias.<\/p>\n<p>Mais informa\u00e7\u00f5es sobre o projeto em:<\/p>\n<blockquote class=\"wp-embedded-content\" data-secret=\"GbfmsoqZ0D\"><p><a href=\"http:\/\/www.aceita.ufba.br\/\">In\u00edcio<\/a><\/p><\/blockquote>\n<p><iframe loading=\"lazy\" class=\"wp-embedded-content\" sandbox=\"allow-scripts\" security=\"restricted\" style=\"position: absolute; clip: rect(1px, 1px, 1px, 1px);\" src=\"http:\/\/www.aceita.ufba.br\/?embed=true#?secret=GbfmsoqZ0D\" data-secret=\"GbfmsoqZ0D\" width=\"600\" height=\"338\" title=\"&#8220;In\u00edcio&#8221; &#8212; Projeto Aceita\" frameborder=\"0\" marginwidth=\"0\" marginheight=\"0\" scrolling=\"no\"><\/iframe><br \/>\nhttps:\/\/www.facebook.com\/Projeto-aceita-282457352248448<br \/>\nhttps:\/\/www.instagram.com\/aceitaufba\/<br \/>\nContatos: aceitaufba@gmail.com<\/p>\n","protected":false},"excerpt":{"rendered":"<p>O projeto aceita!, lan\u00e7ado na Universidade Federal da Bahia no \u00faltimo dia 19 de outubro, que pretende propor pol\u00edticas para o respeito \u00e0 diversidade sexual e [&hellip;]<\/p>\n","protected":false},"author":1,"featured_media":0,"comment_status":"open","ping_status":"open","sticky":false,"template":"","format":"image","meta":{"footnotes":""},"categories":[80],"tags":[],"class_list":["post-13235","post","type-post","status-publish","format-image","hentry","category-home","post_format-post-format-image"],"_links":{"self":[{"href":"https:\/\/blogs.correio24horas.com.br\/mesalte\/wp-json\/wp\/v2\/posts\/13235","targetHints":{"allow":["GET"]}}],"collection":[{"href":"https:\/\/blogs.correio24horas.com.br\/mesalte\/wp-json\/wp\/v2\/posts"}],"about":[{"href":"https:\/\/blogs.correio24horas.com.br\/mesalte\/wp-json\/wp\/v2\/types\/post"}],"author":[{"embeddable":true,"href":"https:\/\/blogs.correio24horas.com.br\/mesalte\/wp-json\/wp\/v2\/users\/1"}],"replies":[{"embeddable":true,"href":"https:\/\/blogs.correio24horas.com.br\/mesalte\/wp-json\/wp\/v2\/comments?post=13235"}],"version-history":[{"count":1,"href":"https:\/\/blogs.correio24horas.com.br\/mesalte\/wp-json\/wp\/v2\/posts\/13235\/revisions"}],"predecessor-version":[{"id":13236,"href":"https:\/\/blogs.correio24horas.com.br\/mesalte\/wp-json\/wp\/v2\/posts\/13235\/revisions\/13236"}],"wp:attachment":[{"href":"https:\/\/blogs.correio24horas.com.br\/mesalte\/wp-json\/wp\/v2\/media?parent=13235"}],"wp:term":[{"taxonomy":"category","embeddable":true,"href":"https:\/\/blogs.correio24horas.com.br\/mesalte\/wp-json\/wp\/v2\/categories?post=13235"},{"taxonomy":"post_tag","embeddable":true,"href":"https:\/\/blogs.correio24horas.com.br\/mesalte\/wp-json\/wp\/v2\/tags?post=13235"}],"curies":[{"name":"wp","href":"https:\/\/api.w.org\/{rel}","templated":true}]}}