{"id":13226,"date":"2017-11-08T08:02:00","date_gmt":"2017-11-08T11:02:00","guid":{"rendered":"http:\/\/blogs.correio24horas.com.br\/mesalte\/?p=13226"},"modified":"2017-11-08T08:11:42","modified_gmt":"2017-11-08T11:11:42","slug":"cantora-iza-fara-show-em-salvador-em-janeiro-saiba-mais","status":"publish","type":"post","link":"https:\/\/blogs.correio24horas.com.br\/mesalte\/cantora-iza-fara-show-em-salvador-em-janeiro-saiba-mais\/","title":{"rendered":"Cantora Iza far\u00e1 show em Salvador em janeiro; saiba mais"},"content":{"rendered":"<p>2018 nem come\u00e7ou e j\u00e1 tem boas not\u00edcias para o ano novo. A cantora carioca Iza &#8211; novo fen\u00f4meno do pop e R&amp;B &#8211; vai aportar em Salvador em janeiro para um show completo. O Me Salte confirmou com exclusividade que a artista vir\u00e1 para capital baiana a convite do grupo San Sebastian.<\/p>\n<p>A data e local do shows ainda ser\u00e3o\u00a0divulgados, mas o contrato j\u00e1 foi assinado. Ou seja, ela vem com seu bonde pesad\u00e3o messssssssssssssmo para startar o ano com poder !!!! A cantora n\u00e3o \u00e9 apenas um rostinho bonito e uma voz boa. Ela usa seu talento para propagar o discurso do empoderamento feminino e negro.<\/p>\n<p>Desde 2013\/2014 v\u00eddeos da carioca Iza circulam na internet com ela fazendo covers de m\u00fasicas famosas de artistas nacionais e internacionais. A voz forte, caras, bocas e estilo peculiar chamaram a aten\u00e7\u00e3o a ponto de em 2016 ser contratada pela gravadora Warner Music.<\/p>\n<p><iframe loading=\"lazy\" src=\"https:\/\/www.youtube.com\/embed\/_fjk5fUsOOs\" width=\"560\" height=\"315\" frameborder=\"0\" allowfullscreen=\"allowfullscreen\"><\/iframe><\/p>\n<p>Recentemente a cantora lan\u00e7ou o hino &#8216;Pesad\u00e3o&#8217; num feat com Marcelo Falc\u00e3o &#8211; vocalista da banda O Rappa &#8211; que apenas EST\u00c1 BOMBANDO! O clipe tem a vibe empoderada, com figurinos babado e uma coreografia f\u00e1cil de pegar.<\/p>\n<p><iframe loading=\"lazy\" src=\"https:\/\/www.youtube.com\/embed\/g8psa0UBZKA\" width=\"560\" height=\"315\" frameborder=\"0\" allowfullscreen=\"allowfullscreen\"><\/iframe><\/p>\n<p>A cantora j\u00e1 cantou com o rapper norte-americano CeeLo Green no Rock in Rio deste ano e recebeu cr\u00edticas positivas. Iza tamb\u00e9m participou da trilha sonora da \u00faltima novela das 19h, Rock story, com a m\u00fasica Quem sabe sou eu.Outro single poderoso de Iza \u00e9 Te pegar, que conta com a participa\u00e7\u00e3o especial do ator Jos\u00e9 Loreto no clipe.<\/p>\n<p><iframe loading=\"lazy\" src=\"https:\/\/www.youtube.com\/embed\/hb0jh-f5zX4\" width=\"560\" height=\"315\" frameborder=\"0\" allowfullscreen=\"allowfullscreen\"><\/iframe><\/p>\n<p>Iza &#8211; batizada Isabela nasceu no Rio de Janeiro no ano de 1991 &#8211; e come\u00e7ou a cantar na igreja desde crian\u00e7a e aos 14 anos de idade come\u00e7ou a fazer shows em retiros e par\u00f3quias. Formada em Publicidade e Propaganda, ela chegou a trabalhar como editora de v\u00eddeo. Inspirando-se em \u00eddolos como Lauryn Hill, Tina Turner, Diana Ross, Rihanna, Beyonc\u00e9, Tinashe e Stevie Wonder, Iza \u00e9 certamente a grande aposta da m\u00fasica brasileira do momento.<\/p>\n","protected":false},"excerpt":{"rendered":"<p>2018 nem come\u00e7ou e j\u00e1 tem boas not\u00edcias para o ano novo. A cantora carioca Iza &#8211; novo fen\u00f4meno do pop e R&amp;B &#8211; vai aportar [&hellip;]<\/p>\n","protected":false},"author":1,"featured_media":13227,"comment_status":"open","ping_status":"open","sticky":false,"template":"","format":"image","meta":{"footnotes":""},"categories":[28,80],"tags":[1505,1507,1506],"class_list":["post-13226","post","type-post","status-publish","format-image","has-post-thumbnail","hentry","category-farofa-digital","category-home","tag-iza","tag-iza-em-salvador","tag-pesadao","post_format-post-format-image"],"_links":{"self":[{"href":"https:\/\/blogs.correio24horas.com.br\/mesalte\/wp-json\/wp\/v2\/posts\/13226","targetHints":{"allow":["GET"]}}],"collection":[{"href":"https:\/\/blogs.correio24horas.com.br\/mesalte\/wp-json\/wp\/v2\/posts"}],"about":[{"href":"https:\/\/blogs.correio24horas.com.br\/mesalte\/wp-json\/wp\/v2\/types\/post"}],"author":[{"embeddable":true,"href":"https:\/\/blogs.correio24horas.com.br\/mesalte\/wp-json\/wp\/v2\/users\/1"}],"replies":[{"embeddable":true,"href":"https:\/\/blogs.correio24horas.com.br\/mesalte\/wp-json\/wp\/v2\/comments?post=13226"}],"version-history":[{"count":3,"href":"https:\/\/blogs.correio24horas.com.br\/mesalte\/wp-json\/wp\/v2\/posts\/13226\/revisions"}],"predecessor-version":[{"id":13230,"href":"https:\/\/blogs.correio24horas.com.br\/mesalte\/wp-json\/wp\/v2\/posts\/13226\/revisions\/13230"}],"wp:featuredmedia":[{"embeddable":true,"href":"https:\/\/blogs.correio24horas.com.br\/mesalte\/wp-json\/wp\/v2\/media\/13227"}],"wp:attachment":[{"href":"https:\/\/blogs.correio24horas.com.br\/mesalte\/wp-json\/wp\/v2\/media?parent=13226"}],"wp:term":[{"taxonomy":"category","embeddable":true,"href":"https:\/\/blogs.correio24horas.com.br\/mesalte\/wp-json\/wp\/v2\/categories?post=13226"},{"taxonomy":"post_tag","embeddable":true,"href":"https:\/\/blogs.correio24horas.com.br\/mesalte\/wp-json\/wp\/v2\/tags?post=13226"}],"curies":[{"name":"wp","href":"https:\/\/api.w.org\/{rel}","templated":true}]}}