{"id":13207,"date":"2017-11-06T18:13:23","date_gmt":"2017-11-06T21:13:23","guid":{"rendered":"http:\/\/blogs.correio24horas.com.br\/mesalte\/?p=13207"},"modified":"2017-11-06T18:13:23","modified_gmt":"2017-11-06T21:13:23","slug":"feira-de-santana-recebe-2a-edicao-do-circuito-baiano-de-direito-da-familia","status":"publish","type":"post","link":"https:\/\/blogs.correio24horas.com.br\/mesalte\/feira-de-santana-recebe-2a-edicao-do-circuito-baiano-de-direito-da-familia\/","title":{"rendered":"Feira de Santana recebe 2\u00aa edi\u00e7\u00e3o do Circuito Baiano de Direito da Fam\u00edlia"},"content":{"rendered":"<p>Com o intuito de suprir a escassez de informa\u00e7\u00f5es da sociedade sem acesso ao profissional de Direito no interior do estado da Bahia, a diretoria regional da Bahia do Instituto Brasileiro de Direito das Fam\u00edlias (IBDFAM) desenvolveu o projeto Circuito Baiano de Direito da Fam\u00edlia e Sucess\u00f5es, que ter\u00e1 a sua segunda edi\u00e7\u00e3o sediada na cidade de Feira de Santana, no Audit\u00f3rio Ernestina Lima da Faculdade An\u00edsio Teixeira &#8211; FAT, no dia 10 de novembro, das 10h \u00e0s 22h.<\/p>\n<p>No evento ser\u00e3o discutidos temas como: viol\u00eancia contra a mulher; nome social transg\u00eanero; multiparentalidade; testamento vital; media\u00e7\u00e3o judicial e constela\u00e7\u00e3o familiar; igualdade entre uni\u00e3o est\u00e1vel e casamento, assim como ser\u00e3o abordadas todas as quest\u00f5es referentes \u00e0 diversidade de cor e g\u00eanero, presente nas fam\u00edlias.\u00a0Produzido pela Smile Entretenimento, especializada na organiza\u00e7\u00e3o e produ\u00e7\u00e3o de eventos corporativos, o Circuito Baiano de Direito das Fam\u00edlias conta com o apoio do Tribunal de Justi\u00e7a do Estado da Bahia, Defensoria P\u00fablica do Estado da Bahia, AMAB, CEJUSC, Faculdade An\u00edsio Teixeira, 1\u00ba Registro de Im\u00f3veis e Hipotecas da Comarca de Feira de Santana, Caf\u00e9 2 de Julho e Biz Comunica\u00e7\u00e3o Integrada.<\/p>\n<p>Todos os temas ser\u00e3o apresentados e discutidos\u00a0pelos seguintes especialistas:<\/p>\n<p>Adisson Leal (Bras\u00edlia &#8211; DF)<\/p>\n<p>Mestre e doutorando em Direito Civil pela Universidade de Lisboa (Portugal). Pesquisador visitante da Universidade de Munique (Alemanha). Professor do Instituto Brasiliense de Direito P\u00fablico &#8211; IDP.<\/p>\n<p>Pablo Stolze (Salvador &#8211; BA)<\/p>\n<p>Juiz de Direito na Bahia. Professor de Direito Civil da UFBA &#8211; Universidade Federal da Bahia e da Rede LFG. Professor convidado da R\u00e1dio Justi\u00e7a do Supremo Tribunal Federal. Mestre em Direito Civil pela PUC\/SP &#8211; Pontif\u00edcia Universidade Cat\u00f3lica de S\u00e3o Paulo. Especialista em Direito Civil pela Funda\u00e7\u00e3o Faculdade de Direito da Bahia. Autor de diversas obras pela Editora Saraiva.<\/p>\n<p>Roberto Figueiredo (Salvador &#8211; BA)<\/p>\n<p>Advogado, mestre em Direito pela Universidade Federal da Bahia. Procurador do Estado da Bahia, presidente da Associa\u00e7\u00e3o de Procuradores do Estado da Bahia, professor do CERS e de cursos de p\u00f3s-gradua\u00e7\u00e3o pelo pa\u00eds, al\u00e9m de autor de livros e artigos cient\u00edficos.<\/p>\n<p>&nbsp;<\/p>\n<p>Servi\u00e7o<br \/>\n2\u00aa edi\u00e7\u00e3o do Circuito Baiano de Direito das Fam\u00edlias<br \/>\nData: 10 de novembro de 2017<br \/>\nHor\u00e1rio: Das 10h \u00e0s 22h<br \/>\nLocal: Audit\u00f3rio Ernestina Lima da Faculdade An\u00edsio Teixeira &#8211; FAT, Feira de Santana (Rua General Jo\u00e3o Costa, 122, Ponto Central)<br \/>\nP\u00fablico-alvo: Ju\u00edzes, Promotores, Procuradores, Conciliadores, Advogados, Estudantes, Professores, entre outros.<br \/>\nInscri\u00e7\u00f5es: www.circuitobaiano.net.br<\/p>\n","protected":false},"excerpt":{"rendered":"<p>Com o intuito de suprir a escassez de informa\u00e7\u00f5es da sociedade sem acesso ao profissional de Direito no interior do estado da Bahia, a diretoria regional [&hellip;]<\/p>\n","protected":false},"author":1,"featured_media":0,"comment_status":"open","ping_status":"open","sticky":false,"template":"","format":"image","meta":{"footnotes":""},"categories":[80,9],"tags":[],"class_list":["post-13207","post","type-post","status-publish","format-image","hentry","category-home","category-me-orgulho","post_format-post-format-image"],"_links":{"self":[{"href":"https:\/\/blogs.correio24horas.com.br\/mesalte\/wp-json\/wp\/v2\/posts\/13207","targetHints":{"allow":["GET"]}}],"collection":[{"href":"https:\/\/blogs.correio24horas.com.br\/mesalte\/wp-json\/wp\/v2\/posts"}],"about":[{"href":"https:\/\/blogs.correio24horas.com.br\/mesalte\/wp-json\/wp\/v2\/types\/post"}],"author":[{"embeddable":true,"href":"https:\/\/blogs.correio24horas.com.br\/mesalte\/wp-json\/wp\/v2\/users\/1"}],"replies":[{"embeddable":true,"href":"https:\/\/blogs.correio24horas.com.br\/mesalte\/wp-json\/wp\/v2\/comments?post=13207"}],"version-history":[{"count":2,"href":"https:\/\/blogs.correio24horas.com.br\/mesalte\/wp-json\/wp\/v2\/posts\/13207\/revisions"}],"predecessor-version":[{"id":13209,"href":"https:\/\/blogs.correio24horas.com.br\/mesalte\/wp-json\/wp\/v2\/posts\/13207\/revisions\/13209"}],"wp:attachment":[{"href":"https:\/\/blogs.correio24horas.com.br\/mesalte\/wp-json\/wp\/v2\/media?parent=13207"}],"wp:term":[{"taxonomy":"category","embeddable":true,"href":"https:\/\/blogs.correio24horas.com.br\/mesalte\/wp-json\/wp\/v2\/categories?post=13207"},{"taxonomy":"post_tag","embeddable":true,"href":"https:\/\/blogs.correio24horas.com.br\/mesalte\/wp-json\/wp\/v2\/tags?post=13207"}],"curies":[{"name":"wp","href":"https:\/\/api.w.org\/{rel}","templated":true}]}}