{"id":13193,"date":"2017-11-06T17:04:43","date_gmt":"2017-11-06T20:04:43","guid":{"rendered":"http:\/\/blogs.correio24horas.com.br\/mesalte\/?p=13193"},"modified":"2017-11-06T17:04:43","modified_gmt":"2017-11-06T20:04:43","slug":"espetaculo-a-persistencia-das-ultimas-coisas-volta-em-cartaz-para-mais-duas-semanas","status":"publish","type":"post","link":"https:\/\/blogs.correio24horas.com.br\/mesalte\/espetaculo-a-persistencia-das-ultimas-coisas-volta-em-cartaz-para-mais-duas-semanas\/","title":{"rendered":"Espet\u00e1culo &#8216;A persist\u00eancia das \u00faltimas coisas&#8217; volta em cartaz para mais duas semanas"},"content":{"rendered":"<p>Quem n\u00e3o conseguiu ver a primeira temporada de \u2018A persist\u00eancia das \u00faltimas coisas\u2019 n\u00e3o precisa mais se preocupar. E quem j\u00e1 viu vai poder ver de novo. \u00c9 que o espet\u00e1culo que comemora os 30 anos do diretor e ator Celso Jr volta a cartaz durante o m\u00eas de novembro para mais seis apresenta\u00e7\u00f5es\u00a0no Teatro Vila Velha.\u00a0A pe\u00e7a reestreia no dia 18 de novembro (s\u00e1bado), no Teatro Vila Velha. Al\u00e9m deste, o espet\u00e1culo ser\u00e1 apresentado nos dias 19 (domingo) e de 23 a 26 (quinta a domingo). Os valores de ingresso s\u00e3o R$ 30 (inteira) e R$ 15 (meia), \u00e0 venda na bilheteria do teatro.<\/p>\n<p>\u2018A persist\u00eancia das \u00faltimas coisas\u2019 \u00e9 a vers\u00e3o brasileira de um texto argentino do autor Juan Ignacio Crespo e tem no elenco o vencedor do Pr\u00eamio Braskem 2017 de Melhor Ator, Igor Epif\u00e2nio, al\u00e9m dos atores Vinicius Bustani e Paula Lice. O resultado foi visto de perto pelo c\u00f4nsul da Argentina em Salvador, Pablo Virasoro e de seu c\u00f4nsul adjunto, Pablo Fernandez Quintana.<\/p>\n<p>Sobre o espet\u00e1culo<br \/>\nA pe\u00e7a estreou em Buenos Aires em 2014 e traz para a cena os conflitos de Federico, vivido por Vinicius Bustani, um rapaz inconformado com t\u00e9rmino de seu namoro com outro rapaz, interpretado por Igor Epif\u00e2nio. Al\u00e9m disso, Federico tem uma amiga e confidente que o ajuda a recompor um painel de emo\u00e7\u00f5es, que \u00e9 vivida por Paula Lice. &#8220;Lembran\u00e7as, cria\u00e7\u00f5es da imagina\u00e7\u00e3o e abandono se alinham para criar um retrato fragmentado e n\u00e3o-linear da vida afetiva desse jovem contempor\u00e2neo e urbano&#8221;, explica Celso.<\/p>\n<p>O texto \u00e9 centrado em Federico, que est\u00e1 abalado pelo fim de um relacionamento, mas continua obcecado pelo ex-namorado a ponto de contratar um detetive particular para o investigar. O ex surge, ent\u00e3o, como uma representa\u00e7\u00e3o da mem\u00f3ria e fruto da imagina\u00e7\u00e3o dele. J\u00e1 a amiga \u00e9 uma confidente e tamb\u00e9m uma esp\u00e9cie de consci\u00eancia expandida da personagem principal.<\/p>\n<p>&#8220;&#8216;A persist\u00eancia das \u00faltimas coisas&#8217; tem uma po\u00e9tica e tem\u00e1tica interessantes, trata de assuntos absolutamente universais como o amor e a sua perda&#8221;, aponta o diretor. &#8220;Me interessa tamb\u00e9m a tomada de consci\u00eancia da personagem que percebe que o fracasso amoroso \u00e9 uma representa\u00e7\u00e3o da sua mortalidade: terminar um relacionamento \u00e9 morrer um pouco, \u00e9 se aproximar do fim&#8221;, completa.<\/p>\n<p>&#8220;Assisti \u00e0 montagem original, no pequeno Teatro Vera Vera, em Buenos Aires, em 2014, sob a dire\u00e7\u00e3o do pr\u00f3prio Juan e fiquei bastante entusiasmado com o texto&#8221;, lembra Celso. Ele conta que assim que chegou ao hotel na capital da Argentina, entrou em contato com Juan pedindo para usar o texto no repert\u00f3rio de estudos sobre dramaturgia contempor\u00e2nea. Foi a\u00ed que surgiu o desejo de montar. &#8220;Li a pe\u00e7a em espanhol e comecei a pensar numa poss\u00edvel montagem brasileira&#8221;, afirma.<\/p>\n<p>&nbsp;<\/p>\n<p>SERVI\u00c7O<br \/>\nO qu\u00ea: espet\u00e1culo A persist\u00eancia das \u00faltimas coisas<br \/>\nOnde: Teatro Vila Velha<br \/>\nQuando: de 18 (s\u00e1bado) e 19 (domingo) de novembro e de 23 a 26 de de novembro (quinta a domingo)<br \/>\nHor\u00e1rios: quinta, sexta e s\u00e1bado \u00e0s 20h e domingo \u00e0s 19h<br \/>\nDura\u00e7\u00e3o: 70 min<br \/>\nClassifica\u00e7\u00e3o et\u00e1ria: 18 anos<\/p>\n<p>FICHA T\u00c9CNICA<br \/>\nTexto: Juan Ignacio Crespo<br \/>\nTradu\u00e7\u00e3o: Celso Jr.<br \/>\nElenco: Igor Epif\u00e2nio, Paula Lice e Vinicius Bustani<br \/>\nConsultoria de cenografia: Rodrigo Frota<br \/>\nFigurinos: George Vladimir<br \/>\nIlumina\u00e7\u00e3o: Jo\u00e3o Sanches<br \/>\nV\u00eddeo-proje\u00e7\u00f5es e sonoplastia: Celso Jr.<br \/>\nAssist\u00eancia de produ\u00e7\u00e3o: Igor Nascimento<br \/>\nAssessoria de comunica\u00e7\u00e3o: Daniel Silveira<br \/>\nProdu\u00e7\u00e3o, cenografia e dire\u00e7\u00e3o: Celso Jr.<\/p>\n","protected":false},"excerpt":{"rendered":"<p>Quem n\u00e3o conseguiu ver a primeira temporada de \u2018A persist\u00eancia das \u00faltimas coisas\u2019 n\u00e3o precisa mais se preocupar. E quem j\u00e1 viu vai poder ver de [&hellip;]<\/p>\n","protected":false},"author":1,"featured_media":13194,"comment_status":"open","ping_status":"open","sticky":false,"template":"","format":"image","meta":{"footnotes":""},"categories":[80],"tags":[],"class_list":["post-13193","post","type-post","status-publish","format-image","has-post-thumbnail","hentry","category-home","post_format-post-format-image"],"_links":{"self":[{"href":"https:\/\/blogs.correio24horas.com.br\/mesalte\/wp-json\/wp\/v2\/posts\/13193","targetHints":{"allow":["GET"]}}],"collection":[{"href":"https:\/\/blogs.correio24horas.com.br\/mesalte\/wp-json\/wp\/v2\/posts"}],"about":[{"href":"https:\/\/blogs.correio24horas.com.br\/mesalte\/wp-json\/wp\/v2\/types\/post"}],"author":[{"embeddable":true,"href":"https:\/\/blogs.correio24horas.com.br\/mesalte\/wp-json\/wp\/v2\/users\/1"}],"replies":[{"embeddable":true,"href":"https:\/\/blogs.correio24horas.com.br\/mesalte\/wp-json\/wp\/v2\/comments?post=13193"}],"version-history":[{"count":1,"href":"https:\/\/blogs.correio24horas.com.br\/mesalte\/wp-json\/wp\/v2\/posts\/13193\/revisions"}],"predecessor-version":[{"id":13195,"href":"https:\/\/blogs.correio24horas.com.br\/mesalte\/wp-json\/wp\/v2\/posts\/13193\/revisions\/13195"}],"wp:featuredmedia":[{"embeddable":true,"href":"https:\/\/blogs.correio24horas.com.br\/mesalte\/wp-json\/wp\/v2\/media\/13194"}],"wp:attachment":[{"href":"https:\/\/blogs.correio24horas.com.br\/mesalte\/wp-json\/wp\/v2\/media?parent=13193"}],"wp:term":[{"taxonomy":"category","embeddable":true,"href":"https:\/\/blogs.correio24horas.com.br\/mesalte\/wp-json\/wp\/v2\/categories?post=13193"},{"taxonomy":"post_tag","embeddable":true,"href":"https:\/\/blogs.correio24horas.com.br\/mesalte\/wp-json\/wp\/v2\/tags?post=13193"}],"curies":[{"name":"wp","href":"https:\/\/api.w.org\/{rel}","templated":true}]}}