{"id":13187,"date":"2017-11-03T09:50:40","date_gmt":"2017-11-03T12:50:40","guid":{"rendered":"http:\/\/blogs.correio24horas.com.br\/mesalte\/?p=13187"},"modified":"2017-11-06T07:51:11","modified_gmt":"2017-11-06T10:51:11","slug":"influenciadores-digitais-fazem-campanha-do-studio-unico","status":"publish","type":"post","link":"https:\/\/blogs.correio24horas.com.br\/mesalte\/influenciadores-digitais-fazem-campanha-do-studio-unico\/","title":{"rendered":"Influenciadores digitais fazem campanha do Studio \u00danico"},"content":{"rendered":"<p>Um time poderoso de influenciadores digitais foi escolhido para estrelar a nova campanha do Studio \u00danico &#8211; especializado em est\u00e9tica, depila\u00e7\u00e3o e cabelos &#8211; em Salvador. O editorial vai reunir cores vibrantes , loiros , vermelhos , azuis, rosa , tran\u00e7as boxeadoras, box braids, tran\u00e7as nago , mega hair entrela\u00e7ado, n\u00f3 americano\u00a0e wigs personalizadas. As imagens ser\u00e3o produzidas no Farol da Barra pelo fot\u00f3grafo \u00cdtalo Soares. A maquiagem ficar\u00e1 por conta de\u00a0Danilo Silva (@makebydan).<\/p>\n<p>Participa\u00e7\u00e3o do ensaio: Erica Bispo O\u2019dwer\u00a0(@erica.odwyer);\u00a0Ma\u00edra de Jesus Chagas\u00a0(@mairacsantana_ );\u00a0James da Silva Queiroz\u00a0(@jamessjc );\u00a0Joana Guerra<br \/>\n(@blogmodamodesta);\u00a0Milena Jesus de Santana (@sereinh4);\u00a0Raite Oliveira da Silva\u00a0(@raitdeverdade);\u00a0Cintia Luiza Santos\u00a0(@cinthyaluizasantosferreira);\u00a0Thais Leite Brito<br \/>\n(@thaybbrito);\u00a0Isa\u00edas Santos da Silva (@zaii_ss);\u00a0Ivna Virg\u00ednia dos Santos<br \/>\n(@ivinita);\u00a0Helder Dantas (@prettohelder); \u00a0Raquel Cristina de Novaes<br \/>\n(@rachelnovaess);\u00a0Carliane S\u00e3o Jos\u00e9\u00a0(@divinablackpower);\u00a0Daiana Santos de Castro<br \/>\n(@gorda_mexxmo);\u00a0Scher Marie Mercury\u00a0(@schermariemercury);\u00a0Scarlet Sangalo<br \/>\n(@scarlethsangalo);\u00a0Bell Rocha\u00a0(@bell_rocha);\u00a0e Laiane Carvalho de Santana<br \/>\n(@santanalaii).<\/p>\n","protected":false},"excerpt":{"rendered":"<p>Um time poderoso de influenciadores digitais foi escolhido para estrelar a nova campanha do Studio \u00danico &#8211; especializado em est\u00e9tica, depila\u00e7\u00e3o e cabelos &#8211; em Salvador. [&hellip;]<\/p>\n","protected":false},"author":1,"featured_media":13188,"comment_status":"open","ping_status":"open","sticky":false,"template":"","format":"image","meta":{"footnotes":""},"categories":[24],"tags":[],"class_list":["post-13187","post","type-post","status-publish","format-image","has-post-thumbnail","hentry","category-me-cuido","post_format-post-format-image"],"_links":{"self":[{"href":"https:\/\/blogs.correio24horas.com.br\/mesalte\/wp-json\/wp\/v2\/posts\/13187","targetHints":{"allow":["GET"]}}],"collection":[{"href":"https:\/\/blogs.correio24horas.com.br\/mesalte\/wp-json\/wp\/v2\/posts"}],"about":[{"href":"https:\/\/blogs.correio24horas.com.br\/mesalte\/wp-json\/wp\/v2\/types\/post"}],"author":[{"embeddable":true,"href":"https:\/\/blogs.correio24horas.com.br\/mesalte\/wp-json\/wp\/v2\/users\/1"}],"replies":[{"embeddable":true,"href":"https:\/\/blogs.correio24horas.com.br\/mesalte\/wp-json\/wp\/v2\/comments?post=13187"}],"version-history":[{"count":2,"href":"https:\/\/blogs.correio24horas.com.br\/mesalte\/wp-json\/wp\/v2\/posts\/13187\/revisions"}],"predecessor-version":[{"id":13192,"href":"https:\/\/blogs.correio24horas.com.br\/mesalte\/wp-json\/wp\/v2\/posts\/13187\/revisions\/13192"}],"wp:featuredmedia":[{"embeddable":true,"href":"https:\/\/blogs.correio24horas.com.br\/mesalte\/wp-json\/wp\/v2\/media\/13188"}],"wp:attachment":[{"href":"https:\/\/blogs.correio24horas.com.br\/mesalte\/wp-json\/wp\/v2\/media?parent=13187"}],"wp:term":[{"taxonomy":"category","embeddable":true,"href":"https:\/\/blogs.correio24horas.com.br\/mesalte\/wp-json\/wp\/v2\/categories?post=13187"},{"taxonomy":"post_tag","embeddable":true,"href":"https:\/\/blogs.correio24horas.com.br\/mesalte\/wp-json\/wp\/v2\/tags?post=13187"}],"curies":[{"name":"wp","href":"https:\/\/api.w.org\/{rel}","templated":true}]}}