{"id":13145,"date":"2017-10-27T21:39:59","date_gmt":"2017-10-28T00:39:59","guid":{"rendered":"http:\/\/blogs.correio24horas.com.br\/mesalte\/?p=13145"},"modified":"2017-10-27T21:51:52","modified_gmt":"2017-10-28T00:51:52","slug":"justica-proibe-exibicao-de-peca-onde-jesus-e-vivido-por-uma-trans","status":"publish","type":"post","link":"https:\/\/blogs.correio24horas.com.br\/mesalte\/justica-proibe-exibicao-de-peca-onde-jesus-e-vivido-por-uma-trans\/","title":{"rendered":"Justi\u00e7a proibe exibi\u00e7\u00e3o de pe\u00e7a em Salvador onde Jesus \u00e9 vivido por uma trans"},"content":{"rendered":"<p class=\"bodytext\">Por Carmen Vasconcelos<\/p>\n<p class=\"bodytext\">O espet\u00e1culo teatral\u00a0\u00a0O Evangelho Segundo Jesus, Rainha do C\u00e9u, que integra a programa\u00e7\u00e3o do Festival Internacional de Artes C\u00eanicas da Bahia (FIAC)\u00a0\u00a0teve sua apresenta\u00e7\u00e3o suspensa no final da tarde dessa sexta(27). A decis\u00e3o partiu de uma liminar que saiu da 12\u00aa Vara C\u00edvil de Salvador e impede que a Funda\u00e7\u00e3o Greg\u00f3rio de Mattos(FGM) , administradora do Espa\u00e7o Cultural da Barroquinha, onde a pe\u00e7a seria apresentada, a exiba em seus espa\u00e7os.<\/p>\n<p class=\"bodytext\" data-xp=\"0\">Protagonizado pela atriz, professora e ativista, a transexual Renata Carvalho, a montagem questiona o que aconteceria se Jesus voltasse ao mundo na pele de uma travesti. O espet\u00e1culo \u2013 que chegou a ser exibido na noite de quinta (26) \u2013 \u00e9 uma mistura de mon\u00f3logo e conta\u00e7\u00e3o de hist\u00f3rias em um ritual que traz Cristo ao tempo presente, na pele de uma travesti.<\/p>\n<p class=\"bodytext\">Hist\u00f3rias b\u00edblicas conhecidas s\u00e3o recontadas em uma perspectiva contempor\u00e2nea, propondo uma reflex\u00e3o sobre a opress\u00e3o e intoler\u00e2ncia sofridas por transg\u00eaneros e minorias em geral. Amor, perd\u00e3o, aceita\u00e7\u00e3o e reflex\u00e3o. A identidade travesti \u00e9 elemento chave do espet\u00e1culo, que busca a transforma\u00e7\u00e3o do olhar diante de identidades marcadas pelo estigma e pela marginaliza\u00e7\u00e3o.<\/p>\n<p class=\"bodytext\" data-xp=\"1\">A pe\u00e7a \u00e9 dirigida por Natalia Mallo (SP), que \u00e9 uma empreendedora multiartista e cultural nascida na Argentina e residente em S\u00e3o Paulo. \u00a0Com 20 anos de experi\u00eancia profissional, a diretora tem desenvolvido projetos de colabora\u00e7\u00f5es internacionais para trabalhar na interse\u00e7\u00e3o de arte, educa\u00e7\u00e3o e sociedade.<\/p>\n<p class=\"bodytext\">Procurada pela equipe de reportagem do Correio*, a protagonista e a diretora da pe\u00e7a afirmaram que s\u00f3 se manifestariam no s\u00e1bado (28), depois que se informassem melhor sobre a quest\u00e3o. Vale salientar que a pe\u00e7a tamb\u00e9m foi pro\u00edbida\u00a0no Sesc Jundia\u00ed (SP), em circunst\u00e2ncias muito parecidas com as de Salvador,\u00a0por liminar concedida pelo juiz Luiz Antonio de Campos J\u00fanior, atendendo a um pedido que j\u00e1 vinha sendo articulado h\u00e1 alguns dias por fundamentalistas religiosos.<\/p>\n<p class=\"bodytext\">De acordo com o presidente da FGM, o diretor teatral Fernando Guerreiro, 51 anos, a liminar chegou estrategicamente depois das 17h, impossibilitando qualquer movimento no sentido de derrubar a decis\u00e3o. \u201cS\u00f3 na segunda-feira poderemos fazer algo para impedir a continuidade desse movimento absurdo de censura\u201d, disse Guerreiro. Com 40 anos de carreira, o diretor se disse chocado com a iniciativa que fere princ\u00edpios democr\u00e1ticos. \u201cA classe art\u00edstica e a sociedade precisam frear essa movimenta\u00e7\u00e3o de censura que tem repercuss\u00f5es grav\u00edssimas, n\u00e3o s\u00f3 para a classe art\u00edstica, mas para a liberdade democr\u00e1tica\u201d, completa.<\/p>\n<p class=\"bodytext\">Para o curador Festival Internacional de Artes C\u00eanicas da Bahia (FIAC), Felipe Assis, a ideia de uma pe\u00e7a como essa n\u00e3o \u00e9 profanar. \u201cMas lembrar que as religi\u00f5es s\u00e3o espa\u00e7os de amor e n\u00e3o de \u00f3dio\u201d, completa, ressaltando que a figura de Cristo foi um dos maiores divulgadores da toler\u00e2ncia.<\/p>\n<p class=\"bodytext\">Surpreso com a decis\u00e3o, o presidente da Comiss\u00e3o da Diversidade Sexual da Ordem dos Advogados do Brasil Felipe Garbelotto afirmou que, numa an\u00e1lise preliminar e superficial, a primeira impress\u00e3o \u00e9 que a decis\u00e3o foi mal fundamentada e pautada num car\u00e1ter de censura. \u201cA liminar estabelece uma multa absurda, especialmente para um cen\u00e1rio art\u00edstico local. N\u00e3o sou conhecedor de religi\u00f5es, mas acredito que as pessoas possuem liberdade de acreditar num Cristo que melhor se aproximar da sua f\u00e9, seja ele cisg\u00eanero ou transg\u00eanero\u201d, completou.<\/p>\n<p class=\"bodytext\">Na decis\u00e3o, o juiz destaca que as partes autoras &#8220;se sentiram ofendidas quanto \u00e0 sua ideologia religiosa crist\u00e3&#8221; e isso teria violado seus direitos. A liminar afirma que a laicidade do Estado significa que se deve &#8220;proteger amplamente a liberdade religiosa&#8221;, na espera pessoal e tamb\u00e9m p\u00fablica. &#8220;Um Estado n\u00e3o deve tenta impedir a viv\u00eancia religiosa do povo, especialmente o Cristianismo, com uma a\u00e7\u00e3o hostil ao fen\u00f4meno religioso e a tentativa de encerr\u00e1-lo unicamente na esfera privada&#8221;, afirma o juiz.<\/p>\n<p class=\"bodytext\">Segundo ele, n\u00e3o se pode permitir que se eliminem &#8220;s\u00edmbolos\/cren\u00e7as religiosos mais tradicionais do povo, com narrativas debochadas e fantasiosas, como que lhe arrancando as ra\u00edzes&#8221;. Ele determina ainda que caso a liminar n\u00e3o fosse cumprida, a multa di\u00e1ria seria de R$ 1 milh\u00e3o, em favor das partes autoras.<\/p>\n<p class=\"bodytext\"><strong><strong><a href=\"http:\/\/www.correio24horas.com.br\/fileadmin\/user_upload\/correio24horas\/2017\/10\/27\/doc_23148754.pdf\">Clique e leia a decis\u00e3o na \u00edntegra<\/a><\/strong><\/strong><\/p>\n<p class=\"bodytext\">Em nota, a Funda\u00e7\u00e3o Greg\u00f3rio de Mattos (FGM) comentou a decis\u00e3o. Leia o texto divulgado:<\/p>\n<p class=\"bodytext\"><em>Por conta de determina\u00e7\u00e3o judicial emitida no final da tarde desta sexta-feira (27), a Funda\u00e7\u00e3o Greg\u00f3rio de Mattos (FGM) suspendeu a apresenta\u00e7\u00e3o do espet\u00e1culo &#8220;O Evangelho Segundo Jesus, Rainha do C\u00e9u&#8221; de hoje, no Espa\u00e7o Cultural da Barroquinha. A pe\u00e7a, dirigida por Natalia Mallo (SP), integra a programa\u00e7\u00e3o da d\u00e9cima edi\u00e7\u00e3o do Festival Internacional de Artes C\u00eanicas (FIAC) Bahia 2017, que ocupa diversos espa\u00e7os em Salvador, entre 24 e 29 de outubro, com pe\u00e7as de teatro, espet\u00e1culos de dan\u00e7a, performances, cr\u00edticas e atividades formativas. A FGM e a produ\u00e7\u00e3o do Festival j\u00e1 est\u00e3o tomando as provid\u00eancias jur\u00eddicas cab\u00edveis.<\/em><\/p>\n","protected":false},"excerpt":{"rendered":"<p>Por Carmen Vasconcelos O espet\u00e1culo teatral\u00a0\u00a0O Evangelho Segundo Jesus, Rainha do C\u00e9u, que integra a programa\u00e7\u00e3o do Festival Internacional de Artes C\u00eanicas da Bahia (FIAC)\u00a0\u00a0teve sua [&hellip;]<\/p>\n","protected":false},"author":2,"featured_media":13150,"comment_status":"open","ping_status":"open","sticky":false,"template":"","format":"image","meta":{"footnotes":""},"categories":[28,80],"tags":[],"class_list":["post-13145","post","type-post","status-publish","format-image","has-post-thumbnail","hentry","category-farofa-digital","category-home","post_format-post-format-image"],"_links":{"self":[{"href":"https:\/\/blogs.correio24horas.com.br\/mesalte\/wp-json\/wp\/v2\/posts\/13145","targetHints":{"allow":["GET"]}}],"collection":[{"href":"https:\/\/blogs.correio24horas.com.br\/mesalte\/wp-json\/wp\/v2\/posts"}],"about":[{"href":"https:\/\/blogs.correio24horas.com.br\/mesalte\/wp-json\/wp\/v2\/types\/post"}],"author":[{"embeddable":true,"href":"https:\/\/blogs.correio24horas.com.br\/mesalte\/wp-json\/wp\/v2\/users\/2"}],"replies":[{"embeddable":true,"href":"https:\/\/blogs.correio24horas.com.br\/mesalte\/wp-json\/wp\/v2\/comments?post=13145"}],"version-history":[{"count":3,"href":"https:\/\/blogs.correio24horas.com.br\/mesalte\/wp-json\/wp\/v2\/posts\/13145\/revisions"}],"predecessor-version":[{"id":13152,"href":"https:\/\/blogs.correio24horas.com.br\/mesalte\/wp-json\/wp\/v2\/posts\/13145\/revisions\/13152"}],"wp:featuredmedia":[{"embeddable":true,"href":"https:\/\/blogs.correio24horas.com.br\/mesalte\/wp-json\/wp\/v2\/media\/13150"}],"wp:attachment":[{"href":"https:\/\/blogs.correio24horas.com.br\/mesalte\/wp-json\/wp\/v2\/media?parent=13145"}],"wp:term":[{"taxonomy":"category","embeddable":true,"href":"https:\/\/blogs.correio24horas.com.br\/mesalte\/wp-json\/wp\/v2\/categories?post=13145"},{"taxonomy":"post_tag","embeddable":true,"href":"https:\/\/blogs.correio24horas.com.br\/mesalte\/wp-json\/wp\/v2\/tags?post=13145"}],"curies":[{"name":"wp","href":"https:\/\/api.w.org\/{rel}","templated":true}]}}