{"id":13105,"date":"2017-10-25T13:36:34","date_gmt":"2017-10-25T16:36:34","guid":{"rendered":"http:\/\/blogs.correio24horas.com.br\/mesalte\/?p=13105"},"modified":"2017-10-25T13:42:07","modified_gmt":"2017-10-25T16:42:07","slug":"banda-uo-anuncia-pausa-na-carreira","status":"publish","type":"post","link":"https:\/\/blogs.correio24horas.com.br\/mesalte\/banda-uo-anuncia-pausa-na-carreira\/","title":{"rendered":"Banda U\u00f3 anuncia pausa na carreira"},"content":{"rendered":"<p>Esta quarta-feira (25) n\u00e3o \u00e9 um bom dia para os f\u00e3s da Banda U\u00d3. O grupo divulgou um comunicado em forma de v\u00eddeo, atrav\u00e9s das <a href=\"https:\/\/www.facebook.com\/BandaUO\/\" target=\"_blank\">redes sociais<\/a>, informando que o grupo far\u00e1 uma pausa na carreira.<\/p>\n<p>Nas imagens, Mateus Carrilho, Candy Mel e Davi Sabbag agradecem aos seus f\u00e3s, relembram a trajet\u00f3ria de sua carreira e explicam que \u00e9 hora de buscar novas experi\u00eancias.<\/p>\n<p>\u201c<em>A Banda U\u00d3 \u00e9 um projeto de tr\u00eas pessoas, a gente t\u00e1 a\u00ed h\u00e1 7 anos e agora a gente pensa que \u00e9 legal seguir uma \u2018vibe\u2019 nossa. Cada um tem coisas na cabe\u00e7a (\u2026) s\u00e3o tr\u00eas trabalhos novos que v\u00e3o t\u00e1 surgindo a\u00ed<\/em>\u201c, afirmou Sabbag.<\/p>\n<p>Al\u00e9m do anuncio da pausa, eles tamb\u00e9m contaram que sua agenda de shows seguir\u00e1 at\u00e9 o Carnaval e que ainda este ano a Banda U\u00d3 ir\u00e1 lan\u00e7ar mais uma m\u00fasica, batizada de \u201cT\u00f4 Na Rua\u201d.<\/p>\n","protected":false},"excerpt":{"rendered":"<p>Esta quarta-feira (25) n\u00e3o \u00e9 um bom dia para os f\u00e3s da Banda U\u00d3. O grupo divulgou um comunicado em forma de v\u00eddeo, atrav\u00e9s das redes [&hellip;]<\/p>\n","protected":false},"author":1,"featured_media":7343,"comment_status":"open","ping_status":"open","sticky":false,"template":"","format":"image","meta":{"footnotes":""},"categories":[28,80],"tags":[1490],"class_list":["post-13105","post","type-post","status-publish","format-image","has-post-thumbnail","hentry","category-farofa-digital","category-home","tag-banda-uo","post_format-post-format-image"],"_links":{"self":[{"href":"https:\/\/blogs.correio24horas.com.br\/mesalte\/wp-json\/wp\/v2\/posts\/13105","targetHints":{"allow":["GET"]}}],"collection":[{"href":"https:\/\/blogs.correio24horas.com.br\/mesalte\/wp-json\/wp\/v2\/posts"}],"about":[{"href":"https:\/\/blogs.correio24horas.com.br\/mesalte\/wp-json\/wp\/v2\/types\/post"}],"author":[{"embeddable":true,"href":"https:\/\/blogs.correio24horas.com.br\/mesalte\/wp-json\/wp\/v2\/users\/1"}],"replies":[{"embeddable":true,"href":"https:\/\/blogs.correio24horas.com.br\/mesalte\/wp-json\/wp\/v2\/comments?post=13105"}],"version-history":[{"count":2,"href":"https:\/\/blogs.correio24horas.com.br\/mesalte\/wp-json\/wp\/v2\/posts\/13105\/revisions"}],"predecessor-version":[{"id":13109,"href":"https:\/\/blogs.correio24horas.com.br\/mesalte\/wp-json\/wp\/v2\/posts\/13105\/revisions\/13109"}],"wp:featuredmedia":[{"embeddable":true,"href":"https:\/\/blogs.correio24horas.com.br\/mesalte\/wp-json\/wp\/v2\/media\/7343"}],"wp:attachment":[{"href":"https:\/\/blogs.correio24horas.com.br\/mesalte\/wp-json\/wp\/v2\/media?parent=13105"}],"wp:term":[{"taxonomy":"category","embeddable":true,"href":"https:\/\/blogs.correio24horas.com.br\/mesalte\/wp-json\/wp\/v2\/categories?post=13105"},{"taxonomy":"post_tag","embeddable":true,"href":"https:\/\/blogs.correio24horas.com.br\/mesalte\/wp-json\/wp\/v2\/tags?post=13105"}],"curies":[{"name":"wp","href":"https:\/\/api.w.org\/{rel}","templated":true}]}}