{"id":13043,"date":"2017-10-19T19:17:12","date_gmt":"2017-10-19T22:17:12","guid":{"rendered":"http:\/\/blogs.correio24horas.com.br\/mesalte\/?p=13043"},"modified":"2017-10-19T19:17:12","modified_gmt":"2017-10-19T22:17:12","slug":"estilista-jorge-andrade-faz-desfile-em-homenagem-a-africa","status":"publish","type":"post","link":"https:\/\/blogs.correio24horas.com.br\/mesalte\/estilista-jorge-andrade-faz-desfile-em-homenagem-a-africa\/","title":{"rendered":"Estilista Jorge Andrade faz desfile em homenagem \u00e0 \u00c1frica"},"content":{"rendered":"<p>Um dia depois da celebra\u00e7\u00e3o do Dia da Consci\u00eancia Negra, o estilista Jorge Andrade promover\u00e1 um desfile com homenagem \u00e0 \u00c1frica. O desfile-show acontecer\u00e1 no Teatro do Irdeb (rua Pedro Gama na Federa\u00e7\u00e3o) a partir das 20h do dia 21 de novembro.<\/p>\n<p>&#8220;Nessa edi\u00e7\u00e3o quero fazer uma homenagem a nossos ancestrais: os africanos. E, nesse ponto, nada melhor do que Angola que traz a raiz da nossa l\u00edngua. Estarei levando para a passarela muitas cores, fortes e predominantes.\u00a0Ser\u00e3o modelos masculinos e femininos, todos negros&#8221;, explicou Jorge ao Me Salte.<\/p>\n<p>O desfile ter\u00e1 apresenta\u00e7\u00e3o de Valerie O&#8217;rarah. Duas drags queens far\u00e3o performances no intervalo de trocas de roupas. Ingresso: R$ 10 (meia entrada)<\/p>\n<p>Abaixo veja, com exclusividade, uma das pe\u00e7as que estar\u00e1 na parte pr\u00eat-\u00e0-porter da nova cole\u00e7\u00e3o de Jorge Andrade:<\/p>\n<p>&nbsp;<\/p>\n<p><img loading=\"lazy\" decoding=\"async\" class=\"aligncenter size-full wp-image-13045\" src=\"https:\/\/blogs.correio24h.com.br\/mesalte\/wp-content\/uploads\/2017\/10\/modelo-jorge-andrade.jpg\" alt=\"modelo jorge andrade\" width=\"540\" height=\"960\" srcset=\"https:\/\/blogs.correio24h.com.br\/mesalte\/wp-content\/uploads\/2017\/10\/modelo-jorge-andrade.jpg 540w, https:\/\/blogs.correio24h.com.br\/mesalte\/wp-content\/uploads\/2017\/10\/modelo-jorge-andrade-169x300.jpg 169w, https:\/\/blogs.correio24h.com.br\/mesalte\/wp-content\/uploads\/2017\/10\/modelo-jorge-andrade-82x146.jpg 82w, https:\/\/blogs.correio24h.com.br\/mesalte\/wp-content\/uploads\/2017\/10\/modelo-jorge-andrade-28x50.jpg 28w, https:\/\/blogs.correio24h.com.br\/mesalte\/wp-content\/uploads\/2017\/10\/modelo-jorge-andrade-42x75.jpg 42w\" sizes=\"auto, (max-width: 540px) 100vw, 540px\" \/><\/p>\n<p>&nbsp;<\/p>\n","protected":false},"excerpt":{"rendered":"<p>Um dia depois da celebra\u00e7\u00e3o do Dia da Consci\u00eancia Negra, o estilista Jorge Andrade promover\u00e1 um desfile com homenagem \u00e0 \u00c1frica. O desfile-show acontecer\u00e1 no Teatro [&hellip;]<\/p>\n","protected":false},"author":1,"featured_media":13044,"comment_status":"open","ping_status":"open","sticky":false,"template":"","format":"image","meta":{"footnotes":""},"categories":[80,16],"tags":[1486,43,1485],"class_list":["post-13043","post","type-post","status-publish","format-image","has-post-thumbnail","hentry","category-home","category-me-jogo","tag-jorge-andrade","tag-lgbt","tag-moda","post_format-post-format-image"],"_links":{"self":[{"href":"https:\/\/blogs.correio24horas.com.br\/mesalte\/wp-json\/wp\/v2\/posts\/13043","targetHints":{"allow":["GET"]}}],"collection":[{"href":"https:\/\/blogs.correio24horas.com.br\/mesalte\/wp-json\/wp\/v2\/posts"}],"about":[{"href":"https:\/\/blogs.correio24horas.com.br\/mesalte\/wp-json\/wp\/v2\/types\/post"}],"author":[{"embeddable":true,"href":"https:\/\/blogs.correio24horas.com.br\/mesalte\/wp-json\/wp\/v2\/users\/1"}],"replies":[{"embeddable":true,"href":"https:\/\/blogs.correio24horas.com.br\/mesalte\/wp-json\/wp\/v2\/comments?post=13043"}],"version-history":[{"count":1,"href":"https:\/\/blogs.correio24horas.com.br\/mesalte\/wp-json\/wp\/v2\/posts\/13043\/revisions"}],"predecessor-version":[{"id":13046,"href":"https:\/\/blogs.correio24horas.com.br\/mesalte\/wp-json\/wp\/v2\/posts\/13043\/revisions\/13046"}],"wp:featuredmedia":[{"embeddable":true,"href":"https:\/\/blogs.correio24horas.com.br\/mesalte\/wp-json\/wp\/v2\/media\/13044"}],"wp:attachment":[{"href":"https:\/\/blogs.correio24horas.com.br\/mesalte\/wp-json\/wp\/v2\/media?parent=13043"}],"wp:term":[{"taxonomy":"category","embeddable":true,"href":"https:\/\/blogs.correio24horas.com.br\/mesalte\/wp-json\/wp\/v2\/categories?post=13043"},{"taxonomy":"post_tag","embeddable":true,"href":"https:\/\/blogs.correio24horas.com.br\/mesalte\/wp-json\/wp\/v2\/tags?post=13043"}],"curies":[{"name":"wp","href":"https:\/\/api.w.org\/{rel}","templated":true}]}}