{"id":13033,"date":"2017-10-19T13:55:32","date_gmt":"2017-10-19T16:55:32","guid":{"rendered":"http:\/\/blogs.correio24horas.com.br\/mesalte\/?p=13033"},"modified":"2017-10-19T14:06:56","modified_gmt":"2017-10-19T17:06:56","slug":"aiace-lanca-video-de-cancao-em-parceria-com-luiz-melodia","status":"publish","type":"post","link":"https:\/\/blogs.correio24horas.com.br\/mesalte\/aiace-lanca-video-de-cancao-em-parceria-com-luiz-melodia\/","title":{"rendered":"Aiace lan\u00e7a v\u00eddeo de can\u00e7\u00e3o em parceria com Luiz Melodia"},"content":{"rendered":"<p>A cantora baiana Aiace, que tamb\u00e9m faz parte do grupo Sertan\u00edlia, se prepara lan\u00e7ar seu primeiro disco solo em novembro. Antes disso, ela apresenta a can\u00e7\u00e3o \u201cSamba \u00e9 sacerd\u00f3cio\u201d, gravada em parceria com o cantor Luiz Melodia, um dos \u00faltimos registros em est\u00fadio feito pelo cantor que morreu\u00a0no \u00faltimo m\u00eas de agosto. \u201cSempre fui f\u00e3 de Melodia, desde crian\u00e7a, quando escutava com meu pai\u201d, explica a filha do tamb\u00e9m compositor Gileno F\u00e9lix.<\/p>\n<p><strong>Aperta o play e ou\u00e7a<\/strong><br \/>\n<iframe loading=\"lazy\" src=\"https:\/\/www.youtube.com\/embed\/2dYAzYsypqM\" width=\"560\" height=\"315\" frameborder=\"0\" allowfullscreen=\"allowfullscreen\"><\/iframe><\/p>\n<p>Foi ele quem escreveu o samba que tem melodia composta por Paulo Mutti, que tamb\u00e9m assina a produ\u00e7\u00e3o musical do disco. \u201cApresentei os dois e como meu pai queria fazer uma parceria com Paulo, mostrou a letra do samba a ele\u201d, conta.<\/p>\n<p>Segundo Aiace, o produtor n\u00e3o demorou a entregar a composi\u00e7\u00e3o e confessou em uma conversa posterior que havia composto pensando na voz de Luiz Melodia \u201cTanto pelos caminhos mel\u00f3dicos da composi\u00e7\u00e3o quanto pela letra que diz: \u2018quem faz samba \u00e9 jardineiro que sabe plantar a flor \/ sabe as cores que ela tem pra fazer um samba bem do jeitinho do seu amor\u2019\u201d, explica Aiace. \u201cAchei lindo e fiquei apaixonada pela m\u00fasica. Poucos meses depois eu e Paulo conhecemos Melodia por interm\u00e9dio de meu pai e Ricardo Augusto, outro amigo dos dois.\u201d<\/p>\n<p>\nFoi a\u00ed que a parceria nasceu. Na ocasi\u00e3o, um sarau, Aiace apresentou essa e outras can\u00e7\u00f5es a Melodia. \u201cEle foi extremamente generoso e receptivo com a gente e com as m\u00fasicas que mostramos\u201d, conta. Logo em seguida veio o convite para que ele gravasse com ela. \u201cPara mim foi uma honra gigantesca, por ter muito dele e da m\u00fasica dele como uma das minhas grandes influ\u00eancias no canto\u201d, explica Aiace. \u201cGravamos justamente a m\u00fasica composta para ele e hoje \u00e9 ainda mais forte escut\u00e1-lo cantando \u2018eterno \u00e9 o que n\u00e3o se sabe \/ o dia que chega ao fim\u2019\u201d, finaliza a compositora.<\/p>\n<p>\n\u201cA can\u00e7\u00e3o foi inicialmente composta como um samba-bossa, mas depois ganhou um outro colorido\u201d, comenta Aiace. A m\u00fasica canta a composi\u00e7\u00e3o e a sabedoria do compositor que, nesse contexto, \u00e9 comparado a um jardineiro. \u201cA gente usa elementos do samba, ao mesmo tempo, desconstruindo ele e juntando a outras linguagens\u201d, explica a int\u00e9rprete. O v\u00eddeo registro estar\u00e1 dispon\u00edvel na \u00edntegra a partir de segunda-feira (23).<\/p>\n<p><strong>Sobre o disco<\/strong><br \/>\nO primeiro disco solo de Aiace se chamar\u00e1 Dentro Ali e marca uma revolu\u00e7\u00e3o na carreira da cantora. \u201cAs m\u00fasicas desse disco dizem muito sobre mim, sobre minha hist\u00f3ria, minhas inquietudes e inconst\u00e2ncias. \u00c9 um recorte de uma fase bem importante, o primeiro passo para descobertas sozinha.\u201d Al\u00e9m de \u201cSamba \u00e9 sacerd\u00f3cio\u201d e da j\u00e1 lan\u00e7ada \u201cDe qualquer maneira\u201d, outras oito m\u00fasicas est\u00e3o no disco, que inclui uma parceria com o tamb\u00e9m cantor e compositor Lazzo Matumbi, na m\u00fasica Nega Margarida. \u201cDentro Ali\u201d estar\u00e1 dispon\u00edvel nas principais plataformas digitais a partir de meados de novembro.<\/p>\n","protected":false},"excerpt":{"rendered":"<p>A cantora baiana Aiace, que tamb\u00e9m faz parte do grupo Sertan\u00edlia, se prepara lan\u00e7ar seu primeiro disco solo em novembro. Antes disso, ela apresenta a can\u00e7\u00e3o [&hellip;]<\/p>\n","protected":false},"author":1,"featured_media":13034,"comment_status":"open","ping_status":"open","sticky":false,"template":"","format":"image","meta":{"footnotes":""},"categories":[28,80],"tags":[],"class_list":["post-13033","post","type-post","status-publish","format-image","has-post-thumbnail","hentry","category-farofa-digital","category-home","post_format-post-format-image"],"_links":{"self":[{"href":"https:\/\/blogs.correio24horas.com.br\/mesalte\/wp-json\/wp\/v2\/posts\/13033","targetHints":{"allow":["GET"]}}],"collection":[{"href":"https:\/\/blogs.correio24horas.com.br\/mesalte\/wp-json\/wp\/v2\/posts"}],"about":[{"href":"https:\/\/blogs.correio24horas.com.br\/mesalte\/wp-json\/wp\/v2\/types\/post"}],"author":[{"embeddable":true,"href":"https:\/\/blogs.correio24horas.com.br\/mesalte\/wp-json\/wp\/v2\/users\/1"}],"replies":[{"embeddable":true,"href":"https:\/\/blogs.correio24horas.com.br\/mesalte\/wp-json\/wp\/v2\/comments?post=13033"}],"version-history":[{"count":2,"href":"https:\/\/blogs.correio24horas.com.br\/mesalte\/wp-json\/wp\/v2\/posts\/13033\/revisions"}],"predecessor-version":[{"id":13036,"href":"https:\/\/blogs.correio24horas.com.br\/mesalte\/wp-json\/wp\/v2\/posts\/13033\/revisions\/13036"}],"wp:featuredmedia":[{"embeddable":true,"href":"https:\/\/blogs.correio24horas.com.br\/mesalte\/wp-json\/wp\/v2\/media\/13034"}],"wp:attachment":[{"href":"https:\/\/blogs.correio24horas.com.br\/mesalte\/wp-json\/wp\/v2\/media?parent=13033"}],"wp:term":[{"taxonomy":"category","embeddable":true,"href":"https:\/\/blogs.correio24horas.com.br\/mesalte\/wp-json\/wp\/v2\/categories?post=13033"},{"taxonomy":"post_tag","embeddable":true,"href":"https:\/\/blogs.correio24horas.com.br\/mesalte\/wp-json\/wp\/v2\/tags?post=13033"}],"curies":[{"name":"wp","href":"https:\/\/api.w.org\/{rel}","templated":true}]}}