{"id":13015,"date":"2017-10-19T11:34:22","date_gmt":"2017-10-19T14:34:22","guid":{"rendered":"http:\/\/blogs.correio24horas.com.br\/mesalte\/?p=13015"},"modified":"2017-10-19T13:20:08","modified_gmt":"2017-10-19T16:20:08","slug":"narcos-terceira-temporada-revela-historia-de-traficante-gay","status":"publish","type":"post","link":"https:\/\/blogs.correio24horas.com.br\/mesalte\/narcos-terceira-temporada-revela-historia-de-traficante-gay\/","title":{"rendered":"Narcos: terceira temporada revela hist\u00f3ria de traficante gay"},"content":{"rendered":"<p>Sem a presen\u00e7a de Pabllo Escobar (Wagner Moura), a terceira temporada da s\u00e9rie Narcos tinha tudo para cair na mesmice e ficar chata. Mas, a Netflix peparou uma uma s\u00e9rie de epis\u00f3dios com temas pol\u00eamicos e que prendem a aten\u00e7\u00e3o de quem est\u00e1 assistindo (tanto que eu vi os dez epis\u00f3dios em um \u00fanico dia).\u00a0Um dos temas mais importantes da temporada \u00e9 a homossexualidade do traficante Pacho Herrera, interpretado por <a href=\"https:\/\/www.instagram.com\/albertoammann\/\" target=\"_blank\">Alberto Ammann<\/a>. Herrera \u00e9 um dos quatro l\u00edderes do Cartel de Cali, na Col\u00f4mbia. O cartel \u00e9, de fato, o grande objeto dos epis\u00f3dios.<\/p>\n<p><strong>(((ABAIXO DA FOTO TEM SPOILERS DA S\u00c9RIE E MAIS COISAS SOBRE A TEMPORADA))))<\/strong><\/p>\n<p><a href=\"https:\/\/blogs.correio24horas.com.br\/mesalte\/valesca-karol-conka-e-lorena-simpson-serao-estrelas-do-trio-da-uber-na-parada-lgbt-da-bahia\/https:\/\/blogs.correio24horas.com.br\/mesalte\/\" target=\"_blank\"><img loading=\"lazy\" decoding=\"async\" class=\"aligncenter size-full wp-image-13016\" src=\"https:\/\/blogs.correio24h.com.br\/mesalte\/wp-content\/uploads\/2017\/10\/herrera.jpg\" alt=\"herrera\" width=\"750\" height=\"421\" srcset=\"https:\/\/blogs.correio24h.com.br\/mesalte\/wp-content\/uploads\/2017\/10\/herrera.jpg 750w, https:\/\/blogs.correio24h.com.br\/mesalte\/wp-content\/uploads\/2017\/10\/herrera-300x168.jpg 300w, https:\/\/blogs.correio24h.com.br\/mesalte\/wp-content\/uploads\/2017\/10\/herrera-260x146.jpg 260w, https:\/\/blogs.correio24h.com.br\/mesalte\/wp-content\/uploads\/2017\/10\/herrera-50x28.jpg 50w, https:\/\/blogs.correio24h.com.br\/mesalte\/wp-content\/uploads\/2017\/10\/herrera-134x75.jpg 134w\" sizes=\"auto, (max-width: 750px) 100vw, 750px\" \/><\/a><\/p>\n<p>Se Escobar e o Cartel de Medell\u00edn ganhavam as manchetes por suas a\u00e7\u00f5es violentas, os chef\u00f5es de Cali preferiam a discri\u00e7\u00e3o, mas quando precisavam tocar o terror faziam isso\u00a0com maestria. Pacho, inclusive promove assassinatos com muita crueldade ao longo dos epis\u00f3dios. Um deles, por exemplo, \u00e9 preciso ter est\u00f4mago forte para assistir.<\/p>\n<p>A sexualidade do l\u00edder do Cartel de Cali ser\u00e1 revelada logo no final do primeiro epis\u00f3dio.\u00a0A cena acontece em um\u00a0bar\u00a0onde Pacho\u00a0dan\u00e7a \u201ccoladinho\u201d e aos beijos com outro homem uma salsa bem caliente.<\/p>\n<p>No livro\u00a0&#8220;La patrona de Pablo Escobar&#8221; do jornalista\u00a0Jos\u00e9 Guarnizo, que inspirou essa temporada da s\u00e9rie, Pacho \u00e9 descrito como um amante caliente e que flertava com muitos homens. Nos epis\u00f3dios fica muito claro que a sexualidade do traficante \u00e9 um detalhe importante na trama, mas n\u00e3o faz o esteri\u00f3tipo de gay do bem. Ele era extremamente violento. Ou seja, nem s\u00f3 de unic\u00f3rnios \u00e9 feito o vale.<\/p>\n<p><img loading=\"lazy\" decoding=\"async\" class=\"aligncenter size-full wp-image-13017\" src=\"https:\/\/blogs.correio24h.com.br\/mesalte\/wp-content\/uploads\/2017\/10\/narcos.jpg\" alt=\"narcos\" width=\"696\" height=\"464\" srcset=\"https:\/\/blogs.correio24h.com.br\/mesalte\/wp-content\/uploads\/2017\/10\/narcos.jpg 696w, https:\/\/blogs.correio24h.com.br\/mesalte\/wp-content\/uploads\/2017\/10\/narcos-300x200.jpg 300w, https:\/\/blogs.correio24h.com.br\/mesalte\/wp-content\/uploads\/2017\/10\/narcos-219x146.jpg 219w, https:\/\/blogs.correio24h.com.br\/mesalte\/wp-content\/uploads\/2017\/10\/narcos-50x33.jpg 50w, https:\/\/blogs.correio24h.com.br\/mesalte\/wp-content\/uploads\/2017\/10\/narcos-113x75.jpg 113w\" sizes=\"auto, (max-width: 696px) 100vw, 696px\" \/><\/p>\n<p>O personagem da vida real, segundo a imprensa colombiana, n\u00e3o tinha problemas aparentes \u00a0quanto \u00e0 sexualidade. Ele sempre impunha seu poder de traficante em qualquer situa\u00e7\u00e3o mais complicada. Nesta temporada, aparentemente, ele vive um romance breve com \u00a0um boy bem mais novinho&#8230;.<\/p>\n<p><img loading=\"lazy\" decoding=\"async\" class=\"aligncenter size-full wp-image-13018\" src=\"https:\/\/blogs.correio24h.com.br\/mesalte\/wp-content\/uploads\/2017\/10\/narcos-2.jpg\" alt=\"narcos 2\" width=\"640\" height=\"360\" srcset=\"https:\/\/blogs.correio24h.com.br\/mesalte\/wp-content\/uploads\/2017\/10\/narcos-2.jpg 640w, https:\/\/blogs.correio24h.com.br\/mesalte\/wp-content\/uploads\/2017\/10\/narcos-2-300x169.jpg 300w, https:\/\/blogs.correio24h.com.br\/mesalte\/wp-content\/uploads\/2017\/10\/narcos-2-260x146.jpg 260w, https:\/\/blogs.correio24h.com.br\/mesalte\/wp-content\/uploads\/2017\/10\/narcos-2-50x28.jpg 50w, https:\/\/blogs.correio24h.com.br\/mesalte\/wp-content\/uploads\/2017\/10\/narcos-2-133x75.jpg 133w\" sizes=\"auto, (max-width: 640px) 100vw, 640px\" \/><\/p>\n<p>Pacho era o respons\u00e1vel pela conex\u00e3o mexicana do cartel e da distribui\u00e7\u00e3o internacional da droga. Ele era chamado de &#8220;o homem de mil rostos&#8221; pela imprensa colombiana. Ele acertou sua rendi\u00e7\u00e3o em 1996, depois de conseguir escapar da pol\u00edcia, mas acabou sendo morto em 1998 quando tinha 47 anos e estava em uma pris\u00e3o de seguran\u00e7a m\u00e1xima na Col\u00f4mbia.<\/p>\n<p>O ator escolhido para viver o traficante foi o argentino Alberto Ammann (que na caracteriza\u00e7\u00e3o ficou um pouco prejudicado, mas \u00e9 um sap\u00e3o) . Antes de Narcos, seu trabalho de maior destaque no cinema foi o papel protagonista no filme espanhol Cela 211 que lhe rendeu o pr\u00eamio de melhor ator revela\u00e7\u00e3o nos Pr\u00eamios Goya de 2009.<\/p>\n<p><strong>Inclusive&#8230;. no elenco desta temporada tem uns atores beeeeeem bons:<\/strong><\/p>\n<ol>\n<li><strong>Pedro Pascal, que vive o agente da DEA Javier Pe\u00f1a<\/strong><img loading=\"lazy\" decoding=\"async\" class=\"aligncenter size-large wp-image-13021\" src=\"https:\/\/blogs.correio24h.com.br\/mesalte\/wp-content\/uploads\/2017\/10\/javier-1024x682.jpg\" alt=\"javier\" width=\"1024\" height=\"682\" srcset=\"https:\/\/blogs.correio24h.com.br\/mesalte\/wp-content\/uploads\/2017\/10\/javier-1024x682.jpg 1024w, https:\/\/blogs.correio24h.com.br\/mesalte\/wp-content\/uploads\/2017\/10\/javier-300x200.jpg 300w, https:\/\/blogs.correio24h.com.br\/mesalte\/wp-content\/uploads\/2017\/10\/javier-768x512.jpg 768w, https:\/\/blogs.correio24h.com.br\/mesalte\/wp-content\/uploads\/2017\/10\/javier-219x146.jpg 219w, https:\/\/blogs.correio24h.com.br\/mesalte\/wp-content\/uploads\/2017\/10\/javier-50x33.jpg 50w, https:\/\/blogs.correio24h.com.br\/mesalte\/wp-content\/uploads\/2017\/10\/javier-113x75.jpg 113w, https:\/\/blogs.correio24h.com.br\/mesalte\/wp-content\/uploads\/2017\/10\/javier.jpg 1351w\" sizes=\"auto, (max-width: 1024px) 100vw, 1024px\" \/><\/li>\n<li><strong>Matias Varela, que interpreta Jorge Salcedo<br \/>\n<img loading=\"lazy\" decoding=\"async\" class=\"aligncenter size-full wp-image-13024\" src=\"https:\/\/blogs.correio24h.com.br\/mesalte\/wp-content\/uploads\/2017\/10\/Matias-Varela-1.jpg\" alt=\"Matias Varela\" width=\"740\" height=\"493\" srcset=\"https:\/\/blogs.correio24h.com.br\/mesalte\/wp-content\/uploads\/2017\/10\/Matias-Varela-1.jpg 740w, https:\/\/blogs.correio24h.com.br\/mesalte\/wp-content\/uploads\/2017\/10\/Matias-Varela-1-300x200.jpg 300w, https:\/\/blogs.correio24h.com.br\/mesalte\/wp-content\/uploads\/2017\/10\/Matias-Varela-1-219x146.jpg 219w, https:\/\/blogs.correio24h.com.br\/mesalte\/wp-content\/uploads\/2017\/10\/Matias-Varela-1-50x33.jpg 50w, https:\/\/blogs.correio24h.com.br\/mesalte\/wp-content\/uploads\/2017\/10\/Matias-Varela-1-113x75.jpg 113w\" sizes=\"auto, (max-width: 740px) 100vw, 740px\" \/><br \/>\n<\/strong><\/li>\n<li><strong>Miguel \u00c1ngel Silvestre, sim, sim, o del\u00edcia de Sense 8 fazer uma participa\u00e7\u00e3o nesta temporada<\/strong><br \/>\n<img loading=\"lazy\" decoding=\"async\" class=\"aligncenter size-full wp-image-13025\" src=\"https:\/\/blogs.correio24h.com.br\/mesalte\/wp-content\/uploads\/2017\/10\/miguel-angel-silvestre-narcos.jpg\" alt=\"miguel-angel-silvestre-narcos\" width=\"600\" height=\"400\" srcset=\"https:\/\/blogs.correio24h.com.br\/mesalte\/wp-content\/uploads\/2017\/10\/miguel-angel-silvestre-narcos.jpg 600w, https:\/\/blogs.correio24h.com.br\/mesalte\/wp-content\/uploads\/2017\/10\/miguel-angel-silvestre-narcos-300x200.jpg 300w, https:\/\/blogs.correio24h.com.br\/mesalte\/wp-content\/uploads\/2017\/10\/miguel-angel-silvestre-narcos-219x146.jpg 219w, https:\/\/blogs.correio24h.com.br\/mesalte\/wp-content\/uploads\/2017\/10\/miguel-angel-silvestre-narcos-50x33.jpg 50w, https:\/\/blogs.correio24h.com.br\/mesalte\/wp-content\/uploads\/2017\/10\/miguel-angel-silvestre-narcos-113x75.jpg 113w\" sizes=\"auto, (max-width: 600px) 100vw, 600px\" \/><\/li>\n<\/ol>\n<p>&nbsp;<\/p>\n","protected":false},"excerpt":{"rendered":"<p>Sem a presen\u00e7a de Pabllo Escobar (Wagner Moura), a terceira temporada da s\u00e9rie Narcos tinha tudo para cair na mesmice e ficar chata. Mas, a Netflix [&hellip;]<\/p>\n","protected":false},"author":1,"featured_media":13019,"comment_status":"open","ping_status":"open","sticky":false,"template":"","format":"image","meta":{"footnotes":""},"categories":[28,80],"tags":[1484],"class_list":["post-13015","post","type-post","status-publish","format-image","has-post-thumbnail","hentry","category-farofa-digital","category-home","tag-narcos","post_format-post-format-image"],"_links":{"self":[{"href":"https:\/\/blogs.correio24horas.com.br\/mesalte\/wp-json\/wp\/v2\/posts\/13015","targetHints":{"allow":["GET"]}}],"collection":[{"href":"https:\/\/blogs.correio24horas.com.br\/mesalte\/wp-json\/wp\/v2\/posts"}],"about":[{"href":"https:\/\/blogs.correio24horas.com.br\/mesalte\/wp-json\/wp\/v2\/types\/post"}],"author":[{"embeddable":true,"href":"https:\/\/blogs.correio24horas.com.br\/mesalte\/wp-json\/wp\/v2\/users\/1"}],"replies":[{"embeddable":true,"href":"https:\/\/blogs.correio24horas.com.br\/mesalte\/wp-json\/wp\/v2\/comments?post=13015"}],"version-history":[{"count":5,"href":"https:\/\/blogs.correio24horas.com.br\/mesalte\/wp-json\/wp\/v2\/posts\/13015\/revisions"}],"predecessor-version":[{"id":13030,"href":"https:\/\/blogs.correio24horas.com.br\/mesalte\/wp-json\/wp\/v2\/posts\/13015\/revisions\/13030"}],"wp:featuredmedia":[{"embeddable":true,"href":"https:\/\/blogs.correio24horas.com.br\/mesalte\/wp-json\/wp\/v2\/media\/13019"}],"wp:attachment":[{"href":"https:\/\/blogs.correio24horas.com.br\/mesalte\/wp-json\/wp\/v2\/media?parent=13015"}],"wp:term":[{"taxonomy":"category","embeddable":true,"href":"https:\/\/blogs.correio24horas.com.br\/mesalte\/wp-json\/wp\/v2\/categories?post=13015"},{"taxonomy":"post_tag","embeddable":true,"href":"https:\/\/blogs.correio24horas.com.br\/mesalte\/wp-json\/wp\/v2\/tags?post=13015"}],"curies":[{"name":"wp","href":"https:\/\/api.w.org\/{rel}","templated":true}]}}