{"id":12719,"date":"2017-09-21T20:14:36","date_gmt":"2017-09-21T23:14:36","guid":{"rendered":"http:\/\/blogs.correio24horas.com.br\/mesalte\/?p=12719"},"modified":"2017-09-24T21:36:13","modified_gmt":"2017-09-25T00:36:13","slug":"espetaculo-manha-faz-curta-temporada-em-salvador-para-falar-de-amor","status":"publish","type":"post","link":"https:\/\/blogs.correio24horas.com.br\/mesalte\/espetaculo-manha-faz-curta-temporada-em-salvador-para-falar-de-amor\/","title":{"rendered":"Espet\u00e1culo \u201cManh\u00e3\u201d faz curta temporada em Salvador para falar de amor"},"content":{"rendered":"<p>\u00c9 preciso e\u00a0urgente falarmos de amor. Esse \u00e9 o principal tema do espet\u00e1culo Manh\u00e3, que chega a Salvador no m\u00eas de setembro.\u00a0Com texto e dire\u00e7\u00e3o de Andr\u00e9 Garcia, Manh\u00e3 tem como pano de fundo o relacionamento conjugal entre dois homens. A pe\u00e7a se passa durante uma noite na vida desses amantes e ter\u00e1 apresenta\u00e7\u00f5es na capital baiana nos dias 22, 23 e 24 no Teatro Vila Velha (Passeio P\u00fablico).<\/p>\n<p>Segundo Andr\u00e9 Garcia, a rela\u00e7\u00e3o homoafetiva faz parte do contexto da trama, mas os dramas vividos pelo casal s\u00e3o universais, \u201cpois amor \u00e9 sempre amor, independentemente de credo, sexo e tradi\u00e7\u00e3o\u201d. Para ele, a hist\u00f3ria poderia ser encenada por qualquer tipo de casal.<\/p>\n<p>\u201cNo entanto, a op\u00e7\u00e3o do grupo por um casal de dois homens promove ainda o debate sobre a import\u00e2ncia da conviv\u00eancia com a diversidade, sobre a concep\u00e7\u00e3o de fam\u00edlia e a necessidade do reconhecimento de direitos iguais, num momento em que camadas conservadoras avan\u00e7am na pol\u00edtica no Brasil e no mundo\u201d, afirma.<\/p>\n<p>A encena\u00e7\u00e3o tem como proposta revelar os aspectos objetivos e subjetivos dos personagens para compor atmosferas variadas, emocionais e simb\u00f3licas. Os dois atores principais s\u00e3o auxiliados por dois personagens \u201csombras\u201d, vestidos de branco, que movimentam a estrutura cenogr\u00e1fica e os objetos de cena \u2013 ou at\u00e9 os pr\u00f3prios atores -, participando como motores de toda a trama. Eles s\u00e3o uma releitura da figura do k\u00f4ken, do teatro Noh japon\u00eas, al\u00e9m de se tornarem personagens curinga ao longo do espet\u00e1culo.<\/p>\n<p>Segundo o ator Leudo Lima, que faz uma das sombras dos personagens principais, \u201ch\u00e1 momentos em que o p\u00fablico n\u00e3o sabe se est\u00e1 dialogando com os pr\u00f3prios atores, com personagens narradores ou com os amantes, vivendo o seu drama na quarta parede\u201d.<\/p>\n<p><strong>Acessibilidade<\/strong><br \/>\nAl\u00e9m de disponibilizar programas impressos em braile, o espet\u00e1culo ainda promove outras a\u00e7\u00f5es de acessibilidade para deficientes visuais, oferecendo aparelhos de audiodescri\u00e7\u00e3o e uma visita guiada ao cen\u00e1rio, 30 minutos antes do espet\u00e1culo. Para reservar o aparelho ou agendar a visita guiada, basta entrar em contato com o grupo atrav\u00e9s do e-mail: contato@grupodomo.art.br.<\/p>\n<p><strong>Ficha t\u00e9cnica \u201cManh\u00e3\u201d<\/strong><\/p>\n<p>Dire\u00e7\u00e3o\/ Texto: Andr\u00e9 Garcia<br \/>\nAssistente de dire\u00e7\u00e3o: Leudo Lima<br \/>\nElenco: Andr\u00e9 Garcia, Bruno Estrela, Leudo Lima, Guilherme Victor<br \/>\nIlumina\u00e7\u00e3o: Manuela Castelo Branco<br \/>\nCen\u00e1rios\/ Figurinos: Andr\u00e9 Garcia<\/p>\n<p><strong>Servi\u00e7o<\/strong><\/p>\n<p>\u201cManh\u00e3\u201d- espet\u00e1culo teatral Grupo Domo<br \/>\nData: 22 a 24 de setembro<br \/>\nHor\u00e1rio: sexta e s\u00e1bado \u00e0s 20hs | domingo, \u00e0s 19hs.<br \/>\nLocal: Teatro Vila Velha (Av. Sete de setembro, s\/n \u2013 Passeio p\u00fablico)<br \/>\nIngressos: R$20,00 (inteira)<br \/>\nClassifica\u00e7\u00e3o Indicativa: 16 anos.<br \/>\nContato: contato@grupodomo.art.br \/ (61) 99408-1000<br \/>\nEvento no Face: https:\/\/www.facebook.com\/events\/1088002618000388<br \/>\nIngressos antecipados clique <a href=\"https:\/\/www.ingressorapido.com.br\/compra\/?id=59176#!\/tickets\" target=\"_blank\">aqui<\/a><\/p>\n","protected":false},"excerpt":{"rendered":"<p>\u00c9 preciso e\u00a0urgente falarmos de amor. Esse \u00e9 o principal tema do espet\u00e1culo Manh\u00e3, que chega a Salvador no m\u00eas de setembro.\u00a0Com texto e dire\u00e7\u00e3o de [&hellip;]<\/p>\n","protected":false},"author":1,"featured_media":12720,"comment_status":"open","ping_status":"open","sticky":false,"template":"","format":"image","meta":{"footnotes":""},"categories":[28],"tags":[],"class_list":["post-12719","post","type-post","status-publish","format-image","has-post-thumbnail","hentry","category-farofa-digital","post_format-post-format-image"],"_links":{"self":[{"href":"https:\/\/blogs.correio24horas.com.br\/mesalte\/wp-json\/wp\/v2\/posts\/12719","targetHints":{"allow":["GET"]}}],"collection":[{"href":"https:\/\/blogs.correio24horas.com.br\/mesalte\/wp-json\/wp\/v2\/posts"}],"about":[{"href":"https:\/\/blogs.correio24horas.com.br\/mesalte\/wp-json\/wp\/v2\/types\/post"}],"author":[{"embeddable":true,"href":"https:\/\/blogs.correio24horas.com.br\/mesalte\/wp-json\/wp\/v2\/users\/1"}],"replies":[{"embeddable":true,"href":"https:\/\/blogs.correio24horas.com.br\/mesalte\/wp-json\/wp\/v2\/comments?post=12719"}],"version-history":[{"count":2,"href":"https:\/\/blogs.correio24horas.com.br\/mesalte\/wp-json\/wp\/v2\/posts\/12719\/revisions"}],"predecessor-version":[{"id":12722,"href":"https:\/\/blogs.correio24horas.com.br\/mesalte\/wp-json\/wp\/v2\/posts\/12719\/revisions\/12722"}],"wp:featuredmedia":[{"embeddable":true,"href":"https:\/\/blogs.correio24horas.com.br\/mesalte\/wp-json\/wp\/v2\/media\/12720"}],"wp:attachment":[{"href":"https:\/\/blogs.correio24horas.com.br\/mesalte\/wp-json\/wp\/v2\/media?parent=12719"}],"wp:term":[{"taxonomy":"category","embeddable":true,"href":"https:\/\/blogs.correio24horas.com.br\/mesalte\/wp-json\/wp\/v2\/categories?post=12719"},{"taxonomy":"post_tag","embeddable":true,"href":"https:\/\/blogs.correio24horas.com.br\/mesalte\/wp-json\/wp\/v2\/tags?post=12719"}],"curies":[{"name":"wp","href":"https:\/\/api.w.org\/{rel}","templated":true}]}}