{"id":12671,"date":"2017-09-19T19:40:19","date_gmt":"2017-09-19T22:40:19","guid":{"rendered":"http:\/\/blogs.correio24horas.com.br\/mesalte\/?p=12671"},"modified":"2017-09-19T19:40:19","modified_gmt":"2017-09-19T22:40:19","slug":"coletivo-propoe-danca-de-salao-entre-homens-gays","status":"publish","type":"post","link":"https:\/\/blogs.correio24horas.com.br\/mesalte\/coletivo-propoe-danca-de-salao-entre-homens-gays\/","title":{"rendered":"Coletivo prop\u00f5e dan\u00e7a de sal\u00e3o entre homens gays"},"content":{"rendered":"<p>Em qu\u00ea implica ser homem e gay na dan\u00e7a de sal\u00e3o? Este \u00e9 um dos questionamentos que vem provocando o Casa 4, projeto art\u00edstico desenvolvido em Salvador pelos dan\u00e7arinos-criadores Alisson George, Guilherme Fraga, J\u00f4natas Raine, Leandro de Oliveira e Marcelo Galv\u00e3o.<\/p>\n<p>No formato de espet\u00e1culo de dan\u00e7a e com estreia prevista para novembro, o projeto busca refletir sobre as rela\u00e7\u00f5es constru\u00eddas pela dan\u00e7a de sal\u00e3o nos corpos dos artistas envolvidos. \u201cCorpos viados, afeminados, fechativos, brutos, sens\u00edveis e mais um bocado de coisa\u201d, ressalta Marcelo Galv\u00e3o, dan\u00e7arino formado pela Universidade Federal da Bahia (Ufba).<\/p>\n<p><iframe loading=\"lazy\" src=\"https:\/\/www.youtube.com\/embed\/3np6O10yNSY\" width=\"560\" height=\"315\" frameborder=\"0\" allowfullscreen=\"allowfullscreen\"><\/iframe><\/p>\n<p>Os ensaios acontecem desde junho deste ano e agora o grupo lan\u00e7a uma campanha de financiamento coletivo para viabilizar a realiza\u00e7\u00e3o do espet\u00e1culo pelo site <strong><a href=\"http:\/\/www.catarse.me\/casaquatro\" target=\"_blank\">www.catarse.me\/casaquatro<\/a><\/strong>. Tradicionalmente as dan\u00e7as de sal\u00e3o carregam signos e regras que refor\u00e7am os estere\u00f3tipos de g\u00eanero e excluem outras possibilidades de dan\u00e7ar a dois.<\/p>\n<p>Neste sentido, os dan\u00e7arinos do Casa 4 t\u00eam mergulhado em suas experi\u00eancias, nos preconceitos velados e nas microviol\u00eancias di\u00e1rias para falar sobre ser gay neste universo. \u201cAcreditamos n\u00e3o d\u00e1 mais para gente n\u00e3o fazer, n\u00e3o falar, n\u00e3o dan\u00e7ar respeitando o que a gente \u00e9\u201d, afirma Guilherme Fraga, mestre em Dan\u00e7a pela UFBA e professor da Funda\u00e7\u00e3o Cultural do Estado da Bahia (Funceb).<\/p>\n<p>Em cena, a proposta \u00e9 n\u00e3o se limitar a binarismos como condutor-conduzido, ativo-passivo, masculino-feminino. Desejos, amor, breguice e viadagem conduzem os \u201cdois pra l\u00e1, dois pra c\u00e1\u201d deste projeto em processo de cria\u00e7\u00e3o. Destaque para a equipe desta a\u00e7\u00e3o art\u00edstica-pol\u00edtica-amorosa que re\u00fane, exclusivamente, colaboradores LGBTQI+. Integram o Casa 4, Caio Figueiredo (artista visual), David Calluque (arquiteto\/cen\u00f3grafo) Diego Moreno (designer gr\u00e1fico), Diego Solon (estilista) e Maiana Brito (cineasta). Para acompanhar o trabalho sigam o grupo nas redes sociais @casa04producoes.<\/p>\n","protected":false},"excerpt":{"rendered":"<p>Em qu\u00ea implica ser homem e gay na dan\u00e7a de sal\u00e3o? Este \u00e9 um dos questionamentos que vem provocando o Casa 4, projeto art\u00edstico desenvolvido em [&hellip;]<\/p>\n","protected":false},"author":1,"featured_media":12672,"comment_status":"open","ping_status":"open","sticky":false,"template":"","format":"image","meta":{"footnotes":""},"categories":[80,16],"tags":[],"class_list":["post-12671","post","type-post","status-publish","format-image","has-post-thumbnail","hentry","category-home","category-me-jogo","post_format-post-format-image"],"_links":{"self":[{"href":"https:\/\/blogs.correio24horas.com.br\/mesalte\/wp-json\/wp\/v2\/posts\/12671","targetHints":{"allow":["GET"]}}],"collection":[{"href":"https:\/\/blogs.correio24horas.com.br\/mesalte\/wp-json\/wp\/v2\/posts"}],"about":[{"href":"https:\/\/blogs.correio24horas.com.br\/mesalte\/wp-json\/wp\/v2\/types\/post"}],"author":[{"embeddable":true,"href":"https:\/\/blogs.correio24horas.com.br\/mesalte\/wp-json\/wp\/v2\/users\/1"}],"replies":[{"embeddable":true,"href":"https:\/\/blogs.correio24horas.com.br\/mesalte\/wp-json\/wp\/v2\/comments?post=12671"}],"version-history":[{"count":1,"href":"https:\/\/blogs.correio24horas.com.br\/mesalte\/wp-json\/wp\/v2\/posts\/12671\/revisions"}],"predecessor-version":[{"id":12673,"href":"https:\/\/blogs.correio24horas.com.br\/mesalte\/wp-json\/wp\/v2\/posts\/12671\/revisions\/12673"}],"wp:featuredmedia":[{"embeddable":true,"href":"https:\/\/blogs.correio24horas.com.br\/mesalte\/wp-json\/wp\/v2\/media\/12672"}],"wp:attachment":[{"href":"https:\/\/blogs.correio24horas.com.br\/mesalte\/wp-json\/wp\/v2\/media?parent=12671"}],"wp:term":[{"taxonomy":"category","embeddable":true,"href":"https:\/\/blogs.correio24horas.com.br\/mesalte\/wp-json\/wp\/v2\/categories?post=12671"},{"taxonomy":"post_tag","embeddable":true,"href":"https:\/\/blogs.correio24horas.com.br\/mesalte\/wp-json\/wp\/v2\/tags?post=12671"}],"curies":[{"name":"wp","href":"https:\/\/api.w.org\/{rel}","templated":true}]}}