{"id":12662,"date":"2017-09-19T08:34:10","date_gmt":"2017-09-19T11:34:10","guid":{"rendered":"http:\/\/blogs.correio24horas.com.br\/mesalte\/?p=12662"},"modified":"2017-09-19T08:41:07","modified_gmt":"2017-09-19T11:41:07","slug":"o-seu-juiz-ser-gay-nao-e-doenca-ser-preconceituoso-sim","status":"publish","type":"post","link":"https:\/\/blogs.correio24horas.com.br\/mesalte\/o-seu-juiz-ser-gay-nao-e-doenca-ser-preconceituoso-sim\/","title":{"rendered":"&#8216;\u00d4 seu juiz, ser gay n\u00e3o \u00e9 doen\u00e7a. Ser preconceituoso, SIM&#8217;"},"content":{"rendered":"<p>Escrevo esse texto especialmente para o juiz federal da <a href=\"https:\/\/blogs.correio24horas.com.br\/mesalte\/juiz-libera-cura-gay-por-psicologos\/\" target=\"_blank\">14\u00aa Vara do Distrito Federal Waldemar Cl\u00e1udio de Carvalho, a\u00a0psic\u00f3loga Rozangela Alves Justino<\/a> e todas as pessoas que acreditam que ser homossexual \u00e9 uma doen\u00e7a e que precisa de tratamento. Sim, acreditem, meus amigos, estamos em 2017 e parece que voltamos aos tribunais da inquisi\u00e7\u00e3o da Idade M\u00e9dia. O referido juiz, em resposta a uma a\u00e7\u00e3o proposta pela citada psic\u00f3loga que pede o direito de poder &#8216;tratar&#8217; e\u00a0&#8216;oferecer a cura gay&#8217;.<\/p>\n<p>A decis\u00e3o \u00e9 um retrocesso sem precedentes na hist\u00f3ria do Direito brasileiro. A homossexualidade \u00e9 uma orienta\u00e7\u00e3o sexual t\u00e3o normal, saud\u00e1vel e natural quanto a heterossexualidade ou a bissexualidade. O Judici\u00e1rio deveria se preocupar em buscar a revers\u00e3o para a corrup\u00e7\u00e3o e das filas intermin\u00e1veis de processos que precisam de julgamento. Dados divulgados pelo Conselho Nacional de Justi\u00e7a (CNJ) na semana passada indicam que os tribunais do pa\u00eds t\u00eam uma taxa de congestionamento de 75,3%. Essa taxa mede o percentual de casos que permanecem sem solu\u00e7\u00e3o ao final do ano, em rela\u00e7\u00e3o aos autos que est\u00e3o pendentes e os que foram solucionados. Ser\u00e1 que esses processos n\u00e3o precisam de uma cura mais urgente?<\/p>\n<p><strong>Estamos vivendo um retrocesso, uma viola\u00e7\u00e3o dos direitos e uma afronta a toda liberdade que existe nesse pa\u00eds. N\u00e3o podemos aceitar que o Brasil d\u00ea um giro ao passado. O que precisa de rem\u00e9dio \u00e9 o preconceito que circula na nossa sociedade.\u00a0<\/strong><\/p>\n<p>A Organiza\u00e7\u00e3o Mundial da Sa\u00fade incluiu o termo &#8216;homossexualismo&#8217; na classifica\u00e7\u00e3o internacional de doen\u00e7as de 1977 (CID) como uma doen\u00e7a mental, mas, na revis\u00e3o da lista de\u00a0doen\u00e7as, em 1990, a orienta\u00e7\u00e3o sexual foi retirada e deixou de ter o entendimento que seria uma doen\u00e7a. Por este motivo, o dia 17 de maio ficou marcado como Dia Internacional\u00a0contra a Homofobia. Em 1886, o sex\u00f3logo Richard von Krafft-Ebing listou a homossexualidade e outros 200 estudos de casos de pr\u00e1ticas sexuais em sua obra Psychopathia Sexualis .<\/p>\n<p>A decis\u00e3o do juiz faz o Brasil se alinhar com o s\u00e9culo 19 quando Krafft-Ebing prop\u00f4s que a homossexualidade era causada por uma &#8220;invers\u00e3o cong\u00eanita&#8221; e vai de encontro a centenas de estudos que viveram depois disso considerando que ser homossexual n\u00e3o \u00e9 doen\u00e7a. O Brasil, atrav\u00e9s do Conselho Federal de Psicologia, deixou de considerar a orienta\u00e7\u00e3o sexual como doen\u00e7a ainda em 1985, antes mesmo da resolu\u00e7\u00e3o da OMS.<\/p>\n<p><strong>Mas, o que estaria por traz da decis\u00e3o do juiz? Ela \u00e9 resultado de uma onda conservadora movida pelo preconceito que est\u00e1 introjectado na sociedade. O mundo precisa caminhar para\u00a0compreender a orienta\u00e7\u00e3o sexual apenas como uma quest\u00e3o individual e n\u00e3o um problema de sa\u00fade. <\/strong><\/p>\n<p>O desafio continua nas culturas de rejei\u00e7\u00e3o ao direito de orienta\u00e7\u00e3o sexual, com o\u00a0preconceito chegando, inclusive, \u00e0 condena\u00e7\u00e3o penal e morte em alguns pa\u00edses. No Brasil n\u00e3o existe pena de morte, mas a cada 25 horas uma pessoa LGBT \u00e9 assassinada tendo como\u00a0pano de fundo O PRECONCEITO E O \u00d3DIO. Tornar legal a explora\u00e7\u00e3o comercial de tratamentos da dita cura gay \u00e9 colocar mais \u00e0 margem da sociedade uma popula\u00e7\u00e3o que carece de aten\u00e7\u00e3o\u00a0e pol\u00edticas p\u00fablicas.<\/p>\n<p>No dicion\u00e1rio doen\u00e7a significa uma &#8216;altera\u00e7\u00e3o biol\u00f3gica do estado de sa\u00fade de um ser (homem, animal etc.), manifestada por um conjunto de sintomas percept\u00edveis ou n\u00e3o; \u00a0enfermidade, mal, mol\u00e9stia&#8217;. Ora, sou gay desde que nasci e nunca fui hospitalizado por ser gay. Se fosse uma doen\u00e7a, boa parte da for\u00e7a produtiva do Brasil estaria parada. Se fosse uma doen\u00e7a a for\u00e7a produtiva de boa parte do pa\u00eds estaria fadada a lotar (ainda mais) as fileiras do Instituto Nacional de Seguridade Social (INSS). J\u00e1 pensou, sr. juiz, se todo gay resolver pedir afastamento do trabalho seguindo seu entendimento que ser gay \u00e9 ser doente? O incha\u00e7o &#8211; bem doente- da previd\u00eancia social ia entrar em um colapso ainda maior.<\/p>\n<p><strong>\u00c9 preciso ter um entendimento bem simples: a minha orienta\u00e7\u00e3o sexual s\u00f3 interessa a mim! Minha atra\u00e7\u00e3o por homens diz respeito a mim. A Justi\u00e7a n\u00e3o deve, n\u00e3o precisa e n\u00e3o vai mandar ou classificar quem eu beijo ou deita na minha cama.\u00a0<\/strong><\/p>\n<p>Ao saber da decis\u00e3o do juiz, uma onda de rea\u00e7\u00e3o tomou conta da internet. Al\u00e9m dos posicionamentos pol\u00edticos, houve muito bom humor (mesmo na adversidade). Seria a felicidade um &#8216;sintoma&#8217; dessa &#8216;doen\u00e7a&#8217;? Esse v\u00eddeo abaixo do humorista Paulo Gustavo foi um dos muitos que circulou pelas redes sociais desde ontem.<\/p>\n<blockquote class=\"instagram-media\" style=\"background: #FFF; border: 0; border-radius: 3px; box-shadow: 0 0 1px 0 rgba(0,0,0,0.5),0 1px 10px 0 rgba(0,0,0,0.15); margin: 1px; max-width: 658px; padding: 0; width: calc(100% - 2px);\" data-instgrm-captioned=\"\" data-instgrm-version=\"7\">\n<div style=\"padding: 8px;\">\n<div style=\"background: #F8F8F8; line-height: 0; margin-top: 40px; padding: 62.43055555555556% 0; text-align: center; width: 100%;\"><\/div>\n<p style=\"margin: 8px 0 0 0; padding: 0 4px;\"><a style=\"color: #000; font-family: Arial,sans-serif; font-size: 14px; font-style: normal; font-weight: normal; line-height: 17px; text-decoration: none; word-wrap: break-word;\" href=\"https:\/\/www.instagram.com\/p\/BZM29zvlwZf\/\" target=\"_blank\">@gentilfernanda e @pretagil o que vcs t\u00e3o tomando ? Me manda por imbox que @thalesbretas faz a receita pra mim se precisar ! Porque deve ser s\u00f3 com receita ! Reposta ai gente ! To tentando achar o rem\u00e9dio ! Obs: Se n\u00e3o fosse o humor eu ja tinha dado na cara de uma pessoa dessa !<\/a><\/p>\n<p style=\"color: #c9c8cd; font-family: Arial,sans-serif; font-size: 14px; line-height: 17px; margin-bottom: 0; margin-top: 8px; overflow: hidden; padding: 8px 0 7px; text-align: center; text-overflow: ellipsis; white-space: nowrap;\">Uma publica\u00e7\u00e3o compartilhada por paulogustavo31 (@paulogustavo31) em <time style=\"font-family: Arial,sans-serif; font-size: 14px; line-height: 17px;\" datetime=\"2017-09-18T23:32:17+00:00\">Set 18, 2017 \u00e0s 4:32 PDT<\/time><\/p>\n<\/div>\n<\/blockquote>\n<p><script src=\"\/\/platform.instagram.com\/en_US\/embeds.js\" async=\"\" defer=\"defer\"><\/script><br \/>\nO deputado federal Jean Wyllys destacou que nenhum cientista de nenhum lugar do mundo diz que a homossexualidade ou a heterossexualidade possam ou devam ser &#8220;curadas&#8221; ou &#8220;revertidas&#8221;. &#8220;Isso \u00e9 uma burrice, uma loucura. Est\u00e1 claro que essa decis\u00e3o faz parte de uma ofensiva maior de setores fascistas e fundamentalistas do Judici\u00e1rio, dos fascistas aliados a esse governo golpista e das igrejas\u00a0fundamentalistas, que inclui, por exemplo, a proibi\u00e7\u00e3o de uma pe\u00e7a de teatro e a censura contra obras de arte, que vimos nesses dias. O que vem depois? V\u00e3o queimar livros, proibir m\u00fasicas, prender pessoas por aquilo que fazem na cama, como nas ditaduras de Oriente M\u00e9dio? A decis\u00e3o do juiz \u00e9 uma aberra\u00e7\u00e3o legal e cient\u00edfica. Por um lado, ela viola a Constitui\u00e7\u00e3o Federal e diversos tratados internacionais de direitos humanos dos quais o Brasil \u00e9 signat\u00e1rio. Por outro lado, significa uma intromiss\u00e3o indevida nas decis\u00f5es do Conselho Federal de Psicologia. \u00c9 como se um juiz tentasse &#8220;derrogar&#8221; a lei da gravidade ou decidir que a Terra \u00e9 plana, ou ordenar aos m\u00e9dicos que passem a tratar o c\u00e2ncer com suco de lim\u00e3o e n\u00e3o com quimioterapia ou radioterapia. N\u00e3o existe nenhuma pol\u00eamica na comunidade cient\u00edfica internacional sobre a homossexualidade ser uma &#8220;doen\u00e7a&#8221;, escreveu em sua rede social.<\/p>\n<p>Nesse momento \u00e9\u00a0preciso reagir com urg\u00eancia unindo duas coisas importantes: humor (afinal ser gay \u00e9 ter leveza na alma) e enfrentamento (precisamos mostrar nossos motivos e raz\u00f5es com argumentos).\u00a0\u00a0Em Salvador, a rea\u00e7\u00e3o come\u00e7ou. Neste domingo (24) ocorrer\u00e1 <a href=\"https:\/\/www.facebook.com\/events\/245325809322665\/?acontext=%7B%22action_history%22%3A%22[%7B%5C%22surface%5C%22%3A%5C%22messaging%5C%22%2C%5C%22mechanism%5C%22%3A%5C%22attachment%5C%22%2C%5C%22extra_data%5C%22%3A%7B%7D%7D]%22%7D\" target=\"_blank\">caminhada contra a patologiza\u00e7\u00e3o da comunidade LGBT<\/a>. Precisamos disso nesse momento: nos unir contra essas decis\u00f5es absurdas e infelizes. N\u00e3o pode haver cura para o que n\u00e3o \u00e9 doen\u00e7a. Simples assim!<\/p>\n<p>&nbsp;<\/p>\n","protected":false},"excerpt":{"rendered":"<p>Escrevo esse texto especialmente para o juiz federal da 14\u00aa Vara do Distrito Federal Waldemar Cl\u00e1udio de Carvalho, a\u00a0psic\u00f3loga Rozangela Alves Justino e todas as pessoas [&hellip;]<\/p>\n","protected":false},"author":1,"featured_media":12663,"comment_status":"open","ping_status":"open","sticky":false,"template":"","format":"image","meta":{"footnotes":""},"categories":[80,11],"tags":[],"class_list":["post-12662","post","type-post","status-publish","format-image","has-post-thumbnail","hentry","category-home","category-me-informo","post_format-post-format-image"],"_links":{"self":[{"href":"https:\/\/blogs.correio24horas.com.br\/mesalte\/wp-json\/wp\/v2\/posts\/12662","targetHints":{"allow":["GET"]}}],"collection":[{"href":"https:\/\/blogs.correio24horas.com.br\/mesalte\/wp-json\/wp\/v2\/posts"}],"about":[{"href":"https:\/\/blogs.correio24horas.com.br\/mesalte\/wp-json\/wp\/v2\/types\/post"}],"author":[{"embeddable":true,"href":"https:\/\/blogs.correio24horas.com.br\/mesalte\/wp-json\/wp\/v2\/users\/1"}],"replies":[{"embeddable":true,"href":"https:\/\/blogs.correio24horas.com.br\/mesalte\/wp-json\/wp\/v2\/comments?post=12662"}],"version-history":[{"count":3,"href":"https:\/\/blogs.correio24horas.com.br\/mesalte\/wp-json\/wp\/v2\/posts\/12662\/revisions"}],"predecessor-version":[{"id":12666,"href":"https:\/\/blogs.correio24horas.com.br\/mesalte\/wp-json\/wp\/v2\/posts\/12662\/revisions\/12666"}],"wp:featuredmedia":[{"embeddable":true,"href":"https:\/\/blogs.correio24horas.com.br\/mesalte\/wp-json\/wp\/v2\/media\/12663"}],"wp:attachment":[{"href":"https:\/\/blogs.correio24horas.com.br\/mesalte\/wp-json\/wp\/v2\/media?parent=12662"}],"wp:term":[{"taxonomy":"category","embeddable":true,"href":"https:\/\/blogs.correio24horas.com.br\/mesalte\/wp-json\/wp\/v2\/categories?post=12662"},{"taxonomy":"post_tag","embeddable":true,"href":"https:\/\/blogs.correio24horas.com.br\/mesalte\/wp-json\/wp\/v2\/tags?post=12662"}],"curies":[{"name":"wp","href":"https:\/\/api.w.org\/{rel}","templated":true}]}}