{"id":12658,"date":"2017-09-18T19:37:27","date_gmt":"2017-09-18T22:37:27","guid":{"rendered":"http:\/\/blogs.correio24horas.com.br\/mesalte\/?p=12658"},"modified":"2017-09-18T19:37:27","modified_gmt":"2017-09-18T22:37:27","slug":"ah-teodoro-vence-concurso-super-talento-2017-veja-videos","status":"publish","type":"post","link":"https:\/\/blogs.correio24horas.com.br\/mesalte\/ah-teodoro-vence-concurso-super-talento-2017-veja-videos\/","title":{"rendered":"Ah Teodoro vence concurso Super Talento 2017; veja v\u00eddeos"},"content":{"rendered":"<p>A genialidade e simplicidade de Ah Teodoro &#8211; drag queen que faz o estilo monstra &#8211; saltaram aos olhos dos jurados da final do concurso Super Talento que ocorreu neste domingo (17) no Teatro do Irdeb, na Federa\u00e7\u00e3o. Personificando tr\u00eas grandes nomes da ax\u00e9 music &#8211; Marinez, M\u00e1rcia Freire e Ivete Sangalo &#8211; a queen derrotou Leona du Pau na tarefa final do maior concurso de arte transformista do estado e sagrou-se campe\u00e3 da edi\u00e7\u00e3o 2017 do certame.<\/p>\n<p>Criada no bairro de Cajazeiras, Ah Teodoro levou a negritude para o palco na cena que &#8211; pelo estabelecido pela tarefa da prova &#8211; deveria refletir o Carnaval da Bahia e suas especificidades. Ah Teodoro conquistou 9 dos 11 votos dos jurados e recebeu a faixa de campe\u00e3 das m\u00e3os de Amanda Moreno, a vencedora da edi\u00e7\u00e3o 2016. Amanda, inclusive, fez um n\u00famero babadeiro junto com o coletivo Haus Of Gloom.<\/p>\n<p>Al\u00e9m da faixa, tv e R$ 4 mil em dinheiro, a artista conquistou a admira\u00e7\u00e3o da plateia que lotou o teatro e ovacionou sua exibi\u00e7\u00e3o. A final do concurso, comandado por Valerie O&#8217;rarah, teria ainda uma terceira finalista: Sasha Heels, mas a queen n\u00e3o compareceu ao evento pois est\u00e1 internada com problema de sa\u00fade.<\/p>\n<p><strong>Confira abaixo, em v\u00eddeos,os melhores momentos da final do Super Talento.\u00a0<\/strong><\/p>\n<p>1. A noite come\u00e7ou com lacre em cima do salto<\/p>\n<blockquote class=\"instagram-media\" style=\"background: #FFF; border: 0; border-radius: 3px; box-shadow: 0 0 1px 0 rgba(0,0,0,0.5),0 1px 10px 0 rgba(0,0,0,0.15); margin: 1px; max-width: 658px; padding: 0; width: calc(100% - 2px);\" data-instgrm-captioned=\"\" data-instgrm-version=\"7\">\n<div style=\"padding: 8px;\">\n<div style=\"background: #F8F8F8; line-height: 0; margin-top: 40px; padding: 28.194444444444443% 0; text-align: center; width: 100%;\"><\/div>\n<p style=\"margin: 8px 0 0 0; padding: 0 4px;\"><a style=\"color: #000; font-family: Arial,sans-serif; font-size: 14px; font-style: normal; font-weight: normal; line-height: 17px; text-decoration: none; word-wrap: break-word;\" href=\"https:\/\/www.instagram.com\/p\/BZKpIC3HYCf\/\" target=\"_blank\">Voc\u00ea quer dan\u00e7a e stiletto? Teve close babadeiro de @elivan.nasci , @yuriferreirareal e @ramseszaid na final do concurso #supertalento2017<\/a><\/p>\n<p style=\"color: #c9c8cd; font-family: Arial,sans-serif; font-size: 14px; line-height: 17px; margin-bottom: 0; margin-top: 8px; overflow: hidden; padding: 8px 0 7px; text-align: center; text-overflow: ellipsis; white-space: nowrap;\">Uma publica\u00e7\u00e3o compartilhada por Me Salte (@me_salte) em <time style=\"font-family: Arial,sans-serif; font-size: 14px; line-height: 17px;\" datetime=\"2017-09-18T02:52:52+00:00\">Set 17, 2017 \u00e0s 7:52 PDT<\/time><\/p>\n<\/div>\n<\/blockquote>\n<p><script src=\"\/\/platform.instagram.com\/en_US\/embeds.js\" async=\"\" defer=\"defer\"><\/script><\/p>\n<p>2.A super diva Mitta Lux deu close de beleza e talento no palco<\/p>\n<blockquote class=\"instagram-media\" style=\"background: #FFF; border: 0; border-radius: 3px; box-shadow: 0 0 1px 0 rgba(0,0,0,0.5),0 1px 10px 0 rgba(0,0,0,0.15); margin: 1px; max-width: 658px; padding: 0; width: calc(100% - 2px);\" data-instgrm-captioned=\"\" data-instgrm-version=\"7\">\n<div style=\"padding: 8px;\">\n<div style=\"background: #F8F8F8; line-height: 0; margin-top: 40px; padding: 28.194444444444443% 0; text-align: center; width: 100%;\"><\/div>\n<p><a style=\"color: #000; font-family: Arial,sans-serif; font-size: 14px; font-style: normal; font-weight: normal; line-height: 17px; text-decoration: none; word-wrap: break-word;\" href=\"https:\/\/www.instagram.com\/p\/BZKrXKTnVGW\/\" target=\"_blank\">A grande rainha @mittalux deu o nome and choque de beleza na final do concurso #supertalento2017 . Ela foi uma das convidadas para abrilhantar a noite do Super Talento.<\/a><\/p>\n<p>Uma publica\u00e7\u00e3o compartilhada por Me Salte (@me_salte) em <time style=\"font-family: Arial,sans-serif; font-size: 14px; line-height: 17px;\" datetime=\"2017-09-18T03:12:24+00:00\">Set 17, 2017 \u00e0s 8:12 PDT<\/time>\n<\/div>\n<\/blockquote>\n<p><script src=\"\/\/platform.instagram.com\/en_US\/embeds.js\" async=\"\" defer=\"defer\"><\/script><\/p>\n<p>3. Ah Teodoro levou est\u00e9tica de cores e luz<\/p>\n<blockquote class=\"instagram-media\" style=\"background: #FFF; border: 0; border-radius: 3px; box-shadow: 0 0 1px 0 rgba(0,0,0,0.5),0 1px 10px 0 rgba(0,0,0,0.15); margin: 1px; max-width: 658px; padding: 0; width: calc(100% - 2px);\" data-instgrm-captioned=\"\" data-instgrm-version=\"7\">\n<div style=\"padding: 8px;\">\n<div style=\"background: #F8F8F8; line-height: 0; margin-top: 40px; padding: 28.194444444444443% 0; text-align: center; width: 100%;\"><\/div>\n<p style=\"margin: 8px 0 0 0; padding: 0 4px;\"><a style=\"color: #000; font-family: Arial,sans-serif; font-size: 14px; font-style: normal; font-weight: normal; line-height: 17px; text-decoration: none; word-wrap: break-word;\" href=\"https:\/\/www.instagram.com\/p\/BZKsyEaHaKB\/\" target=\"_blank\">Um trecho do n\u00famero campe\u00e3o do concurso #supertalento2017 sob comando de @queenofcajazeiras , que venceu o concurso derrotando outras 14 candidatas.<\/a><\/p>\n<p style=\"color: #c9c8cd; font-family: Arial,sans-serif; font-size: 14px; line-height: 17px; margin-bottom: 0; margin-top: 8px; overflow: hidden; padding: 8px 0 7px; text-align: center; text-overflow: ellipsis; white-space: nowrap;\">Uma publica\u00e7\u00e3o compartilhada por Me Salte (@me_salte) em <time style=\"font-family: Arial,sans-serif; font-size: 14px; line-height: 17px;\" datetime=\"2017-09-18T03:24:49+00:00\">Set 17, 2017 \u00e0s 8:24 PDT<\/time><\/p>\n<\/div>\n<\/blockquote>\n<p><script src=\"\/\/platform.instagram.com\/en_US\/embeds.js\" async=\"\" defer=\"defer\"><\/script><\/p>\n<p>4. Vice-campe\u00e3, Leona du Pau lacrou no estilo de Fara\u00f3<\/p>\n<blockquote class=\"instagram-media\" style=\"background: #FFF; border: 0; border-radius: 3px; box-shadow: 0 0 1px 0 rgba(0,0,0,0.5),0 1px 10px 0 rgba(0,0,0,0.15); margin: 1px; max-width: 658px; padding: 0; width: calc(100% - 2px);\" data-instgrm-captioned=\"\" data-instgrm-version=\"7\">\n<div style=\"padding: 8px;\">\n<div style=\"background: #F8F8F8; line-height: 0; margin-top: 40px; padding: 28.194444444444443% 0; text-align: center; width: 100%;\"><\/div>\n<p><a style=\"color: #000; font-family: Arial,sans-serif; font-size: 14px; font-style: normal; font-weight: normal; line-height: 17px; text-decoration: none; word-wrap: break-word;\" href=\"https:\/\/www.instagram.com\/p\/BZMJCLqHxsn\/\" target=\"_blank\">Segunda colocada no concurso #supertalento2017 a drag queen @leonadopau trouxe a beleza do ax\u00e9 para o palco do teatro do Irdeb na final do concurso que elegeu a melhor queen da Bahia. A vencedora foi @queenofcajazeiras !<\/a><\/p>\n<p>Uma publica\u00e7\u00e3o compartilhada por Me Salte (@me_salte) em <time style=\"font-family: Arial,sans-serif; font-size: 14px; line-height: 17px;\" datetime=\"2017-09-18T16:50:56+00:00\">Set 18, 2017 \u00e0s 9:50 PDT<\/time>\n<\/div>\n<\/blockquote>\n<p><script src=\"\/\/platform.instagram.com\/en_US\/embeds.js\" async=\"\" defer=\"defer\"><\/script><\/p>\n<p>5. Personalidades da cena LGBT da Bahia receberam na noite deste domingo (17) o trof\u00e9u credibilidade na final do concurso #supertalento2017 . Dentre os agraciados @jorgegauthier , editor do @me_salte<\/p>\n<blockquote class=\"instagram-media\" style=\"background: #FFF; border: 0; border-radius: 3px; box-shadow: 0 0 1px 0 rgba(0,0,0,0.5),0 1px 10px 0 rgba(0,0,0,0.15); margin: 1px; max-width: 658px; padding: 0; width: calc(100% - 2px);\" data-instgrm-captioned=\"\" data-instgrm-version=\"7\">\n<div style=\"padding: 8px;\">\n<div style=\"background: #F8F8F8; line-height: 0; margin-top: 40px; padding: 43.19444444444444% 0; text-align: center; width: 100%;\"><\/div>\n<p style=\"margin: 8px 0 0 0; padding: 0 4px;\"><a style=\"color: #000; font-family: Arial,sans-serif; font-size: 14px; font-style: normal; font-weight: normal; line-height: 17px; text-decoration: none; word-wrap: break-word;\" href=\"https:\/\/www.instagram.com\/p\/BZMgoHnH2aw\/\" target=\"_blank\">Personalidades da cena LGBT da Bahia receberam na noite deste domingo (17) o trof\u00e9u credibilidade na final do concurso #supertalento2017 . Dentre os agraciados @jorgegauthier , editor do @me_salte \ud83d\ude42<\/a><\/p>\n<p style=\"color: #c9c8cd; font-family: Arial,sans-serif; font-size: 14px; line-height: 17px; margin-bottom: 0; margin-top: 8px; overflow: hidden; padding: 8px 0 7px; text-align: center; text-overflow: ellipsis; white-space: nowrap;\">Uma publica\u00e7\u00e3o compartilhada por Me Salte (@me_salte) em <time style=\"font-family: Arial,sans-serif; font-size: 14px; line-height: 17px;\" datetime=\"2017-09-18T20:17:05+00:00\">Set 18, 2017 \u00e0s 1:17 PDT<\/time><\/p>\n<\/div>\n<\/blockquote>\n<p><script src=\"\/\/platform.instagram.com\/en_US\/embeds.js\" async=\"\" defer=\"defer\"><\/script><\/p>\n<p>6. Energia dos tambores para Ah Teodoro<\/p>\n<blockquote class=\"instagram-media\" style=\"background: #FFF; border: 0; border-radius: 3px; box-shadow: 0 0 1px 0 rgba(0,0,0,0.5),0 1px 10px 0 rgba(0,0,0,0.15); margin: 1px; max-width: 658px; padding: 0; width: calc(100% - 2px);\" data-instgrm-captioned=\"\" data-instgrm-version=\"7\">\n<div style=\"padding: 8px;\">\n<div style=\"background: #F8F8F8; line-height: 0; margin-top: 40px; padding: 28.194444444444443% 0; text-align: center; width: 100%;\"><\/div>\n<p><a style=\"color: #000; font-family: Arial,sans-serif; font-size: 14px; font-style: normal; font-weight: normal; line-height: 17px; text-decoration: none; word-wrap: break-word;\" href=\"https:\/\/www.instagram.com\/p\/BZMifyknXVh\/\" target=\"_blank\">Para encerrar a apresenta\u00e7\u00e3o que ganhou o t\u00edtulo de #supertalento2017 @queenofcajazeiras levou tambores para o palco do teatro do Irdeb na noite deste domingo (16).<\/a><\/p>\n<p>Uma publica\u00e7\u00e3o compartilhada por Me Salte (@me_salte) em <time style=\"font-family: Arial,sans-serif; font-size: 14px; line-height: 17px;\" datetime=\"2017-09-18T20:33:25+00:00\">Set 18, 2017 \u00e0s 1:33 PDT<\/time>\n<\/div>\n<\/blockquote>\n<p><script src=\"\/\/platform.instagram.com\/en_US\/embeds.js\" async=\"\" defer=\"defer\"><\/script><\/p>\n<p>7. Ah Teodoro recebeu a faixa das m\u00e3os de Amanda Moreno<\/p>\n<blockquote class=\"instagram-media\" style=\"background: #FFF; border: 0; border-radius: 3px; box-shadow: 0 0 1px 0 rgba(0,0,0,0.5),0 1px 10px 0 rgba(0,0,0,0.15); margin: 1px; max-width: 658px; padding: 0; width: calc(100% - 2px);\" data-instgrm-captioned=\"\" data-instgrm-version=\"7\">\n<div style=\"padding: 8px;\">\n<div style=\"background: #F8F8F8; line-height: 0; margin-top: 40px; padding: 62.5% 0; text-align: center; width: 100%;\"><\/div>\n<p style=\"margin: 8px 0 0 0; padding: 0 4px;\"><a style=\"color: #000; font-family: Arial,sans-serif; font-size: 14px; font-style: normal; font-weight: normal; line-height: 17px; text-decoration: none; word-wrap: break-word;\" href=\"https:\/\/www.instagram.com\/p\/BZMJWL8nSQ7\/\" target=\"_blank\">A melhor passagem de faixa que voc\u00ea respeita: @elsegredodeamanda , campe\u00e3 do #supertalento2016, colocou a faixa na @queenofcajazeiras , vencedora do concurso #supertalento2017<\/a><\/p>\n<p style=\"color: #c9c8cd; font-family: Arial,sans-serif; font-size: 14px; line-height: 17px; margin-bottom: 0; margin-top: 8px; overflow: hidden; padding: 8px 0 7px; text-align: center; text-overflow: ellipsis; white-space: nowrap;\">Uma publica\u00e7\u00e3o compartilhada por Me Salte (@me_salte) em <time style=\"font-family: Arial,sans-serif; font-size: 14px; line-height: 17px;\" datetime=\"2017-09-18T16:53:39+00:00\">Set 18, 2017 \u00e0s 9:53 PDT<\/time><\/p>\n<\/div>\n<\/blockquote>\n<p><script src=\"\/\/platform.instagram.com\/en_US\/embeds.js\" async=\"\" defer=\"defer\"><\/script><\/p>\n","protected":false},"excerpt":{"rendered":"<p>A genialidade e simplicidade de Ah Teodoro &#8211; drag queen que faz o estilo monstra &#8211; saltaram aos olhos dos jurados da final do concurso Super [&hellip;]<\/p>\n","protected":false},"author":1,"featured_media":12660,"comment_status":"open","ping_status":"open","sticky":false,"template":"","format":"image","meta":{"footnotes":""},"categories":[80,25],"tags":[],"class_list":["post-12658","post","type-post","status-publish","format-image","has-post-thumbnail","hentry","category-home","category-me-transformo","post_format-post-format-image"],"_links":{"self":[{"href":"https:\/\/blogs.correio24horas.com.br\/mesalte\/wp-json\/wp\/v2\/posts\/12658","targetHints":{"allow":["GET"]}}],"collection":[{"href":"https:\/\/blogs.correio24horas.com.br\/mesalte\/wp-json\/wp\/v2\/posts"}],"about":[{"href":"https:\/\/blogs.correio24horas.com.br\/mesalte\/wp-json\/wp\/v2\/types\/post"}],"author":[{"embeddable":true,"href":"https:\/\/blogs.correio24horas.com.br\/mesalte\/wp-json\/wp\/v2\/users\/1"}],"replies":[{"embeddable":true,"href":"https:\/\/blogs.correio24horas.com.br\/mesalte\/wp-json\/wp\/v2\/comments?post=12658"}],"version-history":[{"count":2,"href":"https:\/\/blogs.correio24horas.com.br\/mesalte\/wp-json\/wp\/v2\/posts\/12658\/revisions"}],"predecessor-version":[{"id":12661,"href":"https:\/\/blogs.correio24horas.com.br\/mesalte\/wp-json\/wp\/v2\/posts\/12658\/revisions\/12661"}],"wp:featuredmedia":[{"embeddable":true,"href":"https:\/\/blogs.correio24horas.com.br\/mesalte\/wp-json\/wp\/v2\/media\/12660"}],"wp:attachment":[{"href":"https:\/\/blogs.correio24horas.com.br\/mesalte\/wp-json\/wp\/v2\/media?parent=12658"}],"wp:term":[{"taxonomy":"category","embeddable":true,"href":"https:\/\/blogs.correio24horas.com.br\/mesalte\/wp-json\/wp\/v2\/categories?post=12658"},{"taxonomy":"post_tag","embeddable":true,"href":"https:\/\/blogs.correio24horas.com.br\/mesalte\/wp-json\/wp\/v2\/tags?post=12658"}],"curies":[{"name":"wp","href":"https:\/\/api.w.org\/{rel}","templated":true}]}}