{"id":12644,"date":"2017-09-16T15:24:34","date_gmt":"2017-09-16T18:24:34","guid":{"rendered":"http:\/\/blogs.correio24horas.com.br\/mesalte\/?p=12644"},"modified":"2017-09-17T13:22:29","modified_gmt":"2017-09-17T16:22:29","slug":"evento-em-salvador-discutira-intolerancia-religiosa","status":"publish","type":"post","link":"https:\/\/blogs.correio24horas.com.br\/mesalte\/evento-em-salvador-discutira-intolerancia-religiosa\/","title":{"rendered":"Evento em Salvador discutir\u00e1 intoler\u00e2ncia religiosa"},"content":{"rendered":"<p>No pr\u00f3ximo dia 30 de setembro acontecer\u00e1 em Salvador mais uma edi\u00e7\u00e3o do Ocupa e Conversa. Desta vez, o evento acontecer\u00e1\u00a0na\u00a0Rua Nova da Igreja, Capelinha de S\u00e3o Caetano , e discutir\u00e1 a intoler\u00e2ncia religiosa.<\/p>\n<p>A necessidade do encontro, segundo os organizadores, \u00a0surgiu a partir dos acontecimentos recentes do Rio de Janeiro onde est\u00e1 ocorrendo a invas\u00e3o e destrui\u00e7\u00e3o de terreiros al\u00e9m de agress\u00e3o as pessoas por conta da sua religi\u00e3o.<\/p>\n<p>O bate papo acontece a partir das 15 horas e contar\u00e1 com a presen\u00e7a de convidados e convidadas que discutem o tema. Dentre os nomes j\u00e1 confirmados est\u00e3o\u00a0Bianca Menezes, \u00a0militante do coletivo Sankofa, de ax\u00e9 e estudante de humanidade; e Felipe K\u00e1y\u00f3d\u00e9 que \u00e9 \u00a0te\u00f3logo e pastor.<\/p>\n\n\t\t\t<style type='text\/css'>\n\t\t\t\t#gallery-1 {\n\t\t\t\t\tmargin: auto;\n\t\t\t\t}\n\t\t\t\t#gallery-1 .gallery-item {\n\t\t\t\t\tfloat: left;\n\t\t\t\t\tmargin-top: 10px;\n\t\t\t\t\ttext-align: center;\n\t\t\t\t\twidth: 49.99%;\n\t\t\t\t}\n\t\t\t\t#gallery-1 img {\n\t\t\t\t\tborder: 2px solid #cfcfcf;\n\t\t\t\t}\n\t\t\t\t#gallery-1 .gallery-caption {\n\t\t\t\t\tmargin-left: 0;\n\t\t\t\t}\n\t\t\t\t\/* see gallery_shortcode() in wp-includes\/media.php *\/\n\t\t\t<\/style>\n\t\t<div id='gallery-1' class='gallery galleryid-12644 gallery-columns-2 gallery-size-medium file'><dl class='gallery-item'>\n\t\t\t\t<dt class='gallery-icon landscape'>\n\t\t\t\t\t<a href='https:\/\/blogs.correio24h.com.br\/mesalte\/wp-content\/uploads\/2017\/09\/bianca-menezes.jpg'><img loading=\"lazy\" decoding=\"async\" width=\"300\" height=\"300\" src=\"https:\/\/blogs.correio24h.com.br\/mesalte\/wp-content\/uploads\/2017\/09\/bianca-menezes-300x300.jpg\" class=\"attachment-medium size-medium\" alt=\"\" srcset=\"https:\/\/blogs.correio24h.com.br\/mesalte\/wp-content\/uploads\/2017\/09\/bianca-menezes-300x300.jpg 300w, https:\/\/blogs.correio24h.com.br\/mesalte\/wp-content\/uploads\/2017\/09\/bianca-menezes-150x150.jpg 150w, https:\/\/blogs.correio24h.com.br\/mesalte\/wp-content\/uploads\/2017\/09\/bianca-menezes-768x768.jpg 768w, https:\/\/blogs.correio24h.com.br\/mesalte\/wp-content\/uploads\/2017\/09\/bianca-menezes-146x146.jpg 146w, https:\/\/blogs.correio24h.com.br\/mesalte\/wp-content\/uploads\/2017\/09\/bianca-menezes-50x50.jpg 50w, https:\/\/blogs.correio24h.com.br\/mesalte\/wp-content\/uploads\/2017\/09\/bianca-menezes-80x80.jpg 80w, https:\/\/blogs.correio24h.com.br\/mesalte\/wp-content\/uploads\/2017\/09\/bianca-menezes-75x75.jpg 75w, https:\/\/blogs.correio24h.com.br\/mesalte\/wp-content\/uploads\/2017\/09\/bianca-menezes-85x85.jpg 85w, https:\/\/blogs.correio24h.com.br\/mesalte\/wp-content\/uploads\/2017\/09\/bianca-menezes.jpg 960w\" sizes=\"auto, (max-width: 300px) 100vw, 300px\" \/><\/a>\n\t\t\t\t<\/dt><\/dl><dl class='gallery-item'>\n\t\t\t\t<dt class='gallery-icon landscape'>\n\t\t\t\t\t<a href='https:\/\/blogs.correio24h.com.br\/mesalte\/wp-content\/uploads\/2017\/09\/Felipe-K\u00e1y\u00f3d\u00e9.jpg'><img loading=\"lazy\" decoding=\"async\" width=\"300\" height=\"300\" src=\"https:\/\/blogs.correio24h.com.br\/mesalte\/wp-content\/uploads\/2017\/09\/Felipe-K\u00e1y\u00f3d\u00e9-300x300.jpg\" class=\"attachment-medium size-medium\" alt=\"\" srcset=\"https:\/\/blogs.correio24h.com.br\/mesalte\/wp-content\/uploads\/2017\/09\/Felipe-K\u00e1y\u00f3d\u00e9-300x300.jpg 300w, https:\/\/blogs.correio24h.com.br\/mesalte\/wp-content\/uploads\/2017\/09\/Felipe-K\u00e1y\u00f3d\u00e9-150x150.jpg 150w, https:\/\/blogs.correio24h.com.br\/mesalte\/wp-content\/uploads\/2017\/09\/Felipe-K\u00e1y\u00f3d\u00e9-146x146.jpg 146w, https:\/\/blogs.correio24h.com.br\/mesalte\/wp-content\/uploads\/2017\/09\/Felipe-K\u00e1y\u00f3d\u00e9-50x50.jpg 50w, https:\/\/blogs.correio24h.com.br\/mesalte\/wp-content\/uploads\/2017\/09\/Felipe-K\u00e1y\u00f3d\u00e9-80x80.jpg 80w, https:\/\/blogs.correio24h.com.br\/mesalte\/wp-content\/uploads\/2017\/09\/Felipe-K\u00e1y\u00f3d\u00e9-75x75.jpg 75w, https:\/\/blogs.correio24h.com.br\/mesalte\/wp-content\/uploads\/2017\/09\/Felipe-K\u00e1y\u00f3d\u00e9-85x85.jpg 85w, https:\/\/blogs.correio24h.com.br\/mesalte\/wp-content\/uploads\/2017\/09\/Felipe-K\u00e1y\u00f3d\u00e9.jpg 640w\" sizes=\"auto, (max-width: 300px) 100vw, 300px\" \/><\/a>\n\t\t\t\t<\/dt><\/dl><br style=\"clear: both\" \/>\n\t\t\t<\/div>\n\n<p><a href=\"https:\/\/www.facebook.com\/events\/1558297207526381\/\" target=\"_blank\">Para mais informa\u00e7\u00f5es acesse a p\u00e1gina do evento no Facebook\u00a0<\/a><\/p>\n","protected":false},"excerpt":{"rendered":"<p>No pr\u00f3ximo dia 30 de setembro acontecer\u00e1 em Salvador mais uma edi\u00e7\u00e3o do Ocupa e Conversa. Desta vez, o evento acontecer\u00e1\u00a0na\u00a0Rua Nova da Igreja, Capelinha de [&hellip;]<\/p>\n","protected":false},"author":1,"featured_media":0,"comment_status":"open","ping_status":"open","sticky":false,"template":"","format":"image","meta":{"footnotes":""},"categories":[80,11],"tags":[],"class_list":["post-12644","post","type-post","status-publish","format-image","hentry","category-home","category-me-informo","post_format-post-format-image"],"_links":{"self":[{"href":"https:\/\/blogs.correio24horas.com.br\/mesalte\/wp-json\/wp\/v2\/posts\/12644","targetHints":{"allow":["GET"]}}],"collection":[{"href":"https:\/\/blogs.correio24horas.com.br\/mesalte\/wp-json\/wp\/v2\/posts"}],"about":[{"href":"https:\/\/blogs.correio24horas.com.br\/mesalte\/wp-json\/wp\/v2\/types\/post"}],"author":[{"embeddable":true,"href":"https:\/\/blogs.correio24horas.com.br\/mesalte\/wp-json\/wp\/v2\/users\/1"}],"replies":[{"embeddable":true,"href":"https:\/\/blogs.correio24horas.com.br\/mesalte\/wp-json\/wp\/v2\/comments?post=12644"}],"version-history":[{"count":3,"href":"https:\/\/blogs.correio24horas.com.br\/mesalte\/wp-json\/wp\/v2\/posts\/12644\/revisions"}],"predecessor-version":[{"id":12652,"href":"https:\/\/blogs.correio24horas.com.br\/mesalte\/wp-json\/wp\/v2\/posts\/12644\/revisions\/12652"}],"wp:attachment":[{"href":"https:\/\/blogs.correio24horas.com.br\/mesalte\/wp-json\/wp\/v2\/media?parent=12644"}],"wp:term":[{"taxonomy":"category","embeddable":true,"href":"https:\/\/blogs.correio24horas.com.br\/mesalte\/wp-json\/wp\/v2\/categories?post=12644"},{"taxonomy":"post_tag","embeddable":true,"href":"https:\/\/blogs.correio24horas.com.br\/mesalte\/wp-json\/wp\/v2\/tags?post=12644"}],"curies":[{"name":"wp","href":"https:\/\/api.w.org\/{rel}","templated":true}]}}