{"id":12629,"date":"2017-09-15T07:53:50","date_gmt":"2017-09-15T10:53:50","guid":{"rendered":"http:\/\/blogs.correio24horas.com.br\/mesalte\/?p=12629"},"modified":"2017-09-15T07:53:50","modified_gmt":"2017-09-15T10:53:50","slug":"aos-23-anos-modelo-theodora-quinlivan-revela-ser-mulher-transgenero","status":"publish","type":"post","link":"https:\/\/blogs.correio24horas.com.br\/mesalte\/aos-23-anos-modelo-theodora-quinlivan-revela-ser-mulher-transgenero\/","title":{"rendered":"Aos 23 anos, modelo Theodora Quinlivan revela ser mulher transg\u00eanero"},"content":{"rendered":"<p>A modelo norte-americana Theodora Quinlivan, 23 anos, revelou atrav\u00e9s de postagens em seu Instagram ser uma mulher transg\u00eanero. Ela\u00a0est\u00e1 fazendo muiiiiiiiiiiiiito sucesso na Nova York Fashion Week. Recentemente ela desfilou para grandes marcas como \u00a0Jeremy Scott, Carolina Herrera e Diane Von Furstenberg. Nos v\u00eddeos divulgados pela modelo\u00a0\u00a0aparecem imagens dela na inf\u00e2ncia, antes da transi\u00e7\u00e3o, em contraste com filmagens atuais.<\/p>\n<blockquote><p>&#8220;Eu me lembro de viver sentindo que estava interpretando um papel\u00a0(&#8230;.) Sempre soube que era mulher no meu cora\u00e7\u00e3o, na minha alma e no meu c\u00e9rebro, mas tinha que fingir que era homem para agradar todo mundo. Em certo ponto, eu parei de ligar&#8221;.<\/p><\/blockquote>\n<p>Em entrevista ao portal da CNN, ela explicou que a decis\u00e3o de se assumir trans foi um ato pol\u00edtico. &#8220;Decidi revelar minha identidade por causa do clima pol\u00edtico atual. Sou muito sortuda em estar em uma posi\u00e7\u00e3o que nunca achei que estaria. \u00c9 importante usar esta vantagem em um momento como esse.&#8221;<\/p>\n<blockquote class=\"instagram-media\" style=\"background: #FFF; border: 0; border-radius: 3px; box-shadow: 0 0 1px 0 rgba(0,0,0,0.5),0 1px 10px 0 rgba(0,0,0,0.15); margin: 1px; max-width: 658px; padding: 0; width: calc(100% - 2px);\" data-instgrm-captioned=\"\" data-instgrm-version=\"7\">\n<div style=\"padding: 8px;\">\n<div style=\"background: #F8F8F8; line-height: 0; margin-top: 40px; padding: 50% 0; text-align: center; width: 100%;\"><\/div>\n<p style=\"margin: 8px 0 0 0; padding: 0 4px;\"><a style=\"color: #000; font-family: Arial,sans-serif; font-size: 14px; font-style: normal; font-weight: normal; line-height: 17px; text-decoration: none; word-wrap: break-word;\" href=\"https:\/\/www.instagram.com\/p\/BY_EiXaA-4I\/\" target=\"_blank\">My Name is Teddy I&#8217;m Transgender Director @agjnyc DP @chuk.town Producer @hannahstrauss Editors: @b_nawrocki &amp; @uwishi_grant Production @matteprojects Director @agjnyc DP @chuk.town Producer @hannahstrauss Editors: @b_nawrocki &amp; @uwishi_grant Production @matteprojects<\/a><\/p>\n<p style=\"color: #c9c8cd; font-family: Arial,sans-serif; font-size: 14px; line-height: 17px; margin-bottom: 0; margin-top: 8px; overflow: hidden; padding: 8px 0 7px; text-align: center; text-overflow: ellipsis; white-space: nowrap;\">Uma publica\u00e7\u00e3o compartilhada por Theodora Quinlivan (@teddy_quinlivan) em <time style=\"font-family: Arial,sans-serif; font-size: 14px; line-height: 17px;\" datetime=\"2017-09-13T15:01:30+00:00\">Set 13, 2017 \u00e0s 8:01 PDT<\/time><\/p>\n<\/div>\n<\/blockquote>\n<p><script src=\"\/\/platform.instagram.com\/en_US\/embeds.js\" async=\"\" defer=\"defer\"><\/script><\/p>\n","protected":false},"excerpt":{"rendered":"<p>A modelo norte-americana Theodora Quinlivan, 23 anos, revelou atrav\u00e9s de postagens em seu Instagram ser uma mulher transg\u00eanero. Ela\u00a0est\u00e1 fazendo muiiiiiiiiiiiiito sucesso na Nova York Fashion [&hellip;]<\/p>\n","protected":false},"author":1,"featured_media":12630,"comment_status":"open","ping_status":"open","sticky":false,"template":"","format":"image","meta":{"footnotes":""},"categories":[80,9],"tags":[],"class_list":["post-12629","post","type-post","status-publish","format-image","has-post-thumbnail","hentry","category-home","category-me-orgulho","post_format-post-format-image"],"_links":{"self":[{"href":"https:\/\/blogs.correio24horas.com.br\/mesalte\/wp-json\/wp\/v2\/posts\/12629","targetHints":{"allow":["GET"]}}],"collection":[{"href":"https:\/\/blogs.correio24horas.com.br\/mesalte\/wp-json\/wp\/v2\/posts"}],"about":[{"href":"https:\/\/blogs.correio24horas.com.br\/mesalte\/wp-json\/wp\/v2\/types\/post"}],"author":[{"embeddable":true,"href":"https:\/\/blogs.correio24horas.com.br\/mesalte\/wp-json\/wp\/v2\/users\/1"}],"replies":[{"embeddable":true,"href":"https:\/\/blogs.correio24horas.com.br\/mesalte\/wp-json\/wp\/v2\/comments?post=12629"}],"version-history":[{"count":1,"href":"https:\/\/blogs.correio24horas.com.br\/mesalte\/wp-json\/wp\/v2\/posts\/12629\/revisions"}],"predecessor-version":[{"id":12631,"href":"https:\/\/blogs.correio24horas.com.br\/mesalte\/wp-json\/wp\/v2\/posts\/12629\/revisions\/12631"}],"wp:featuredmedia":[{"embeddable":true,"href":"https:\/\/blogs.correio24horas.com.br\/mesalte\/wp-json\/wp\/v2\/media\/12630"}],"wp:attachment":[{"href":"https:\/\/blogs.correio24horas.com.br\/mesalte\/wp-json\/wp\/v2\/media?parent=12629"}],"wp:term":[{"taxonomy":"category","embeddable":true,"href":"https:\/\/blogs.correio24horas.com.br\/mesalte\/wp-json\/wp\/v2\/categories?post=12629"},{"taxonomy":"post_tag","embeddable":true,"href":"https:\/\/blogs.correio24horas.com.br\/mesalte\/wp-json\/wp\/v2\/tags?post=12629"}],"curies":[{"name":"wp","href":"https:\/\/api.w.org\/{rel}","templated":true}]}}