{"id":11809,"date":"2017-07-25T19:22:51","date_gmt":"2017-07-25T22:22:51","guid":{"rendered":"http:\/\/blogs.correio24horas.com.br\/mesalte\/?p=11809"},"modified":"2017-07-25T19:22:51","modified_gmt":"2017-07-25T22:22:51","slug":"meire-moreno-abre-inscricoes-para-cursos-de-atuacao-e-apresentacao-para-tv-e-cinema","status":"publish","type":"post","link":"https:\/\/blogs.correio24horas.com.br\/mesalte\/meire-moreno-abre-inscricoes-para-cursos-de-atuacao-e-apresentacao-para-tv-e-cinema\/","title":{"rendered":"Meire Moreno abre inscri\u00e7\u00f5es para cursos de atua\u00e7\u00e3o e apresenta\u00e7\u00e3o\u00a0para TV e cinema"},"content":{"rendered":"<p>&nbsp;<\/p>\n<p>Est\u00e3o abertas as inscri\u00e7\u00f5es para o curso de \u201cAtor para Tv e Cinema\u201d e de \u201cApresenta\u00e7\u00e3o para Tv e Web\u201d, ministrados pela diretora de teatro, TV\u00a0e cinema Meire Moreno. Voltados para atores, jornalistas, estudantes de comunica\u00e7\u00e3o e profissionais liberais que desejem desenvolver sua atua\u00e7\u00e3o diante da c\u00e2mera, os cursos s\u00e3o pr\u00e1ticos, com direito a certificado. As aulas come\u00e7am em 3 de agosto, na MM Produ\u00e7\u00f5es \u2013 Rua Carij\u00f3s, 43 \u2013 Rio Vermelho. As inscri\u00e7\u00f5es v\u00e3o at\u00e9 segunda-feira (31).<\/p>\n<p>Formada pela Escola de Teatro da UFBA, Meire Moreno participou de novelas e especiais da Rede Globo, como o \u201cO Outro\u201d (1988), \u201cO Amor Est\u00e1 no Ar\u201d (1997), \u201cEspecial Xuxa 10 anos\u201d (1996), \u201cCara&amp;Coroa\u201d (1995) e \u201cArma\u00e7\u00e3o Ilimitada\u201d (1986\/1987). Este ano, dirigiu o pr\u00f3prio document\u00e1rio, intitulado &#8220;Ouro Azul&#8221;. A partir de sua experi\u00eancia pr\u00e1tica, Meire desenvolveu um m\u00e9todo para a forma\u00e7\u00e3o de atores e apresentadores para TV e Cinema.<\/p>\n<p>Servi\u00e7o<br \/>\nO qu\u00ea? Cursos de \u201cAtor para Tv e Cinema\u201d e de \u201cApresenta\u00e7\u00e3o para Tv e Web\u201d<br \/>\nQuando? A partir de 03 de agosto<br \/>\nOnde: MM Produ\u00e7\u00f5es (Rua Carij\u00f3s, 43 \u2013 Rio Vermelho)<br \/>\nInscri\u00e7\u00f5es: At\u00e9 31\/07, no 71 99948 \u2013 2262 (WhatsApp)<br \/>\nMais informa\u00e7\u00f5es no telefone 71 99948 \u2013 2262 (WhatsApp) ou\u00a0no <a href=\"http:\/\/www.facebook.com\/mmproducoes3\" target=\"_blank\">Facebook<\/a>.<\/p>\n<p>&nbsp;<\/p>\n","protected":false},"excerpt":{"rendered":"<p>&nbsp; Est\u00e3o abertas as inscri\u00e7\u00f5es para o curso de \u201cAtor para Tv e Cinema\u201d e de \u201cApresenta\u00e7\u00e3o para Tv e Web\u201d, ministrados pela diretora de teatro, [&hellip;]<\/p>\n","protected":false},"author":1,"featured_media":11810,"comment_status":"open","ping_status":"open","sticky":false,"template":"","format":"image","meta":{"footnotes":""},"categories":[28,80],"tags":[],"class_list":["post-11809","post","type-post","status-publish","format-image","has-post-thumbnail","hentry","category-farofa-digital","category-home","post_format-post-format-image"],"_links":{"self":[{"href":"https:\/\/blogs.correio24horas.com.br\/mesalte\/wp-json\/wp\/v2\/posts\/11809","targetHints":{"allow":["GET"]}}],"collection":[{"href":"https:\/\/blogs.correio24horas.com.br\/mesalte\/wp-json\/wp\/v2\/posts"}],"about":[{"href":"https:\/\/blogs.correio24horas.com.br\/mesalte\/wp-json\/wp\/v2\/types\/post"}],"author":[{"embeddable":true,"href":"https:\/\/blogs.correio24horas.com.br\/mesalte\/wp-json\/wp\/v2\/users\/1"}],"replies":[{"embeddable":true,"href":"https:\/\/blogs.correio24horas.com.br\/mesalte\/wp-json\/wp\/v2\/comments?post=11809"}],"version-history":[{"count":1,"href":"https:\/\/blogs.correio24horas.com.br\/mesalte\/wp-json\/wp\/v2\/posts\/11809\/revisions"}],"predecessor-version":[{"id":11811,"href":"https:\/\/blogs.correio24horas.com.br\/mesalte\/wp-json\/wp\/v2\/posts\/11809\/revisions\/11811"}],"wp:featuredmedia":[{"embeddable":true,"href":"https:\/\/blogs.correio24horas.com.br\/mesalte\/wp-json\/wp\/v2\/media\/11810"}],"wp:attachment":[{"href":"https:\/\/blogs.correio24horas.com.br\/mesalte\/wp-json\/wp\/v2\/media?parent=11809"}],"wp:term":[{"taxonomy":"category","embeddable":true,"href":"https:\/\/blogs.correio24horas.com.br\/mesalte\/wp-json\/wp\/v2\/categories?post=11809"},{"taxonomy":"post_tag","embeddable":true,"href":"https:\/\/blogs.correio24horas.com.br\/mesalte\/wp-json\/wp\/v2\/tags?post=11809"}],"curies":[{"name":"wp","href":"https:\/\/api.w.org\/{rel}","templated":true}]}}