{"id":11806,"date":"2017-07-25T19:12:49","date_gmt":"2017-07-25T22:12:49","guid":{"rendered":"http:\/\/blogs.correio24horas.com.br\/mesalte\/?p=11806"},"modified":"2017-07-25T19:12:49","modified_gmt":"2017-07-25T22:12:49","slug":"salvador-recebe-pela-primeira-vez-a-zumba-world-pride-em-setembro","status":"publish","type":"post","link":"https:\/\/blogs.correio24horas.com.br\/mesalte\/salvador-recebe-pela-primeira-vez-a-zumba-world-pride-em-setembro\/","title":{"rendered":"Salvador recebe pela primeira vez a Zumba World Pride em setembro"},"content":{"rendered":"<p>Gosta de dan\u00e7ar? Est\u00e1 programado para acontecer em Salvador no dia 3 de setembro a primeira edi\u00e7\u00e3o da\u00a0Zumba World Pride &#8211;\u00a0um aul\u00e3o de dan\u00e7a que vai unir todas as tribos para dan\u00e7ar. O evento que acontecer\u00e1 no Clube dos Banc\u00e1rios no Largo dos Aflitos.\u00a0O aul\u00e3o vai reunir nada menos do que 16 professores de zumba do estado com performances e apresenta\u00e7\u00f5es. A festa \u00e9 de camisa. Os ingressos j\u00e1 est\u00e3o sendo vendidos. Valores: individual R$25; casadinha R$40.\u00a0Vendas e mais informa\u00e7\u00f5es pelo telefone (71) 992310522.<\/p>\n<p><img loading=\"lazy\" decoding=\"async\" class=\"aligncenter size-large wp-image-11807\" src=\"https:\/\/blogs.correio24h.com.br\/mesalte\/wp-content\/uploads\/2017\/07\/zumba-724x1024.jpg\" alt=\"zumba\" width=\"724\" height=\"1024\" srcset=\"https:\/\/blogs.correio24h.com.br\/mesalte\/wp-content\/uploads\/2017\/07\/zumba-724x1024.jpg 724w, https:\/\/blogs.correio24h.com.br\/mesalte\/wp-content\/uploads\/2017\/07\/zumba-212x300.jpg 212w, https:\/\/blogs.correio24h.com.br\/mesalte\/wp-content\/uploads\/2017\/07\/zumba-768x1086.jpg 768w, https:\/\/blogs.correio24h.com.br\/mesalte\/wp-content\/uploads\/2017\/07\/zumba-103x146.jpg 103w, https:\/\/blogs.correio24h.com.br\/mesalte\/wp-content\/uploads\/2017\/07\/zumba-35x50.jpg 35w, https:\/\/blogs.correio24h.com.br\/mesalte\/wp-content\/uploads\/2017\/07\/zumba-53x75.jpg 53w, https:\/\/blogs.correio24h.com.br\/mesalte\/wp-content\/uploads\/2017\/07\/zumba.jpg 905w\" sizes=\"auto, (max-width: 724px) 100vw, 724px\" \/><\/p>\n","protected":false},"excerpt":{"rendered":"<p>Gosta de dan\u00e7ar? Est\u00e1 programado para acontecer em Salvador no dia 3 de setembro a primeira edi\u00e7\u00e3o da\u00a0Zumba World Pride &#8211;\u00a0um aul\u00e3o de dan\u00e7a que vai [&hellip;]<\/p>\n","protected":false},"author":1,"featured_media":0,"comment_status":"open","ping_status":"open","sticky":false,"template":"","format":"image","meta":{"footnotes":""},"categories":[80,24,16],"tags":[],"class_list":["post-11806","post","type-post","status-publish","format-image","hentry","category-home","category-me-cuido","category-me-jogo","post_format-post-format-image"],"_links":{"self":[{"href":"https:\/\/blogs.correio24horas.com.br\/mesalte\/wp-json\/wp\/v2\/posts\/11806","targetHints":{"allow":["GET"]}}],"collection":[{"href":"https:\/\/blogs.correio24horas.com.br\/mesalte\/wp-json\/wp\/v2\/posts"}],"about":[{"href":"https:\/\/blogs.correio24horas.com.br\/mesalte\/wp-json\/wp\/v2\/types\/post"}],"author":[{"embeddable":true,"href":"https:\/\/blogs.correio24horas.com.br\/mesalte\/wp-json\/wp\/v2\/users\/1"}],"replies":[{"embeddable":true,"href":"https:\/\/blogs.correio24horas.com.br\/mesalte\/wp-json\/wp\/v2\/comments?post=11806"}],"version-history":[{"count":1,"href":"https:\/\/blogs.correio24horas.com.br\/mesalte\/wp-json\/wp\/v2\/posts\/11806\/revisions"}],"predecessor-version":[{"id":11808,"href":"https:\/\/blogs.correio24horas.com.br\/mesalte\/wp-json\/wp\/v2\/posts\/11806\/revisions\/11808"}],"wp:attachment":[{"href":"https:\/\/blogs.correio24horas.com.br\/mesalte\/wp-json\/wp\/v2\/media?parent=11806"}],"wp:term":[{"taxonomy":"category","embeddable":true,"href":"https:\/\/blogs.correio24horas.com.br\/mesalte\/wp-json\/wp\/v2\/categories?post=11806"},{"taxonomy":"post_tag","embeddable":true,"href":"https:\/\/blogs.correio24horas.com.br\/mesalte\/wp-json\/wp\/v2\/tags?post=11806"}],"curies":[{"name":"wp","href":"https:\/\/api.w.org\/{rel}","templated":true}]}}