{"id":11802,"date":"2017-07-25T18:56:49","date_gmt":"2017-07-25T21:56:49","guid":{"rendered":"http:\/\/blogs.correio24horas.com.br\/mesalte\/?p=11802"},"modified":"2017-07-25T18:56:49","modified_gmt":"2017-07-25T21:56:49","slug":"policia-prende-homem-que-matou-comerciante-que-era-seu-namorado-em-feira-de-santana","status":"publish","type":"post","link":"https:\/\/blogs.correio24horas.com.br\/mesalte\/policia-prende-homem-que-matou-comerciante-que-era-seu-namorado-em-feira-de-santana\/","title":{"rendered":"Pol\u00edcia prende homem que matou comerciante que era seu namorado em Feira de Santana"},"content":{"rendered":"<p>&nbsp;<\/p>\n<p>A Pol\u00edcia Civil prendeu\u00a0tr\u00eas homens que espancaram at\u00e9 morte, durante um assalto, o comerciante Salvador Santana Rocha, conhecido por Sass\u00e1, em Feira de Santana, na segunda-feira (24), por equipes Delegacia de Repress\u00e3o a Furtos e Roubos (DRFR\/Feira). O crime ocorreu no dia 13 de maio, na mercearia de propriedade da v\u00edtima.\u00a0Adson Michel de Oliveira, Jefferson Lima Martins e Kevin Brito Donoso foram encontrados em suas respectivas resid\u00eancias, no Conjunto Habitacional Luciano Barreto, local aonde Salvador mantinha seu estabelecimento comercial.<\/p>\n<p>Durante as investiga\u00e7\u00f5es, os policias descobriram que Adson (foto acima)\u00a0e a v\u00edtima mantinham um relacionamento homoafetivo.\u00a0Interrogados pela delegada Thiara Duarte, apesar dos tr\u00eas confessaram o crime, Jefferson e Kevin disseram n\u00e3o saber que Adson pretendia matar o comerciante.<\/p>\n<p>No dia do crime, os tr\u00eas entraram na mercearia e Adson derrubou a v\u00edtima no ch\u00e3o com um \u00fanico soco em seu rosto. Depois disso, segundo a pol\u00edcia civil, \u00a0Kevin desferiu v\u00e1rios outros socos no comerciante, at\u00e9 mat\u00e1-lo. Os bandidos levaram cerca de R$ 2 mil do caixa e retiraram as c\u00e2maras de seguran\u00e7a do local para n\u00e3o serem identificados.<br \/>\nAp\u00f3s ouvir a confiss\u00e3o dos bandidos, a delegada solicitou os mandados de pris\u00e3o preventiva \u00e0 Justi\u00e7a. Adson, Jefferson e Kevin foram encaminhados ao Pres\u00eddio de Feira de Santana. Kevin j\u00e1 possui passagem pela pol\u00edcia por furto.<\/p>\n","protected":false},"excerpt":{"rendered":"<p>&nbsp; A Pol\u00edcia Civil prendeu\u00a0tr\u00eas homens que espancaram at\u00e9 morte, durante um assalto, o comerciante Salvador Santana Rocha, conhecido por Sass\u00e1, em Feira de Santana, na [&hellip;]<\/p>\n","protected":false},"author":1,"featured_media":11803,"comment_status":"open","ping_status":"open","sticky":false,"template":"","format":"image","meta":{"footnotes":""},"categories":[80,11],"tags":[],"class_list":["post-11802","post","type-post","status-publish","format-image","has-post-thumbnail","hentry","category-home","category-me-informo","post_format-post-format-image"],"_links":{"self":[{"href":"https:\/\/blogs.correio24horas.com.br\/mesalte\/wp-json\/wp\/v2\/posts\/11802","targetHints":{"allow":["GET"]}}],"collection":[{"href":"https:\/\/blogs.correio24horas.com.br\/mesalte\/wp-json\/wp\/v2\/posts"}],"about":[{"href":"https:\/\/blogs.correio24horas.com.br\/mesalte\/wp-json\/wp\/v2\/types\/post"}],"author":[{"embeddable":true,"href":"https:\/\/blogs.correio24horas.com.br\/mesalte\/wp-json\/wp\/v2\/users\/1"}],"replies":[{"embeddable":true,"href":"https:\/\/blogs.correio24horas.com.br\/mesalte\/wp-json\/wp\/v2\/comments?post=11802"}],"version-history":[{"count":2,"href":"https:\/\/blogs.correio24horas.com.br\/mesalte\/wp-json\/wp\/v2\/posts\/11802\/revisions"}],"predecessor-version":[{"id":11805,"href":"https:\/\/blogs.correio24horas.com.br\/mesalte\/wp-json\/wp\/v2\/posts\/11802\/revisions\/11805"}],"wp:featuredmedia":[{"embeddable":true,"href":"https:\/\/blogs.correio24horas.com.br\/mesalte\/wp-json\/wp\/v2\/media\/11803"}],"wp:attachment":[{"href":"https:\/\/blogs.correio24horas.com.br\/mesalte\/wp-json\/wp\/v2\/media?parent=11802"}],"wp:term":[{"taxonomy":"category","embeddable":true,"href":"https:\/\/blogs.correio24horas.com.br\/mesalte\/wp-json\/wp\/v2\/categories?post=11802"},{"taxonomy":"post_tag","embeddable":true,"href":"https:\/\/blogs.correio24horas.com.br\/mesalte\/wp-json\/wp\/v2\/tags?post=11802"}],"curies":[{"name":"wp","href":"https:\/\/api.w.org\/{rel}","templated":true}]}}