{"id":11796,"date":"2017-07-25T10:08:14","date_gmt":"2017-07-25T13:08:14","guid":{"rendered":"http:\/\/blogs.correio24horas.com.br\/mesalte\/?p=11796"},"modified":"2017-07-25T10:08:14","modified_gmt":"2017-07-25T13:08:14","slug":"exclusivo-grupo-baiano-san-sebastian-fara-festa-em-festival-gay-na-grecia-em-agosto","status":"publish","type":"post","link":"https:\/\/blogs.correio24horas.com.br\/mesalte\/exclusivo-grupo-baiano-san-sebastian-fara-festa-em-festival-gay-na-grecia-em-agosto\/","title":{"rendered":"Exclusivo: grupo baiano San Sebastian far\u00e1 festa em festival gay na Gr\u00e9cia em agosto"},"content":{"rendered":"<p>O grupo baiano San Sebastian &#8211; que \u00e9 comandado pelos empres\u00e1rios Andr\u00e9 Gagliano e Jos\u00e9 Augusto Vasconcelos &#8211; est\u00e1 cada vez mais internacional. Depois de levar a festa eletr\u00f4nica Blessed para o Rumours Festival Music, um dos maiores festivais gays da Col\u00f4mbia, em julho, agora o destino ser\u00e1 a Europa. Explico: a San vai participar do <a href=\"http:\/\/www.xlsiorfestival.com\/\" target=\"_blank\">Xlsior,<\/a> festival de m\u00fasica eletr\u00f4nica na Gr\u00e9cia. A festa ser\u00e1 no s\u00e1bado (26) do festival que recebe gays de diversos pa\u00edses do mundo. A DJ Anne Louise &#8211; <a href=\"https:\/\/blogs.correio24horas.com.br\/mesalte\/grupo-baiano-san-sebastian-assina-balada-em-festival-gay-na-colombia\/\" target=\"_blank\">que tamb\u00e9m tocou na Col\u00f4mbia<\/a> &#8211; ser\u00e1 a atra\u00e7\u00e3o da festa que acontecer\u00e1 \u00e0 beira da piscina.<\/p>\n<div id=\"attachment_11797\" style=\"width: 760px\" class=\"wp-caption aligncenter\"><img loading=\"lazy\" decoding=\"async\" aria-describedby=\"caption-attachment-11797\" class=\"size-full wp-image-11797\" src=\"https:\/\/blogs.correio24h.com.br\/mesalte\/wp-content\/uploads\/2017\/07\/colombia.jpg\" alt=\"Time da San Sebastian aterrissou na Col\u00f4mbia Foto: Acervo Pessoal\" width=\"750\" height=\"683\" srcset=\"https:\/\/blogs.correio24h.com.br\/mesalte\/wp-content\/uploads\/2017\/07\/colombia.jpg 750w, https:\/\/blogs.correio24h.com.br\/mesalte\/wp-content\/uploads\/2017\/07\/colombia-300x273.jpg 300w, https:\/\/blogs.correio24h.com.br\/mesalte\/wp-content\/uploads\/2017\/07\/colombia-160x146.jpg 160w, https:\/\/blogs.correio24h.com.br\/mesalte\/wp-content\/uploads\/2017\/07\/colombia-50x46.jpg 50w, https:\/\/blogs.correio24h.com.br\/mesalte\/wp-content\/uploads\/2017\/07\/colombia-82x75.jpg 82w\" sizes=\"auto, (max-width: 750px) 100vw, 750px\" \/><p id=\"caption-attachment-11797\" class=\"wp-caption-text\">Time da San Sebastian aterrissou na Col\u00f4mbia<br \/>Foto: Acervo Pessoal<\/p><\/div>\n<p>Em tempo: o grupo San Sebastian promove, em Salvador, no dia 5 de agosto, sua super festa de anivers\u00e1rio com shows de <a href=\"https:\/\/blogs.correio24horas.com.br\/mesalte\/exclusivo-anitta-e-claudia-leitte-anunciam-shows-em-salvador-dia-5-de-agosto-saiba-mais\/\" target=\"_blank\">Anitta e Claudia Leitte<\/a>. Eles tamb\u00e9m comandaram o San Island Weekend, em Morro de S\u00e3o Paulo, que levou mais de 4 mil gays de todo Brasil para Morro de S\u00e3o Paulo&#8230;.e j\u00e1 est\u00e1 com a edi\u00e7\u00e3o 2018 garantida com Ivete. Um ahaso!<\/p>\n<p>Cata s\u00f3 o v\u00eddeo de divulga\u00e7\u00e3o da festa na Gr\u00e9cia divulgado em primeira m\u00e3o pelo Me Salte&gt;&gt;&gt;<br \/>\n<iframe loading=\"lazy\" style=\"border: none; overflow: hidden;\" src=\"https:\/\/www.facebook.com\/plugins\/video.php?href=https%3A%2F%2Fwww.facebook.com%2Fmesalte%2Fvideos%2F1486065614788307%2F&amp;show_text=0&amp;width=560\" width=\"620\" height=\"315\" frameborder=\"0\" scrolling=\"no\" allowfullscreen=\"allowfullscreen\"><\/iframe><\/p>\n<p>&nbsp;<\/p>\n","protected":false},"excerpt":{"rendered":"<p>O grupo baiano San Sebastian &#8211; que \u00e9 comandado pelos empres\u00e1rios Andr\u00e9 Gagliano e Jos\u00e9 Augusto Vasconcelos &#8211; est\u00e1 cada vez mais internacional. Depois de levar [&hellip;]<\/p>\n","protected":false},"author":1,"featured_media":6336,"comment_status":"open","ping_status":"open","sticky":false,"template":"","format":"image","meta":{"footnotes":""},"categories":[28,80],"tags":[],"class_list":["post-11796","post","type-post","status-publish","format-image","has-post-thumbnail","hentry","category-farofa-digital","category-home","post_format-post-format-image"],"_links":{"self":[{"href":"https:\/\/blogs.correio24horas.com.br\/mesalte\/wp-json\/wp\/v2\/posts\/11796","targetHints":{"allow":["GET"]}}],"collection":[{"href":"https:\/\/blogs.correio24horas.com.br\/mesalte\/wp-json\/wp\/v2\/posts"}],"about":[{"href":"https:\/\/blogs.correio24horas.com.br\/mesalte\/wp-json\/wp\/v2\/types\/post"}],"author":[{"embeddable":true,"href":"https:\/\/blogs.correio24horas.com.br\/mesalte\/wp-json\/wp\/v2\/users\/1"}],"replies":[{"embeddable":true,"href":"https:\/\/blogs.correio24horas.com.br\/mesalte\/wp-json\/wp\/v2\/comments?post=11796"}],"version-history":[{"count":3,"href":"https:\/\/blogs.correio24horas.com.br\/mesalte\/wp-json\/wp\/v2\/posts\/11796\/revisions"}],"predecessor-version":[{"id":11800,"href":"https:\/\/blogs.correio24horas.com.br\/mesalte\/wp-json\/wp\/v2\/posts\/11796\/revisions\/11800"}],"wp:featuredmedia":[{"embeddable":true,"href":"https:\/\/blogs.correio24horas.com.br\/mesalte\/wp-json\/wp\/v2\/media\/6336"}],"wp:attachment":[{"href":"https:\/\/blogs.correio24horas.com.br\/mesalte\/wp-json\/wp\/v2\/media?parent=11796"}],"wp:term":[{"taxonomy":"category","embeddable":true,"href":"https:\/\/blogs.correio24horas.com.br\/mesalte\/wp-json\/wp\/v2\/categories?post=11796"},{"taxonomy":"post_tag","embeddable":true,"href":"https:\/\/blogs.correio24horas.com.br\/mesalte\/wp-json\/wp\/v2\/tags?post=11796"}],"curies":[{"name":"wp","href":"https:\/\/api.w.org\/{rel}","templated":true}]}}