{"id":11791,"date":"2017-07-24T07:57:30","date_gmt":"2017-07-24T10:57:30","guid":{"rendered":"http:\/\/blogs.correio24horas.com.br\/mesalte\/?p=11791"},"modified":"2017-07-24T07:58:18","modified_gmt":"2017-07-24T10:58:18","slug":"salvador-recebe-primeira-oficina-de-fortalecimento-do-sistema-nacional-lgbt","status":"publish","type":"post","link":"https:\/\/blogs.correio24horas.com.br\/mesalte\/salvador-recebe-primeira-oficina-de-fortalecimento-do-sistema-nacional-lgbt\/","title":{"rendered":"Salvador recebe primeira oficina de fortalecimento do sistema nacional LGBT"},"content":{"rendered":"<p>Acontecer\u00e1 em Salvador &#8211; entre os dias 26 e\u00a028 de julho -a I\u00aa Oficina de fortalecimento do Sistema Nacional LGBT no Hotel Golden Park na Pituba, promovida pelo Laborat\u00f3rio Interdisciplinar de Pol\u00edticas LGBT \u2013 LABI. A oficina tem como objetivo de reunir as pessoas que protagonizam as pol\u00edticas LGBT no Brasil.<\/p>\n<p>\nDentre o p\u00fablico participante estar\u00e3o representantes dos Conselhos Nacional, Estadual e Municipal, gestoras\/es de Centros de Refer\u00eancias, de Promo\u00e7\u00e3o e Defesa dos Direitos LGBT, assim como pessoas usu\u00e1rias desses servi\u00e7os, al\u00e9m de pesquisadoras\/es da \u00e1rea de sexualidades e identidades de g\u00eanero.<\/p>\n<p>\nA programa\u00e7\u00e3o do evento contar\u00e1 com rodas de conversa sobre o Sistema Nacional LGBT, das 8 \u00e0s 19h, com apresenta\u00e7\u00e3o da portaria 766\/13, espa\u00e7os sobre os indicadores de pol\u00edticas p\u00fablicas relacionadas a essa popula\u00e7\u00e3o, al\u00e9m das boas experi\u00eancias que ser\u00e3o contadas para tra\u00e7ar estrat\u00e9gias de consolida\u00e7\u00e3o dos diretos LGBTs. Alguns nomes confirmados s\u00e3o: \u00a0Cl\u00e1udio Nascimento, ex-coordenador de pol\u00edticas LGBT do Rio de Janeiro; Bruna Irineu, ativista LGBT, professora de Servi\u00e7o Social na Universidade Federal de Tocantins, onde coordena o N\u00facleo de Estudos, Pesquisas e Extens\u00e3o em Sexualidade, Corporalidades e Direitos; Simmy Larrat, ativista LGBT, ex-gestora do Transcidadania e da Coordena\u00e7\u00e3o Nacional de Pol\u00edticas LGBT da Secretaria de Direitos Humanos.<\/p>\n<p>\nA oficina, assim como o LABI, \u00e9 realizada em parceria da Secretaria Justi\u00e7a, Direitos Humanos e Desenvolvimento Social (SJDHDS) com o Centro de Estudos de G\u00eanero, Ra\u00e7a\/Etnia e Sexualidade &#8211; Diadorim e a Universidade do Estado da Bahia (UNEB).\u00a0O projeto vai oferecer mais uma oficina, al\u00e9m de workshops para fortalecer as pol\u00edticas p\u00fablicas para LGBTs no Brasil. Para acompanhar mais informa\u00e7\u00f5es e atividades do projeto, acesse os perfis nas redes sociais, facebook e twitter.<\/p>\n<p>\n<strong>Servi\u00e7o:<\/strong><br \/>\nO que: I\u00aa Oficina de Fortalecimento do Sistema Nacional LGBT<br \/>\nQuando: 26 a 28 de julho de 2017<br \/>\nOnde: Hotel Golden Park &#8211; Pituba &#8211; Salvador<br \/>\nContato: labi.uneb@gmail.com \/ https:\/\/www.facebook.com\/LabiLGBT \/ https:\/\/twitter.com\/LabiLGBTUneb<\/p>\n","protected":false},"excerpt":{"rendered":"<p>Acontecer\u00e1 em Salvador &#8211; entre os dias 26 e\u00a028 de julho -a I\u00aa Oficina de fortalecimento do Sistema Nacional LGBT no Hotel Golden Park na Pituba, [&hellip;]<\/p>\n","protected":false},"author":1,"featured_media":0,"comment_status":"open","ping_status":"open","sticky":false,"template":"","format":"image","meta":{"footnotes":""},"categories":[80,11],"tags":[],"class_list":["post-11791","post","type-post","status-publish","format-image","hentry","category-home","category-me-informo","post_format-post-format-image"],"_links":{"self":[{"href":"https:\/\/blogs.correio24horas.com.br\/mesalte\/wp-json\/wp\/v2\/posts\/11791","targetHints":{"allow":["GET"]}}],"collection":[{"href":"https:\/\/blogs.correio24horas.com.br\/mesalte\/wp-json\/wp\/v2\/posts"}],"about":[{"href":"https:\/\/blogs.correio24horas.com.br\/mesalte\/wp-json\/wp\/v2\/types\/post"}],"author":[{"embeddable":true,"href":"https:\/\/blogs.correio24horas.com.br\/mesalte\/wp-json\/wp\/v2\/users\/1"}],"replies":[{"embeddable":true,"href":"https:\/\/blogs.correio24horas.com.br\/mesalte\/wp-json\/wp\/v2\/comments?post=11791"}],"version-history":[{"count":3,"href":"https:\/\/blogs.correio24horas.com.br\/mesalte\/wp-json\/wp\/v2\/posts\/11791\/revisions"}],"predecessor-version":[{"id":11794,"href":"https:\/\/blogs.correio24horas.com.br\/mesalte\/wp-json\/wp\/v2\/posts\/11791\/revisions\/11794"}],"wp:attachment":[{"href":"https:\/\/blogs.correio24horas.com.br\/mesalte\/wp-json\/wp\/v2\/media?parent=11791"}],"wp:term":[{"taxonomy":"category","embeddable":true,"href":"https:\/\/blogs.correio24horas.com.br\/mesalte\/wp-json\/wp\/v2\/categories?post=11791"},{"taxonomy":"post_tag","embeddable":true,"href":"https:\/\/blogs.correio24horas.com.br\/mesalte\/wp-json\/wp\/v2\/tags?post=11791"}],"curies":[{"name":"wp","href":"https:\/\/api.w.org\/{rel}","templated":true}]}}