{"id":11729,"date":"2017-07-18T20:42:29","date_gmt":"2017-07-18T23:42:29","guid":{"rendered":"http:\/\/blogs.correio24horas.com.br\/mesalte\/?p=11729"},"modified":"2017-07-24T07:20:02","modified_gmt":"2017-07-24T10:20:02","slug":"banda-muriquins-faz-show-com-a-transbatukada-nesta-sexta-21-saiba-mais","status":"publish","type":"post","link":"https:\/\/blogs.correio24horas.com.br\/mesalte\/banda-muriquins-faz-show-com-a-transbatukada-nesta-sexta-21-saiba-mais\/","title":{"rendered":"Banda Muriquins faz show com a\u00a0TransBatukada nesta sexta (21); saiba mais"},"content":{"rendered":"<p>A banda Muriquins sobe ao palco do Espa\u00e7o Cultural da Barroquinha\u00a0nesta sexta-feira (21) para mostrar sua m\u00fasica preta \u2013 trabalho delineado pelo grupo desde 2012. A Muriquins apresenta um repert\u00f3rio autoral, tendo a frente Verciah, vocalista e compositor transg\u00eanero, que tem uma voz apenas INCR\u00cdVEL!<\/p>\n<p>Em meio a interpreta\u00e7\u00f5es de cl\u00e1ssicos como Brilho de Beleza (Nego Tenga) com cita\u00e7\u00f5es de War (Bob Marley) e A Carne (Marcelo Yuca\/Seu Jorge\/Wilson Capellette), a banda apresenta temas autorais, como \u2018\u00c9 Noiz, Direito ao Respeito\u2019, \u2018Condenados da Terra\u2019, \u2018Desfazendo G\u00eanero\u2019, \u2018O que \u00e9 que essa nega tem?\u2019, \u2018Um negro amor\u2019, \u2018Salto ao p\u00f4r-do-sol\u2019, dentre outras can\u00e7\u00f5es.<\/p>\n<p>Nesta apresenta\u00e7\u00e3o, o grupo conta com o retorno de Z\u00e9 Livera, respons\u00e1vel pelo baixo na banda e quem sobe ao palco junto com a Muriquins \u00e9 a Transbatukada \u2013 projeto percussivo-artevista, formado por pessoas trans e travestis, cujo mestre, cis aliado na luta trans, \u00e9 Antenor Cardoso.<\/p>\n<p>Ou\u00e7a e vamos!<br \/>\n<iframe loading=\"lazy\" width=\"560\" height=\"315\" src=\"https:\/\/www.youtube.com\/embed\/sqXVrRI9RzA\" frameborder=\"0\" allowfullscreen><\/iframe><\/p>\n<p>Servi\u00e7o:<br \/>\nO qu\u00ea: Show da Muriquins, com participa\u00e7\u00e3o da Transbatukada.<br \/>\nOnde: Espa\u00e7o Cultural da Barroquinha.<br \/>\nQuando: Sexta-feira, 21 de julho.<br \/>\nHor\u00e1rio: 19h.<br \/>\nQuanto: R$20,00 (inteira)\/R$10,00 (meia).<br \/>\n*Ingressos \u00e0 venda na bilheteria do espa\u00e7o. Somente em esp\u00e9cie.<br \/>\n*Para meia entrada, necess\u00e1rio apresenta\u00e7\u00e3o da carteira estudantil.<\/p>\n","protected":false},"excerpt":{"rendered":"<p>A banda Muriquins sobe ao palco do Espa\u00e7o Cultural da Barroquinha\u00a0nesta sexta-feira (21) para mostrar sua m\u00fasica preta \u2013 trabalho delineado pelo grupo desde 2012. A [&hellip;]<\/p>\n","protected":false},"author":1,"featured_media":11730,"comment_status":"open","ping_status":"open","sticky":false,"template":"","format":"image","meta":{"footnotes":""},"categories":[9],"tags":[],"class_list":["post-11729","post","type-post","status-publish","format-image","has-post-thumbnail","hentry","category-me-orgulho","post_format-post-format-image"],"_links":{"self":[{"href":"https:\/\/blogs.correio24horas.com.br\/mesalte\/wp-json\/wp\/v2\/posts\/11729","targetHints":{"allow":["GET"]}}],"collection":[{"href":"https:\/\/blogs.correio24horas.com.br\/mesalte\/wp-json\/wp\/v2\/posts"}],"about":[{"href":"https:\/\/blogs.correio24horas.com.br\/mesalte\/wp-json\/wp\/v2\/types\/post"}],"author":[{"embeddable":true,"href":"https:\/\/blogs.correio24horas.com.br\/mesalte\/wp-json\/wp\/v2\/users\/1"}],"replies":[{"embeddable":true,"href":"https:\/\/blogs.correio24horas.com.br\/mesalte\/wp-json\/wp\/v2\/comments?post=11729"}],"version-history":[{"count":3,"href":"https:\/\/blogs.correio24horas.com.br\/mesalte\/wp-json\/wp\/v2\/posts\/11729\/revisions"}],"predecessor-version":[{"id":11733,"href":"https:\/\/blogs.correio24horas.com.br\/mesalte\/wp-json\/wp\/v2\/posts\/11729\/revisions\/11733"}],"wp:featuredmedia":[{"embeddable":true,"href":"https:\/\/blogs.correio24horas.com.br\/mesalte\/wp-json\/wp\/v2\/media\/11730"}],"wp:attachment":[{"href":"https:\/\/blogs.correio24horas.com.br\/mesalte\/wp-json\/wp\/v2\/media?parent=11729"}],"wp:term":[{"taxonomy":"category","embeddable":true,"href":"https:\/\/blogs.correio24horas.com.br\/mesalte\/wp-json\/wp\/v2\/categories?post=11729"},{"taxonomy":"post_tag","embeddable":true,"href":"https:\/\/blogs.correio24horas.com.br\/mesalte\/wp-json\/wp\/v2\/tags?post=11729"}],"curies":[{"name":"wp","href":"https:\/\/api.w.org\/{rel}","templated":true}]}}