{"id":11664,"date":"2017-07-12T07:47:02","date_gmt":"2017-07-12T10:47:02","guid":{"rendered":"http:\/\/blogs.correio24horas.com.br\/mesalte\/?p=11664"},"modified":"2017-07-12T07:47:02","modified_gmt":"2017-07-12T10:47:02","slug":"cantora-will-carvalho-faz-show-no-qattro-gastronomia-cultura-no-rio-veermelho","status":"publish","type":"post","link":"https:\/\/blogs.correio24horas.com.br\/mesalte\/cantora-will-carvalho-faz-show-no-qattro-gastronomia-cultura-no-rio-veermelho\/","title":{"rendered":"Cantora Will Carvalho faz show no Qattro Gastronomia &#038; Cultura no Rio Veermelho"},"content":{"rendered":"<p>A ex-comandante das bandas Reflexu`s e Tiete Vip`s, Wil Carvalho far\u00e1 uma apresenta\u00e7\u00e3o especial neste final de semana no\u00a0\u00a0Qattro Gastronomia &amp; Cultura,\u00a0o mais novo restaurante do Rio Vermelho. O show acontecer\u00e1 no pr\u00f3ximo s\u00e1bado (15) a partir das 11h30. A\u00a0casa disponibilizar\u00e1 um\u00a0buffet de feijoada\u00a0durante o show de Will.<\/p>\n<p>Com mais de 25 anos de estrada, a artista se tornou conhecida ao integrar as Bandas Reflexu`s e Tiete Vip`s, e agora \u00a0transita por v\u00e1rios estilos musicais como MPB, Pop, samba, samba-reggae e samba de roda, entre outros. Em seu repert\u00f3rio, a artista oferece uma variedade de estilos musicais, onde al\u00e9m de releituras de cl\u00e1ssicos j\u00e1 consagrados na m\u00fasica brasileira, apresenta tamb\u00e9m m\u00fasicas in\u00e9ditas.<\/p>\n<p><strong>Servi\u00e7o:<\/strong><br \/>\nData: 15 de julho<br \/>\nLocal: Qattro Gastronomia &amp; Cultura<br \/>\nEndere\u00e7o: Rua Fonte do Boi, 131, Rio Vermelho<br \/>\nO qu\u00ea: Buffet de feijoada &#8211; R$ 39,90<br \/>\nHor\u00e1rio: \u00e0 partir das 11:30h<br \/>\nAtra\u00e7\u00e3o: Show de Will Carvalho (14h)<br \/>\nCouvert art\u00edstico &#8211; R$ 20<\/p>\n<p>Confira as demais atra\u00e7\u00f5es musicais que torcar\u00e3o no espa\u00e7o no m\u00eas de julho:<\/p>\n<p>21\/07 (22h) &#8211; PEDRA DE TROPE\u00c7O<br \/>\n22\/07 (22h) &#8211; KEKO PIRES (TRIBUTO A ERIC CLAPTON) *<br \/>\n28\/07 (22h) &#8211; REINA MUSIC<br \/>\n29\/07 (22h) &#8211; PEDRA DE TROPE\u00c7O<\/p>\n","protected":false},"excerpt":{"rendered":"<p>A ex-comandante das bandas Reflexu`s e Tiete Vip`s, Wil Carvalho far\u00e1 uma apresenta\u00e7\u00e3o especial neste final de semana no\u00a0\u00a0Qattro Gastronomia &amp; Cultura,\u00a0o mais novo restaurante do [&hellip;]<\/p>\n","protected":false},"author":1,"featured_media":11665,"comment_status":"open","ping_status":"open","sticky":false,"template":"","format":"image","meta":{"footnotes":""},"categories":[80,16],"tags":[],"class_list":["post-11664","post","type-post","status-publish","format-image","has-post-thumbnail","hentry","category-home","category-me-jogo","post_format-post-format-image"],"_links":{"self":[{"href":"https:\/\/blogs.correio24horas.com.br\/mesalte\/wp-json\/wp\/v2\/posts\/11664","targetHints":{"allow":["GET"]}}],"collection":[{"href":"https:\/\/blogs.correio24horas.com.br\/mesalte\/wp-json\/wp\/v2\/posts"}],"about":[{"href":"https:\/\/blogs.correio24horas.com.br\/mesalte\/wp-json\/wp\/v2\/types\/post"}],"author":[{"embeddable":true,"href":"https:\/\/blogs.correio24horas.com.br\/mesalte\/wp-json\/wp\/v2\/users\/1"}],"replies":[{"embeddable":true,"href":"https:\/\/blogs.correio24horas.com.br\/mesalte\/wp-json\/wp\/v2\/comments?post=11664"}],"version-history":[{"count":1,"href":"https:\/\/blogs.correio24horas.com.br\/mesalte\/wp-json\/wp\/v2\/posts\/11664\/revisions"}],"predecessor-version":[{"id":11666,"href":"https:\/\/blogs.correio24horas.com.br\/mesalte\/wp-json\/wp\/v2\/posts\/11664\/revisions\/11666"}],"wp:featuredmedia":[{"embeddable":true,"href":"https:\/\/blogs.correio24horas.com.br\/mesalte\/wp-json\/wp\/v2\/media\/11665"}],"wp:attachment":[{"href":"https:\/\/blogs.correio24horas.com.br\/mesalte\/wp-json\/wp\/v2\/media?parent=11664"}],"wp:term":[{"taxonomy":"category","embeddable":true,"href":"https:\/\/blogs.correio24horas.com.br\/mesalte\/wp-json\/wp\/v2\/categories?post=11664"},{"taxonomy":"post_tag","embeddable":true,"href":"https:\/\/blogs.correio24horas.com.br\/mesalte\/wp-json\/wp\/v2\/tags?post=11664"}],"curies":[{"name":"wp","href":"https:\/\/api.w.org\/{rel}","templated":true}]}}