{"id":11462,"date":"2017-06-30T08:50:02","date_gmt":"2017-06-30T11:50:02","guid":{"rendered":"http:\/\/blogs.correio24horas.com.br\/mesalte\/?p=11462"},"modified":"2017-06-30T08:50:02","modified_gmt":"2017-06-30T11:50:02","slug":"e-mentira-claudia-nao-retirou-o-leitte-do-sobrenome-entenda-a-polemica","status":"publish","type":"post","link":"https:\/\/blogs.correio24horas.com.br\/mesalte\/e-mentira-claudia-nao-retirou-o-leitte-do-sobrenome-entenda-a-polemica\/","title":{"rendered":"\u00c9 mentira: Claudia n\u00e3o retirou o Leitte do sobrenome! entenda a pol\u00eamica"},"content":{"rendered":"<p>A cantora Claudia Leitte surpreendeu todo mundo ao anunciar na quarta-feira que <strong><a href=\"https:\/\/blogs.correio24horas.com.br\/mesalte\/claudiasemleitte\/\" target=\"_blank\">iria retirar o sobrenome para uma nova turn\u00ea<\/a><\/strong>. Mas nesta quinta-feira (29)\u00a0ela revelou o verdadeiro motivo por tr\u00e1s da mudan\u00e7a: foi uma a\u00e7\u00e3o de marketing para um rem\u00e9dio de nome Perlatte, que auxilia na digest\u00e3o da lactose para pessoas intolerantes \u00e0 subst\u00e2ncia.\u00a0&#8220;Eu cortei o Leitte do meu nome para mostrar que \u00e9 exatamente isso que muita gente faz sem precisar&#8221;, escreveu a loira.<\/p>\n<blockquote class=\"instagram-media\" style=\"background: #FFF; border: 0; border-radius: 3px; box-shadow: 0 0 1px 0 rgba(0,0,0,0.5),0 1px 10px 0 rgba(0,0,0,0.15); margin: 1px; max-width: 658px; padding: 0; width: calc(100% - 2px);\" data-instgrm-captioned=\"\" data-instgrm-version=\"7\">\n<div style=\"padding: 8px;\">\n<div style=\"background: #F8F8F8; line-height: 0; margin-top: 40px; padding: 28.26388888888889% 0; text-align: center; width: 100%;\"><\/div>\n<p style=\"margin: 8px 0 0 0; padding: 0 4px;\"><a style=\"color: #000; font-family: Arial,sans-serif; font-size: 14px; font-style: normal; font-weight: normal; line-height: 17px; text-decoration: none; word-wrap: break-word;\" href=\"https:\/\/www.instagram.com\/p\/BV8ZftLFbgc\/\" target=\"_blank\">Eu t\u00f4 cada dia mais bagunceira, n\u00e9? Mas vamos l\u00e1 pessoal: eu cortei o Leitte do meu nome para mostrar que \u00e9 exatamente isso que muita gente faz sem precisar. &#x1f602;&#x1f602;&#x1f602;&#x1f602; Ent\u00e3o fiquem ligados #PodeTerLeite #Perlatte #MeuNome\u00c9ClaudiaLeitte, mas pode me chamar de #Claudinha!<\/a><\/p>\n<p style=\"color: #c9c8cd; font-family: Arial,sans-serif; font-size: 14px; line-height: 17px; margin-bottom: 0; margin-top: 8px; overflow: hidden; padding: 8px 0 7px; text-align: center; text-overflow: ellipsis; white-space: nowrap;\">Uma publica\u00e7\u00e3o compartilhada por Claudia Leitte (@claudialeitte) em <time style=\"font-family: Arial,sans-serif; font-size: 14px; line-height: 17px;\" datetime=\"2017-06-30T00:32:44+00:00\">Jun 29, 2017 \u00e0s 5:32 PDT<\/time><\/p>\n<\/div>\n<\/blockquote>\n<p><script src=\"\/\/platform.instagram.com\/en_US\/embeds.js\" async=\"\" defer=\"defer\"><\/script><\/p>\n<p>A a\u00e7\u00e3o foi elogiada por f\u00e3s e teve direito at\u00e9 a coment\u00e1rio de famoso: a cantora Ivete Sangalo deixou sua aprova\u00e7\u00e3o: &#8220;Adorei&#8221;. Mas, teve gente que n\u00e3o gostou e o post da cantora virou um embate entre os bolhas (com os f\u00e3s de Claudia se denominam) e os que n\u00e3o curtem o trabalho dela.<\/p>\n<p>A cantora n\u00e3o entrou em detalhes sobre se realmente far\u00e1 uma tour com o nome &#8220;Claudia&#8221;. Ontem, o colunista Ricardo Feltrin, de Uol, chegou a noticiar que Claudia havia mudado de nome atendendo a pedidos do escrit\u00f3rio do rapper americano Jay-Z (o boy da Beyonc\u00e9) , de modo a facilitar uma poss\u00edvel carreira internacional. Ao colunista, a assessoria da artista negou.<\/p>\n<p>Em tempo! Com ou sem Leitte, Claudia \u00e9 uma das atra\u00e7\u00f5es da festa de anivers\u00e1rio do grupo San Sebastian que acontece em agosto em Salvador. <strong><a href=\"https:\/\/blogs.correio24horas.com.br\/mesalte\/exclusivo-anitta-e-claudia-leitte-anunciam-shows-em-salvador-dia-5-de-agosto-saiba-mais\/\" target=\"_blank\">Al\u00e9m dela, quem se apresenta no evento no mesmo dia \u00e9 Anitta.\u00a0<\/a><\/strong><\/p>\n<p>&nbsp;<\/p>\n","protected":false},"excerpt":{"rendered":"<p>A cantora Claudia Leitte surpreendeu todo mundo ao anunciar na quarta-feira que iria retirar o sobrenome para uma nova turn\u00ea. Mas nesta quinta-feira (29)\u00a0ela revelou o [&hellip;]<\/p>\n","protected":false},"author":1,"featured_media":11463,"comment_status":"open","ping_status":"open","sticky":false,"template":"","format":"image","meta":{"footnotes":""},"categories":[28,80],"tags":[],"class_list":["post-11462","post","type-post","status-publish","format-image","has-post-thumbnail","hentry","category-farofa-digital","category-home","post_format-post-format-image"],"_links":{"self":[{"href":"https:\/\/blogs.correio24horas.com.br\/mesalte\/wp-json\/wp\/v2\/posts\/11462","targetHints":{"allow":["GET"]}}],"collection":[{"href":"https:\/\/blogs.correio24horas.com.br\/mesalte\/wp-json\/wp\/v2\/posts"}],"about":[{"href":"https:\/\/blogs.correio24horas.com.br\/mesalte\/wp-json\/wp\/v2\/types\/post"}],"author":[{"embeddable":true,"href":"https:\/\/blogs.correio24horas.com.br\/mesalte\/wp-json\/wp\/v2\/users\/1"}],"replies":[{"embeddable":true,"href":"https:\/\/blogs.correio24horas.com.br\/mesalte\/wp-json\/wp\/v2\/comments?post=11462"}],"version-history":[{"count":1,"href":"https:\/\/blogs.correio24horas.com.br\/mesalte\/wp-json\/wp\/v2\/posts\/11462\/revisions"}],"predecessor-version":[{"id":11464,"href":"https:\/\/blogs.correio24horas.com.br\/mesalte\/wp-json\/wp\/v2\/posts\/11462\/revisions\/11464"}],"wp:featuredmedia":[{"embeddable":true,"href":"https:\/\/blogs.correio24horas.com.br\/mesalte\/wp-json\/wp\/v2\/media\/11463"}],"wp:attachment":[{"href":"https:\/\/blogs.correio24horas.com.br\/mesalte\/wp-json\/wp\/v2\/media?parent=11462"}],"wp:term":[{"taxonomy":"category","embeddable":true,"href":"https:\/\/blogs.correio24horas.com.br\/mesalte\/wp-json\/wp\/v2\/categories?post=11462"},{"taxonomy":"post_tag","embeddable":true,"href":"https:\/\/blogs.correio24horas.com.br\/mesalte\/wp-json\/wp\/v2\/tags?post=11462"}],"curies":[{"name":"wp","href":"https:\/\/api.w.org\/{rel}","templated":true}]}}