{"id":11446,"date":"2017-06-29T15:38:05","date_gmt":"2017-06-29T18:38:05","guid":{"rendered":"http:\/\/blogs.correio24horas.com.br\/mesalte\/?p=11446"},"modified":"2017-06-29T18:52:19","modified_gmt":"2017-06-29T21:52:19","slug":"exclusivo-flora-gil-e-tia-ma-serao-madrinhas-da-parada-lgbt-da-bahia-em-2017","status":"publish","type":"post","link":"https:\/\/blogs.correio24horas.com.br\/mesalte\/exclusivo-flora-gil-e-tia-ma-serao-madrinhas-da-parada-lgbt-da-bahia-em-2017\/","title":{"rendered":"Exclusivo: Flora Gil e Tia M\u00e1 ser\u00e3o madrinhas da parada LGBT da Bahia em 2017"},"content":{"rendered":"<p>Parem as m\u00e1quinas! O Me Salte acaba de receber a confirma\u00e7\u00e3o, atrav\u00e9s do\u00a0Grupo Gay da Bahia (GGB), que a 16\u00aa Celebra\u00e7\u00e3o do Orgulho LGBT da Bahia e da VI Semana da Diversidade de Salvador ter\u00e1 duas madrinhas: a produtora cultural Flora Gil e jornalista Ma\u00edra Azevedo, a Tia M\u00e1.\u00a0As duas ser\u00e3o, segundo Marcelo Cerqueira que preside o GGB, respons\u00e1veis pela faixa de madrinha para os eventos\u00a0que come\u00e7am no dia 4 de setembro pr\u00f3ximo e seguem at\u00e9 o dia 10 com a celebra\u00e7\u00e3o no centro da capital baiana.\u201c Claro que sim, o que devo fazer!?\u201d , afirmou Flora, segundo Cerqueira, ao receber o convite por telefone\u00a0atrav\u00e9s de Diogo Medrado, da Bahiatursa.<\/p>\n<p>\u201cFlora \u00e9 a s\u00edntese da fam\u00edlia Gil, sua presen\u00e7a agrega valores culturais e simb\u00f3licos que representam muito para a Bahia, o Brasil e isso refor\u00e7a a nossa luta LGBT por respeito, igualdade e cidadania\u201d, diz.\u00a0Cerqueira. Flora tamb\u00e9m receber\u00e1 a honraria de gratid\u00e3o ao cantor, compositor e ex-ministro da cultura do Brasil, Gilberto Gil, por sua atua\u00e7\u00e3o na condu\u00e7\u00e3o da cultura no Brasil.<\/p>\n<p>A escolha de duas madrinhas, segundo Cerqueira, possui significado especial que \u00e9 unir esfor\u00e7os na resposta as express\u00f5es da LGBTfobia. &#8220;A presen\u00e7a das duas no evento abre diferentes espa\u00e7os de di\u00e1logos junto a diferentes setores da sociedade, isso \u00e9 muito bom porque pode sensibilizar muito mais pessoas no sentido de que desconstruir as express\u00f5es da LGBTfobia n\u00e3o \u00e9 fazer propaganda de orienta\u00e7\u00e3o sexual, mas dos direitos coletivos e difusos da sociedade&#8221;, ressalta Marcelo.<\/p>\n<p>A 16\u00aa Celebra\u00e7\u00e3o do Orgulho \u00e9 uma realiza\u00e7\u00e3o do GGB, Quimbanda Dudu e Centro Baiano Anti-Aids. As institui\u00e7\u00f5es elegeram \u201cViver Livres na Cidade que Amamos\u201d como o tema do evento que pretende refor\u00e7ar a cidadania dos LGBT baianos a partir da ocupa\u00e7\u00e3o de forma ordenada dos espa\u00e7os p\u00fablicos nas cidades, como territ\u00f3rios de identidades. Isso inclui a demonstra\u00e7\u00e3o de afeto no uso desses espa\u00e7os p\u00fablicos. A parada em si acontecer\u00e1 no dia 10 de setembro no centro de Salvador. A previs\u00e3o \u00e9 de 10 trios el\u00e9tricos das 15h\u00a0at\u00e9 as 20h. Um palco para exibi\u00e7\u00e3o de bandas musicais ser\u00e1 montado para receber atra\u00e7\u00f5es das\u00a011h at\u00e9 das 21h30.\u00a0A estimativa \u00e9 de 900 mil pessoas.<\/p>\n<p>&nbsp;<\/p>\n<p>&nbsp;<\/p>\n","protected":false},"excerpt":{"rendered":"<p>Parem as m\u00e1quinas! O Me Salte acaba de receber a confirma\u00e7\u00e3o, atrav\u00e9s do\u00a0Grupo Gay da Bahia (GGB), que a 16\u00aa Celebra\u00e7\u00e3o do Orgulho LGBT da Bahia [&hellip;]<\/p>\n","protected":false},"author":1,"featured_media":11455,"comment_status":"open","ping_status":"open","sticky":false,"template":"","format":"image","meta":{"footnotes":""},"categories":[80,9],"tags":[],"class_list":["post-11446","post","type-post","status-publish","format-image","has-post-thumbnail","hentry","category-home","category-me-orgulho","post_format-post-format-image"],"_links":{"self":[{"href":"https:\/\/blogs.correio24horas.com.br\/mesalte\/wp-json\/wp\/v2\/posts\/11446","targetHints":{"allow":["GET"]}}],"collection":[{"href":"https:\/\/blogs.correio24horas.com.br\/mesalte\/wp-json\/wp\/v2\/posts"}],"about":[{"href":"https:\/\/blogs.correio24horas.com.br\/mesalte\/wp-json\/wp\/v2\/types\/post"}],"author":[{"embeddable":true,"href":"https:\/\/blogs.correio24horas.com.br\/mesalte\/wp-json\/wp\/v2\/users\/1"}],"replies":[{"embeddable":true,"href":"https:\/\/blogs.correio24horas.com.br\/mesalte\/wp-json\/wp\/v2\/comments?post=11446"}],"version-history":[{"count":4,"href":"https:\/\/blogs.correio24horas.com.br\/mesalte\/wp-json\/wp\/v2\/posts\/11446\/revisions"}],"predecessor-version":[{"id":11456,"href":"https:\/\/blogs.correio24horas.com.br\/mesalte\/wp-json\/wp\/v2\/posts\/11446\/revisions\/11456"}],"wp:featuredmedia":[{"embeddable":true,"href":"https:\/\/blogs.correio24horas.com.br\/mesalte\/wp-json\/wp\/v2\/media\/11455"}],"wp:attachment":[{"href":"https:\/\/blogs.correio24horas.com.br\/mesalte\/wp-json\/wp\/v2\/media?parent=11446"}],"wp:term":[{"taxonomy":"category","embeddable":true,"href":"https:\/\/blogs.correio24horas.com.br\/mesalte\/wp-json\/wp\/v2\/categories?post=11446"},{"taxonomy":"post_tag","embeddable":true,"href":"https:\/\/blogs.correio24horas.com.br\/mesalte\/wp-json\/wp\/v2\/tags?post=11446"}],"curies":[{"name":"wp","href":"https:\/\/api.w.org\/{rel}","templated":true}]}}