{"id":11331,"date":"2017-06-22T14:29:53","date_gmt":"2017-06-22T17:29:53","guid":{"rendered":"http:\/\/blogs.correio24horas.com.br\/mesalte\/?p=11331"},"modified":"2017-06-22T14:29:53","modified_gmt":"2017-06-22T17:29:53","slug":"site-revela-os-nomes-dos-gemeos-de-beyonce-e-jay-z","status":"publish","type":"post","link":"https:\/\/blogs.correio24horas.com.br\/mesalte\/site-revela-os-nomes-dos-gemeos-de-beyonce-e-jay-z\/","title":{"rendered":"Site revela os nomes dos g\u00eameos de Beyonc\u00e9 e Jay Z"},"content":{"rendered":"<p><a href=\"https:\/\/blogs.correio24h.com.br\/mesalte\/wp-content\/uploads\/2017\/02\/Beyonce3_Foto-AFP.jpg\" rel=\"attachment wp-att-9749\"><img loading=\"lazy\" decoding=\"async\" class=\"size-full wp-image-9749 aligncenter\" src=\"https:\/\/blogs.correio24h.com.br\/mesalte\/wp-content\/uploads\/2017\/02\/Beyonce3_Foto-AFP.jpg\" alt=\"Beyonce3_Foto AFP\" width=\"799\" height=\"541\" srcset=\"https:\/\/blogs.correio24h.com.br\/mesalte\/wp-content\/uploads\/2017\/02\/Beyonce3_Foto-AFP.jpg 799w, https:\/\/blogs.correio24h.com.br\/mesalte\/wp-content\/uploads\/2017\/02\/Beyonce3_Foto-AFP-300x203.jpg 300w, https:\/\/blogs.correio24h.com.br\/mesalte\/wp-content\/uploads\/2017\/02\/Beyonce3_Foto-AFP-768x520.jpg 768w, https:\/\/blogs.correio24h.com.br\/mesalte\/wp-content\/uploads\/2017\/02\/Beyonce3_Foto-AFP-216x146.jpg 216w, https:\/\/blogs.correio24h.com.br\/mesalte\/wp-content\/uploads\/2017\/02\/Beyonce3_Foto-AFP-50x34.jpg 50w, https:\/\/blogs.correio24h.com.br\/mesalte\/wp-content\/uploads\/2017\/02\/Beyonce3_Foto-AFP-111x75.jpg 111w\" sizes=\"auto, (max-width: 799px) 100vw, 799px\" \/><\/a><\/p>\n<p>A gente est\u00e1 morrendo de curiosidade para conhecer <a href=\"https:\/\/blogs.correio24horas.com.br\/mesalte\/finalmente-nascem-os-gemeos-de-beyonce-e-jay-z\/\" target=\"_blank\"><strong>os g\u00eameos de\u00a0Beyonc\u00e9 e Jay Z, nascidos no s\u00e1bado (17)<\/strong><\/a>. Afinal, al\u00e9m deles serem motivo de expectativa desde quando estavam na barriga da m\u00e3e, uma das maiores estrelas do mundo, <a href=\"https:\/\/blogs.correio24horas.com.br\/mesalte\/pequeno-problema-de-gemeos-de-beyonce-e-ictericia-diz-site\/\" target=\"_blank\"><strong>os beb\u00eas est\u00e3o internados por conta de um &#8220;pequeno problema&#8221;<\/strong><\/a>. Enquanto apenas o nascimento foi oficialmente revelado, outros aspectos relacionados \u00e0s crian\u00e7as seguem um grande suspense, como os sexos, por exemplo. No entanto, parece que estamos mais pr\u00f3ximos de encontrar a resposta para isso.<\/p>\n<p>De acordo com informa\u00e7\u00e3o divulgada pelo <a href=\"http:\/\/mtonews.com\/mto-super-worldwide-exclusive-know-beyonce-jay-zs-twins-names-way-cute\/\"><em>Media Take Out<\/em><\/a>, os rec\u00e9m-nascidos s\u00e3o um menino e uma menina que se chamam, respectivamente, <strong>Shawn<\/strong> e <strong>Bea<\/strong>. O nome do menino seria uma dedica\u00e7\u00e3o ao pai, uma vez que o nome verdadeiro do rapper \u00e9 Shawn Carter.<\/p>\n<p>Anteriormente, a <em>People<\/em> j\u00e1 havia afirmado que os g\u00eameos seriam mesmo um casal de menino e menina, uma vez que haviam flagrado uma mulher chegando ao hospital em que Beyonc\u00e9 est\u00e1 instalada com bal\u00f5es que diziam: \u201c\u00c9 um menino!\u201d e \u201c\u00e9 uma menina\u201d. Adoramos os nomes e voc\u00eas?<\/p>\n","protected":false},"excerpt":{"rendered":"<p>A gente est\u00e1 morrendo de curiosidade para conhecer os g\u00eameos de\u00a0Beyonc\u00e9 e Jay Z, nascidos no s\u00e1bado (17). Afinal, al\u00e9m deles serem motivo de expectativa desde [&hellip;]<\/p>\n","protected":false},"author":3,"featured_media":0,"comment_status":"open","ping_status":"open","sticky":false,"template":"","format":"image","meta":{"footnotes":""},"categories":[28,80],"tags":[1270,86,1250,1269,1268],"class_list":["post-11331","post","type-post","status-publish","format-image","hentry","category-farofa-digital","category-home","tag-bea","tag-beyonce","tag-beyonce-gemeos","tag-shawn","tag-shawn-e-bea","post_format-post-format-image"],"_links":{"self":[{"href":"https:\/\/blogs.correio24horas.com.br\/mesalte\/wp-json\/wp\/v2\/posts\/11331","targetHints":{"allow":["GET"]}}],"collection":[{"href":"https:\/\/blogs.correio24horas.com.br\/mesalte\/wp-json\/wp\/v2\/posts"}],"about":[{"href":"https:\/\/blogs.correio24horas.com.br\/mesalte\/wp-json\/wp\/v2\/types\/post"}],"author":[{"embeddable":true,"href":"https:\/\/blogs.correio24horas.com.br\/mesalte\/wp-json\/wp\/v2\/users\/3"}],"replies":[{"embeddable":true,"href":"https:\/\/blogs.correio24horas.com.br\/mesalte\/wp-json\/wp\/v2\/comments?post=11331"}],"version-history":[{"count":1,"href":"https:\/\/blogs.correio24horas.com.br\/mesalte\/wp-json\/wp\/v2\/posts\/11331\/revisions"}],"predecessor-version":[{"id":11332,"href":"https:\/\/blogs.correio24horas.com.br\/mesalte\/wp-json\/wp\/v2\/posts\/11331\/revisions\/11332"}],"wp:attachment":[{"href":"https:\/\/blogs.correio24horas.com.br\/mesalte\/wp-json\/wp\/v2\/media?parent=11331"}],"wp:term":[{"taxonomy":"category","embeddable":true,"href":"https:\/\/blogs.correio24horas.com.br\/mesalte\/wp-json\/wp\/v2\/categories?post=11331"},{"taxonomy":"post_tag","embeddable":true,"href":"https:\/\/blogs.correio24horas.com.br\/mesalte\/wp-json\/wp\/v2\/tags?post=11331"}],"curies":[{"name":"wp","href":"https:\/\/api.w.org\/{rel}","templated":true}]}}