{"id":11268,"date":"2017-06-20T20:02:08","date_gmt":"2017-06-20T23:02:08","guid":{"rendered":"http:\/\/blogs.correio24horas.com.br\/mesalte\/?p=11268"},"modified":"2017-06-20T20:02:08","modified_gmt":"2017-06-20T23:02:08","slug":"se-jogue-11a-edicao-da-festa-off-road-acontecera-na-barra-na-antiga-off-club","status":"publish","type":"post","link":"https:\/\/blogs.correio24horas.com.br\/mesalte\/se-jogue-11a-edicao-da-festa-off-road-acontecera-na-barra-na-antiga-off-club\/","title":{"rendered":"Se jogue: 11\u00aa edi\u00e7\u00e3o da festa Off Road acontecer\u00e1 na Barra, na antiga Off Club"},"content":{"rendered":"<p>A Festa Off Road, realizada pela produtora e empres\u00e1ria M\u00e1rcia Franco, ter\u00e1 sua 11\u00aa\u00a0edi\u00e7\u00e3o no dia 8 de julho. Desta vez, a balada eletr\u00f4nica acontece na Barra 33, na Rua Dias D\u2019\u00c1vila, Barra, Salvador. Isso mesmo, seguimores! Vai ser no mesmo endere\u00e7o por onde por anos funcionou a antiga Off Club.<\/p>\n<p>Com tema Revival Off, o set list da festa vai contar com os DJs Chiquinho e Andr\u00e9, al\u00e9m do DJ convidado Ruy Tabuth, de Aracaju. \u00a0\u201cNossa proposta com o selo Off Road \u00e9 circular por v\u00e1rios espa\u00e7os. Independente de onde esteja, a ideia \u00e9 proporcionar um revival das baladas que sempre realizamos ao mesmo tempo em que inserimos inova\u00e7\u00f5es a cada edi\u00e7\u00e3o, explica M\u00e1rcia.\u00a0\u00a0Al\u00e9m dos Djs, na festa do 08 de julho tamb\u00e9m haver\u00e1 performances de dan\u00e7arinos.<\/p>\n<p>Servi\u00e7o: Festa Off Road.<br \/>\nData: 08 de julho (s\u00e1bado), 23h.<br \/>\nLocal: Barra 33 \u2013 Rua Dias D\u2019\u00c1vla, 33, Barra, Salvador.<br \/>\nValores do primeiro lote limitado:<br \/>\nPista (R$ 30). Camarote Open Bar (R$70).<br \/>\nMais informa\u00e7\u00f5es: (71) 3497-0009 e 9 9327-2724 (WhatsApp).<br \/>\nRealiza\u00e7\u00e3o: M\u00e1rcia Franco\/ Polo \u00edcone Produ\u00e7\u00f5es e Eventos.<br \/>\nLine Up DJs:\u00a0Chiquinho;\u00a0Andr\u00e9;\u00a0Ruy Tabuth (Aracaju)<\/p>\n","protected":false},"excerpt":{"rendered":"<p>A Festa Off Road, realizada pela produtora e empres\u00e1ria M\u00e1rcia Franco, ter\u00e1 sua 11\u00aa\u00a0edi\u00e7\u00e3o no dia 8 de julho. Desta vez, a balada eletr\u00f4nica acontece na [&hellip;]<\/p>\n","protected":false},"author":1,"featured_media":11269,"comment_status":"open","ping_status":"open","sticky":false,"template":"","format":"image","meta":{"footnotes":""},"categories":[80,16],"tags":[],"class_list":["post-11268","post","type-post","status-publish","format-image","has-post-thumbnail","hentry","category-home","category-me-jogo","post_format-post-format-image"],"_links":{"self":[{"href":"https:\/\/blogs.correio24horas.com.br\/mesalte\/wp-json\/wp\/v2\/posts\/11268","targetHints":{"allow":["GET"]}}],"collection":[{"href":"https:\/\/blogs.correio24horas.com.br\/mesalte\/wp-json\/wp\/v2\/posts"}],"about":[{"href":"https:\/\/blogs.correio24horas.com.br\/mesalte\/wp-json\/wp\/v2\/types\/post"}],"author":[{"embeddable":true,"href":"https:\/\/blogs.correio24horas.com.br\/mesalte\/wp-json\/wp\/v2\/users\/1"}],"replies":[{"embeddable":true,"href":"https:\/\/blogs.correio24horas.com.br\/mesalte\/wp-json\/wp\/v2\/comments?post=11268"}],"version-history":[{"count":1,"href":"https:\/\/blogs.correio24horas.com.br\/mesalte\/wp-json\/wp\/v2\/posts\/11268\/revisions"}],"predecessor-version":[{"id":11270,"href":"https:\/\/blogs.correio24horas.com.br\/mesalte\/wp-json\/wp\/v2\/posts\/11268\/revisions\/11270"}],"wp:featuredmedia":[{"embeddable":true,"href":"https:\/\/blogs.correio24horas.com.br\/mesalte\/wp-json\/wp\/v2\/media\/11269"}],"wp:attachment":[{"href":"https:\/\/blogs.correio24horas.com.br\/mesalte\/wp-json\/wp\/v2\/media?parent=11268"}],"wp:term":[{"taxonomy":"category","embeddable":true,"href":"https:\/\/blogs.correio24horas.com.br\/mesalte\/wp-json\/wp\/v2\/categories?post=11268"},{"taxonomy":"post_tag","embeddable":true,"href":"https:\/\/blogs.correio24horas.com.br\/mesalte\/wp-json\/wp\/v2\/tags?post=11268"}],"curies":[{"name":"wp","href":"https:\/\/api.w.org\/{rel}","templated":true}]}}