{"id":11264,"date":"2017-06-20T18:31:53","date_gmt":"2017-06-20T21:31:53","guid":{"rendered":"http:\/\/blogs.correio24horas.com.br\/mesalte\/?p=11264"},"modified":"2017-06-20T18:32:50","modified_gmt":"2017-06-20T21:32:50","slug":"pequeno-problema-de-gemeos-de-beyonce-e-ictericia-diz-site","status":"publish","type":"post","link":"https:\/\/blogs.correio24horas.com.br\/mesalte\/pequeno-problema-de-gemeos-de-beyonce-e-ictericia-diz-site\/","title":{"rendered":"&#8220;Pequeno problema&#8221; de g\u00eameos de Beyonc\u00e9 \u00e9 icter\u00edcia, diz site"},"content":{"rendered":"<p>O &#8220;pequeno problema&#8221; dos g\u00eameos de Beyonc\u00e9 \u00e9 icter\u00edcia, segundo o site norte-americano TMZ informou nesta ter\u00e7a-feira (20). De acordo com o mesmo site, os beb\u00eas est\u00e3o internados <a href=\"https:\/\/blogs.correio24horas.com.br\/mesalte\/finalmente-nascem-os-gemeos-de-beyonce-e-jay-z\/\" target=\"_blank\"><strong>desde o nascimento, h\u00e1 uma semana<\/strong><\/a>.<\/p>\n<p>Pessoas pr\u00f3ximas a Bey e Jay Z relataram ao TMZ que os g\u00eameos nasceram com n\u00edveis elevados de bilirrubina, o que indica o diagn\u00f3stico de icter\u00edcia. Apesar da doen\u00e7a, os beb\u00eas n\u00e3o correm perigo. Bilirrubina \u00e9 uma subst\u00e2ncia amarelada encontrada na bile, produzida pelo f\u00edgado, e que permanece no plasma sangu\u00edneo. Eles foram submetidos a luzes para diminuir as taxas e eliminar a s\u00edndrome. A icter\u00edcia \u00e9 muito comum, especialmente entre beb\u00eas prematuros.<\/p>\n<p>O nascimento foi confirmado no \u00faltimo domingo (18) pelo pai da cantora, Mathew Knowles, em seu perfil no Twitter. &#8220;Eles est\u00e3o aqui&#8221;, escreveu ele junto a uma mensagem de boas vindas aos g\u00eameos.<br \/>\n<center><\/p>\n<blockquote class=\"twitter-tweet\" data-lang=\"pt\">\n<p dir=\"ltr\" lang=\"en\">They&#8217;re here!<a href=\"https:\/\/twitter.com\/hashtag\/beyonce?src=hash\">#beyonce<\/a> <a href=\"https:\/\/twitter.com\/hashtag\/twins?src=hash\">#twins<\/a> <a href=\"https:\/\/twitter.com\/hashtag\/jayz?src=hash\">#jayz<\/a> <a href=\"https:\/\/twitter.com\/hashtag\/happybirthday?src=hash\">#happybirthday<\/a> <a href=\"https:\/\/t.co\/woFRKoL7eO\">pic.twitter.com\/woFRKoL7eO<\/a><\/p>\n<p>\u2014 Mathew Knowles (@MathewKnowles) <a href=\"https:\/\/twitter.com\/MathewKnowles\/status\/876442222060810240\">18 de junho de 2017<\/a><\/p><\/blockquote>\n<p><script src=\"\/\/platform.twitter.com\/widgets.js\" async=\"\" charset=\"utf-8\"><\/script><\/center><\/p>\n<p><strong>Um menino e uma menina?<br \/>\n <\/strong>Ainda n\u00e3o h\u00e1 informa\u00e7\u00f5es sobre o sexo dos beb\u00eas, mas &#8211; <strong><a href=\"https:\/\/blogs.correio24horas.com.br\/mesalte\/finalmente-nascem-os-gemeos-de-beyonce-e-jay-z\/\" target=\"_blank\">diferente do que boatos (e Obama!) dizem<\/a><\/strong>, de que seriam duas meninas &#8211; o TMZ diz que seriam um menino e uma menina. Ainda de acordo com a publica\u00e7\u00e3o, eles nasceram na segunda-feira em um hospital em Los Angeles, mas &#8220;um pequeno problema&#8221; est\u00e1 fazendo com que permane\u00e7am internados por quase uma semana. Sem revelar a natureza do problema, o TMZ afirma que Beyonc\u00e9 tamb\u00e9m permanece no hospital, mas passa bem.<\/p>\n<p>O canal especializado em celebridades E! afirmou que o casal foi visto em um hospital da \u00e1rea de Los Angeles na quinta-feira. As especula\u00e7\u00f5es aumentaram quando uma mulher n\u00e3o identificada foi vista levando flores rosas e azuis com um cart\u00e3o com as iniciais &#8220;B + J&#8221;. Al\u00e9m das flores, havia dois bal\u00f5es com as inscri\u00e7\u00f5es &#8220;Baby Girl&#8221; e &#8220;Baby Boy&#8221;.<\/p>\n<p>Beyonc\u00e9 e Jay Z j\u00e1 s\u00e3o pais de Blue Ivy Carter, de 5 anos, nascida em janeiro de 2012. A cantora anunciou sua segunda gravidez no Instagram no dia 1\u00ba de fevereiro. A foto bateu recorde na rede social &#8211; o post, hoje, tem quase 11 milh\u00f5es de likes. A \u00faltima imagem publicada pela cantora no Instagram foi no dia 30 de maio.<\/p>\n<p><center><\/p>\n<blockquote class=\"instagram-media\" style=\"background: #FFF; border: 0; border-radius: 3px; box-shadow: 0 0 1px 0 rgba(0,0,0,0.5),0 1px 10px 0 rgba(0,0,0,0.15); margin: 1px; max-width: 658px; padding: 0; width: calc(100% - 2px);\" data-instgrm-captioned=\"\" data-instgrm-version=\"7\">\n<div style=\"padding: 8px;\">\n<div style=\"background: #F8F8F8; line-height: 0; margin-top: 40px; padding: 61.94444444444444% 0; text-align: center; width: 100%;\"><\/div>\n<p><a style=\"color: #000; font-family: Arial,sans-serif; font-size: 14px; font-style: normal; font-weight: normal; line-height: 17px; text-decoration: none; word-wrap: break-word;\" href=\"https:\/\/www.instagram.com\/p\/BP-rXUGBPJa\/\" target=\"_blank\">We would like to share our love and happiness. We have been blessed two times over. We are incredibly grateful that our family will be growing by two, and we thank you for your well wishes. &#8211; The Carters<\/a><\/p>\n<p>Uma publica\u00e7\u00e3o compartilhada por Beyonc\u00e9 (@beyonce) em <time style=\"font-family: Arial,sans-serif; font-size: 14px; line-height: 17px;\" datetime=\"2017-02-01T18:39:00+00:00\">Fev 1, 2017 \u00e0s 10:39 PST<\/time>\n<\/div>\n<\/blockquote>\n<p><script src=\"\/\/platform.instagram.com\/en_US\/embeds.js\" async=\"\" defer=\"defer\"><\/script><\/center><\/p>\n","protected":false},"excerpt":{"rendered":"<p>O &#8220;pequeno problema&#8221; dos g\u00eameos de Beyonc\u00e9 \u00e9 icter\u00edcia, segundo o site norte-americano TMZ informou nesta ter\u00e7a-feira (20). De acordo com o mesmo site, os beb\u00eas [&hellip;]<\/p>\n","protected":false},"author":3,"featured_media":9628,"comment_status":"open","ping_status":"open","sticky":false,"template":"","format":"image","meta":{"footnotes":""},"categories":[28,80],"tags":[86,1250,1148,1252],"class_list":["post-11264","post","type-post","status-publish","format-image","has-post-thumbnail","hentry","category-farofa-digital","category-home","tag-beyonce","tag-beyonce-gemeos","tag-gemeos-de-beyonce","tag-jay-z","post_format-post-format-image"],"_links":{"self":[{"href":"https:\/\/blogs.correio24horas.com.br\/mesalte\/wp-json\/wp\/v2\/posts\/11264","targetHints":{"allow":["GET"]}}],"collection":[{"href":"https:\/\/blogs.correio24horas.com.br\/mesalte\/wp-json\/wp\/v2\/posts"}],"about":[{"href":"https:\/\/blogs.correio24horas.com.br\/mesalte\/wp-json\/wp\/v2\/types\/post"}],"author":[{"embeddable":true,"href":"https:\/\/blogs.correio24horas.com.br\/mesalte\/wp-json\/wp\/v2\/users\/3"}],"replies":[{"embeddable":true,"href":"https:\/\/blogs.correio24horas.com.br\/mesalte\/wp-json\/wp\/v2\/comments?post=11264"}],"version-history":[{"count":2,"href":"https:\/\/blogs.correio24horas.com.br\/mesalte\/wp-json\/wp\/v2\/posts\/11264\/revisions"}],"predecessor-version":[{"id":11266,"href":"https:\/\/blogs.correio24horas.com.br\/mesalte\/wp-json\/wp\/v2\/posts\/11264\/revisions\/11266"}],"wp:featuredmedia":[{"embeddable":true,"href":"https:\/\/blogs.correio24horas.com.br\/mesalte\/wp-json\/wp\/v2\/media\/9628"}],"wp:attachment":[{"href":"https:\/\/blogs.correio24horas.com.br\/mesalte\/wp-json\/wp\/v2\/media?parent=11264"}],"wp:term":[{"taxonomy":"category","embeddable":true,"href":"https:\/\/blogs.correio24horas.com.br\/mesalte\/wp-json\/wp\/v2\/categories?post=11264"},{"taxonomy":"post_tag","embeddable":true,"href":"https:\/\/blogs.correio24horas.com.br\/mesalte\/wp-json\/wp\/v2\/tags?post=11264"}],"curies":[{"name":"wp","href":"https:\/\/api.w.org\/{rel}","templated":true}]}}