{"id":11260,"date":"2017-06-20T07:38:42","date_gmt":"2017-06-20T10:38:42","guid":{"rendered":"http:\/\/blogs.correio24horas.com.br\/mesalte\/?p=11260"},"modified":"2017-06-20T07:38:42","modified_gmt":"2017-06-20T10:38:42","slug":"devemos-cada-vez-mais-ostentar-a-forca-da-comunidade-lgbt-diz-daniela-mercury","status":"publish","type":"post","link":"https:\/\/blogs.correio24horas.com.br\/mesalte\/devemos-cada-vez-mais-ostentar-a-forca-da-comunidade-lgbt-diz-daniela-mercury\/","title":{"rendered":"&#8216;Devemos, cada vez, mais ostentar a for\u00e7a da comunidade LGBT&#8217;, diz Daniela Mercury"},"content":{"rendered":"<p>&#8220;Devemos, cada vez, mais ostentar a for\u00e7a da comunidade LGBT e agir contra a viol\u00eancia e a favor dos direitos humanos. Estou muito feliz de comandar este trio em uma das maiores paradas do mundo. Mais que uma celebra\u00e7\u00e3o, a Parada de Orgulho LGBT \u00e9 uma atitude pol\u00edtica&#8221;. A declara\u00e7\u00e3o de Daniela Mercury, durante a parada do orgulho LGBT de S\u00e3o Paulo, no domingo (18), d\u00e1 o tom do que precisamos: respeito!<\/p>\n<p><img loading=\"lazy\" decoding=\"async\" class=\"aligncenter size-large wp-image-11262\" src=\"https:\/\/blogs.correio24h.com.br\/mesalte\/wp-content\/uploads\/2017\/06\/daniela-1024x682.jpg\" alt=\"daniela\" width=\"1024\" height=\"682\" srcset=\"https:\/\/blogs.correio24h.com.br\/mesalte\/wp-content\/uploads\/2017\/06\/daniela-1024x682.jpg 1024w, https:\/\/blogs.correio24h.com.br\/mesalte\/wp-content\/uploads\/2017\/06\/daniela-300x200.jpg 300w, https:\/\/blogs.correio24h.com.br\/mesalte\/wp-content\/uploads\/2017\/06\/daniela-768x512.jpg 768w, https:\/\/blogs.correio24h.com.br\/mesalte\/wp-content\/uploads\/2017\/06\/daniela-219x146.jpg 219w, https:\/\/blogs.correio24h.com.br\/mesalte\/wp-content\/uploads\/2017\/06\/daniela-50x33.jpg 50w, https:\/\/blogs.correio24h.com.br\/mesalte\/wp-content\/uploads\/2017\/06\/daniela-113x75.jpg 113w, https:\/\/blogs.correio24h.com.br\/mesalte\/wp-content\/uploads\/2017\/06\/daniela.jpg 1280w\" sizes=\"auto, (max-width: 1024px) 100vw, 1024px\" \/><\/p>\n<p>A cantora tamb\u00e9m fez quest\u00e3o de expressar publicamente seu amor pela mulher, Malu Ver\u00e7osa, e posou aos beijos para os fot\u00f3grafos\u00a0em cima do trio da Skol. A cervejaria, al\u00e9m de Daniela, levou para a avenida Paulista com outras a\u00e7\u00f5es como uma edi\u00e7\u00e3o especial da lata de 269ml com a seta nas cores da bandeira LGBT, que teve parte de sua venda revertida para a Casa 1, casa de acolhida para jovens expulsos de suas casas por sua orienta\u00e7\u00e3o sexual ou identidade de g\u00eanero.<\/p>\n<p>Outra a\u00e7\u00e3o da cerveja, foi a cria\u00e7\u00e3o do Selo Friendly Skol em parceria com a Associa\u00e7\u00e3o Parada do Orgulho LGBT, que foi distribu\u00eddo em 96 estabelecimentos da cidade de S\u00e3o Paulo, e sinaliza locais engajados em receber da melhor maneira o p\u00fablico LGBT. Junto com o selo foi entregue um guia de conduta desenvolvido por Skol e a Associa\u00e7\u00e3o do Orgulho LGBT. A ideia do selo \u00e9, al\u00e9m de promover ambientes seguros e amig\u00e1veis, criar um movimento de respeito que aumente o di\u00e1logo sobre o assunto.<\/p>\n<p><img loading=\"lazy\" decoding=\"async\" class=\"aligncenter size-large wp-image-11261\" src=\"https:\/\/blogs.correio24h.com.br\/mesalte\/wp-content\/uploads\/2017\/06\/selo-1024x684.jpg\" alt=\"selo\" width=\"1024\" height=\"684\" srcset=\"https:\/\/blogs.correio24h.com.br\/mesalte\/wp-content\/uploads\/2017\/06\/selo.jpg 1024w, https:\/\/blogs.correio24h.com.br\/mesalte\/wp-content\/uploads\/2017\/06\/selo-300x200.jpg 300w, https:\/\/blogs.correio24h.com.br\/mesalte\/wp-content\/uploads\/2017\/06\/selo-768x513.jpg 768w, https:\/\/blogs.correio24h.com.br\/mesalte\/wp-content\/uploads\/2017\/06\/selo-219x146.jpg 219w, https:\/\/blogs.correio24h.com.br\/mesalte\/wp-content\/uploads\/2017\/06\/selo-50x33.jpg 50w, https:\/\/blogs.correio24h.com.br\/mesalte\/wp-content\/uploads\/2017\/06\/selo-112x75.jpg 112w\" sizes=\"auto, (max-width: 1024px) 100vw, 1024px\" \/><\/p>\n<p>&#8220;A gente acredita que esse \u00e9 um tema que precisa de di\u00e1logo, e nosso objetivo \u00e9 colocar isso em pauta. A conscientiza\u00e7\u00e3o \u00e9 um passo importante para a solu\u00e7\u00e3o. Isso s\u00e3o coisas que aprendemos nessa jornada com SKOL&#8221;, declara Maria Fernanda de Albuquerque, diretora de marketing de Skol.<\/p>\n","protected":false},"excerpt":{"rendered":"<p>&#8220;Devemos, cada vez, mais ostentar a for\u00e7a da comunidade LGBT e agir contra a viol\u00eancia e a favor dos direitos humanos. Estou muito feliz de comandar [&hellip;]<\/p>\n","protected":false},"author":1,"featured_media":0,"comment_status":"open","ping_status":"open","sticky":false,"template":"","format":"image","meta":{"footnotes":""},"categories":[80,9],"tags":[],"class_list":["post-11260","post","type-post","status-publish","format-image","hentry","category-home","category-me-orgulho","post_format-post-format-image"],"_links":{"self":[{"href":"https:\/\/blogs.correio24horas.com.br\/mesalte\/wp-json\/wp\/v2\/posts\/11260","targetHints":{"allow":["GET"]}}],"collection":[{"href":"https:\/\/blogs.correio24horas.com.br\/mesalte\/wp-json\/wp\/v2\/posts"}],"about":[{"href":"https:\/\/blogs.correio24horas.com.br\/mesalte\/wp-json\/wp\/v2\/types\/post"}],"author":[{"embeddable":true,"href":"https:\/\/blogs.correio24horas.com.br\/mesalte\/wp-json\/wp\/v2\/users\/1"}],"replies":[{"embeddable":true,"href":"https:\/\/blogs.correio24horas.com.br\/mesalte\/wp-json\/wp\/v2\/comments?post=11260"}],"version-history":[{"count":1,"href":"https:\/\/blogs.correio24horas.com.br\/mesalte\/wp-json\/wp\/v2\/posts\/11260\/revisions"}],"predecessor-version":[{"id":11263,"href":"https:\/\/blogs.correio24horas.com.br\/mesalte\/wp-json\/wp\/v2\/posts\/11260\/revisions\/11263"}],"wp:attachment":[{"href":"https:\/\/blogs.correio24horas.com.br\/mesalte\/wp-json\/wp\/v2\/media?parent=11260"}],"wp:term":[{"taxonomy":"category","embeddable":true,"href":"https:\/\/blogs.correio24horas.com.br\/mesalte\/wp-json\/wp\/v2\/categories?post=11260"},{"taxonomy":"post_tag","embeddable":true,"href":"https:\/\/blogs.correio24horas.com.br\/mesalte\/wp-json\/wp\/v2\/tags?post=11260"}],"curies":[{"name":"wp","href":"https:\/\/api.w.org\/{rel}","templated":true}]}}