{"id":11257,"date":"2017-06-19T10:37:39","date_gmt":"2017-06-19T13:37:39","guid":{"rendered":"http:\/\/blogs.correio24horas.com.br\/mesalte\/?p=11257"},"modified":"2017-06-19T10:37:39","modified_gmt":"2017-06-19T13:37:39","slug":"projeto-de-empreendedorismo-prorroga-inscricoes-para-cursos-gratuitos-em-salvador","status":"publish","type":"post","link":"https:\/\/blogs.correio24horas.com.br\/mesalte\/projeto-de-empreendedorismo-prorroga-inscricoes-para-cursos-gratuitos-em-salvador\/","title":{"rendered":"Projeto de empreendedorismo prorroga inscri\u00e7\u00f5es para cursos gratuitos em Salvador"},"content":{"rendered":"<p>O Afrotonizar, projeto de forma\u00e7\u00e3o e promo\u00e7\u00e3o do empreendedorismo em quatro territ\u00f3rios em Salvador (BA), prorrogou as inscri\u00e7\u00f5es at\u00e9 30 de junho de 2017, para jovens interessados em participar de oficinas gratuitas sobre economia criativa, moda, cosm\u00e9ticos, gastronomia e audiovisual. A iniciativa, financiada pelo Fundo de Cultura da Secretaria de Cultura do Estado da Bahia (Secult), ser\u00e1 realizada nos bairros do Centro, Liberdade, Plataforma e Uruguai, tendo como objetivo potencializar os trabalhos j\u00e1 existentes nestas comunidades e o desenvolvimento de outros empreendimentos, assim como incentivar o crescimento socioecon\u00f4mico e novos modelos colaborativos.<\/p>\n<p>O p\u00fablico priorit\u00e1rio \u00e9 composto por jovens e adultos negros com faixa et\u00e1ria entre 14 e 30 anos, que se interessem em desenvolver atividades e pr\u00e1ticas formativas para a melhoria de vida da popula\u00e7\u00e3o em seus territ\u00f3rios. O projeto ficar\u00e1 durante uma semana em cada bairro, de 3 a 8 de julho no Curuzu, de 10 a 15 de julho, no Espa\u00e7o Cultural Alagados, de 17 a 22 de Julho, no Centro Cultural Plataforma e de 24 a 29 de Julho, no Centro Cultural Que Ladeira \u00e9 Essa?.<\/p>\n<p>As oficinas ser\u00e3o realizadas no turno da tarde e ministradas por Naymare Azevedo, idealizadora do projeto assim como Luma Nascimento, tamb\u00e9m criadora do Circuito Rolezinho, Loo Nascimento, da Dresscora\u00e7\u00e3o, Larissa Fulana de Tal, do Coletivo Tela Preta, Ang\u00e9lica Moreira, do restaurante Aje\u00fam da Di\u00e1spora e Mona Soares, da Ew\u00e9 Cosm\u00e9ticos.<\/p>\n<p>A iniciativa conta ainda com apoio da Universidade Federal da Bahia (UFBA), do site Lista Negra, que conta hist\u00f3rias de vidas de empreendedores negros, e das lideran\u00e7as comunit\u00e1rias e organiza\u00e7\u00f5es dos territ\u00f3rios onde as as oficinas ser\u00e3o realizadas, como o bloco afro Il\u00ea Ayi\u00ea, o Centro Cultural Que Ladeira \u00e9 Essa?, a Rede de Protagonistas de Itapagipe (Reprotai) e o Movimento de Cultura Popular do Sub\u00farbio (MCPS).<\/p>\n","protected":false},"excerpt":{"rendered":"<p>O Afrotonizar, projeto de forma\u00e7\u00e3o e promo\u00e7\u00e3o do empreendedorismo em quatro territ\u00f3rios em Salvador (BA), prorrogou as inscri\u00e7\u00f5es at\u00e9 30 de junho de 2017, para jovens [&hellip;]<\/p>\n","protected":false},"author":1,"featured_media":0,"comment_status":"open","ping_status":"open","sticky":false,"template":"","format":"image","meta":{"footnotes":""},"categories":[80,26],"tags":[],"class_list":["post-11257","post","type-post","status-publish","format-image","hentry","category-home","category-me-inspiro","post_format-post-format-image"],"_links":{"self":[{"href":"https:\/\/blogs.correio24horas.com.br\/mesalte\/wp-json\/wp\/v2\/posts\/11257","targetHints":{"allow":["GET"]}}],"collection":[{"href":"https:\/\/blogs.correio24horas.com.br\/mesalte\/wp-json\/wp\/v2\/posts"}],"about":[{"href":"https:\/\/blogs.correio24horas.com.br\/mesalte\/wp-json\/wp\/v2\/types\/post"}],"author":[{"embeddable":true,"href":"https:\/\/blogs.correio24horas.com.br\/mesalte\/wp-json\/wp\/v2\/users\/1"}],"replies":[{"embeddable":true,"href":"https:\/\/blogs.correio24horas.com.br\/mesalte\/wp-json\/wp\/v2\/comments?post=11257"}],"version-history":[{"count":1,"href":"https:\/\/blogs.correio24horas.com.br\/mesalte\/wp-json\/wp\/v2\/posts\/11257\/revisions"}],"predecessor-version":[{"id":11258,"href":"https:\/\/blogs.correio24horas.com.br\/mesalte\/wp-json\/wp\/v2\/posts\/11257\/revisions\/11258"}],"wp:attachment":[{"href":"https:\/\/blogs.correio24horas.com.br\/mesalte\/wp-json\/wp\/v2\/media?parent=11257"}],"wp:term":[{"taxonomy":"category","embeddable":true,"href":"https:\/\/blogs.correio24horas.com.br\/mesalte\/wp-json\/wp\/v2\/categories?post=11257"},{"taxonomy":"post_tag","embeddable":true,"href":"https:\/\/blogs.correio24horas.com.br\/mesalte\/wp-json\/wp\/v2\/tags?post=11257"}],"curies":[{"name":"wp","href":"https:\/\/api.w.org\/{rel}","templated":true}]}}