{"id":11251,"date":"2017-06-18T02:29:20","date_gmt":"2017-06-18T05:29:20","guid":{"rendered":"http:\/\/blogs.correio24horas.com.br\/mesalte\/?p=11251"},"modified":"2017-06-18T02:29:49","modified_gmt":"2017-06-18T05:29:49","slug":"finalmente-nascem-os-gemeos-de-beyonce-e-jay-z","status":"publish","type":"post","link":"https:\/\/blogs.correio24horas.com.br\/mesalte\/finalmente-nascem-os-gemeos-de-beyonce-e-jay-z\/","title":{"rendered":"Finalmente! Nascem os g\u00eameos de Beyonc\u00e9 e Jay Z"},"content":{"rendered":"<p>SOS! Os g\u00eameos mais esperados do mundo &#8211; herdeiros de Beyonc\u00e9 e Jay Z &#8211; nasceram! \u00a0A informa\u00e7\u00e3o foi confirmada pela revista People na noite deste s\u00e1bado (17).<\/p>\n<p>Beyonc\u00e9 teria dado \u00e0 luz no come\u00e7o desta semana, mas &#8211; como o casal Carter \u00e9 muito reservado &#8211; a informa\u00e7\u00e3o sobre o nascimento s\u00f3 veio a p\u00fablico neste fim de semana.<\/p>\n<p>\u201cBey e Jay est\u00e3o super entusiasmados e come\u00e7aram a compartilhar as novidades com sua fam\u00edlia e amigos mais pr\u00f3ximos\u201d, disse uma fonte \u00e0 revista People.<\/p>\n<p><strong>Duas meninas?<\/strong><\/p>\n<p>Por enquanto n\u00e3o foi informado o sexo das crian\u00e7as. Por\u00e9m, em meio a rumores de que os g\u00eameos de Beyonc\u00e9 e Jay-Z nasceram, o rapper e marido da cantora n\u00e3o compareceu \u00e0 uma homenagem em Nova York, nessa quinta-feira (15). Jay-Z foi o primeiro artista de hip-hop a ter seu nome no Hall da Fama de Compositores e recebeu felicita\u00e7\u00f5es de Barack Obama. Na cerim\u00f4nia, o ex-presidente americano acabou falando mais do que devia e teria revelado o sexo dos beb\u00eas do casal.<\/p>\n<p>&#8220;Jay e eu somos bobos pelas nossas filhas, apesar de que ele vai me superar quando os g\u00eameos nascerem. E, vamos encarar, n\u00f3s dois temos mulheres significamente mais populares do que n\u00f3s&#8221;, disse Obama.<\/p>\n<p>A declara\u00e7\u00e3o deixou todo mundo na web com a certeza de que eles seriam\u00a0pais de duas meninas. O casal j\u00e1 tem Blue Ivy, de 5 anos, que agora ter\u00e1 que dividir sua heran\u00e7a (rsrs!).<\/p>\n","protected":false},"excerpt":{"rendered":"<p>SOS! Os g\u00eameos mais esperados do mundo &#8211; herdeiros de Beyonc\u00e9 e Jay Z &#8211; nasceram! \u00a0A informa\u00e7\u00e3o foi confirmada pela revista People na noite deste [&hellip;]<\/p>\n","protected":false},"author":3,"featured_media":10792,"comment_status":"open","ping_status":"open","sticky":false,"template":"","format":"image","meta":{"footnotes":""},"categories":[28,80],"tags":[86,1250,1251,1148,1252],"class_list":["post-11251","post","type-post","status-publish","format-image","has-post-thumbnail","hentry","category-farofa-digital","category-home","tag-beyonce","tag-beyonce-gemeos","tag-blue-ivy","tag-gemeos-de-beyonce","tag-jay-z","post_format-post-format-image"],"_links":{"self":[{"href":"https:\/\/blogs.correio24horas.com.br\/mesalte\/wp-json\/wp\/v2\/posts\/11251","targetHints":{"allow":["GET"]}}],"collection":[{"href":"https:\/\/blogs.correio24horas.com.br\/mesalte\/wp-json\/wp\/v2\/posts"}],"about":[{"href":"https:\/\/blogs.correio24horas.com.br\/mesalte\/wp-json\/wp\/v2\/types\/post"}],"author":[{"embeddable":true,"href":"https:\/\/blogs.correio24horas.com.br\/mesalte\/wp-json\/wp\/v2\/users\/3"}],"replies":[{"embeddable":true,"href":"https:\/\/blogs.correio24horas.com.br\/mesalte\/wp-json\/wp\/v2\/comments?post=11251"}],"version-history":[{"count":2,"href":"https:\/\/blogs.correio24horas.com.br\/mesalte\/wp-json\/wp\/v2\/posts\/11251\/revisions"}],"predecessor-version":[{"id":11253,"href":"https:\/\/blogs.correio24horas.com.br\/mesalte\/wp-json\/wp\/v2\/posts\/11251\/revisions\/11253"}],"wp:featuredmedia":[{"embeddable":true,"href":"https:\/\/blogs.correio24horas.com.br\/mesalte\/wp-json\/wp\/v2\/media\/10792"}],"wp:attachment":[{"href":"https:\/\/blogs.correio24horas.com.br\/mesalte\/wp-json\/wp\/v2\/media?parent=11251"}],"wp:term":[{"taxonomy":"category","embeddable":true,"href":"https:\/\/blogs.correio24horas.com.br\/mesalte\/wp-json\/wp\/v2\/categories?post=11251"},{"taxonomy":"post_tag","embeddable":true,"href":"https:\/\/blogs.correio24horas.com.br\/mesalte\/wp-json\/wp\/v2\/tags?post=11251"}],"curies":[{"name":"wp","href":"https:\/\/api.w.org\/{rel}","templated":true}]}}