{"id":11241,"date":"2017-06-17T19:04:29","date_gmt":"2017-06-17T22:04:29","guid":{"rendered":"http:\/\/blogs.correio24horas.com.br\/mesalte\/?p=11241"},"modified":"2017-06-17T19:05:08","modified_gmt":"2017-06-17T22:05:08","slug":"espetaculo-joelma-volta-em-cartaz-na-bahia-em-julho","status":"publish","type":"post","link":"https:\/\/blogs.correio24horas.com.br\/mesalte\/espetaculo-joelma-volta-em-cartaz-na-bahia-em-julho\/","title":{"rendered":"Espet\u00e1culo sobre transexual Joelma volta em cartaz na Bahia em julho; saiba mais"},"content":{"rendered":"<p>O espet\u00e1culo Joelma &#8211; que conta a hist\u00f3ria de uma das primeiras transexuais da Bahia e do Brasil &#8211; \u00a0volta em cartaz na Bahia com cinco apresenta\u00e7\u00f5es de 7 a 28 de julho, entre as cidades de Salvador, Jequi\u00e9, Ipia\u00fa e Feira de Santana.\u00a0Nos\u00a0seus 72 anos de vida, Joelma\u00a0transitou por diferentes lugares passando por diversos acontecimentos. Sua hist\u00f3ria resguarda elementos relativos a quest\u00f5es de g\u00eanero e de religiosidade.<\/p>\n<p>Joelma \u00e9 uma adapta\u00e7\u00e3o do curta-metragem hom\u00f4nimo dirigido por Edson Bastos, que assina, junto com F\u00e1bio Vidal, a dire\u00e7\u00e3o e autoria da pe\u00e7a. A vers\u00e3o para os palcos aprofunda in\u00fameras refer\u00eancias estabelecidas no filme, gerando uma nova obra experimental, que converge ao teatro, cinema e dan\u00e7a.<\/p>\n<p>O texto aborda quest\u00f5es de g\u00eanero e de religiosidade, atrav\u00e9s da hist\u00f3ria de Joelma, repleta de preconceitos e injusti\u00e7as. Na trama, Joelma &#8211; nascida em Ipia\u00fa (BA) migra para S\u00e3o Paulo, onde vive por 30 anos, e faz a sua cirurgia de trangenitaliza\u00e7\u00e3o (mudan\u00e7a de sexo), para, enfim, retornar a sua cidade natal afirmando sua nova identidade.<\/p>\n<p><strong>A montagem volta a Salvador , para duas apresenta\u00e7\u00f5es no Teatro Greg\u00f3rio de Matos, nos dias 7 e 8 de julho, \u00e0s 19h.<\/strong> Jequi\u00e9 recebe uma sess\u00e3o no dia 15 de julho, \u00e0s 20h, no Centro de Cultura ACM. J\u00e1 em Ipia\u00fa , o espet\u00e1culo chega no dia 21 de julho, \u00e0s 20h, no Audit\u00f3rio do CEI (Col\u00e9gio Estadual de Ipia\u00fa). Em Feira de Santana , a pe\u00e7a contar\u00e1 com uma sess\u00e3o no dia 28 de julho, \u00e0s 20h, no Centro de Cultura Am\u00e9lio Amorim.<\/p>\n<p>A programa\u00e7\u00e3o da temporada contar\u00e1 ainda com performance p\u00fablica (Joelma circula), workshops Teatro F\u00edsico e T\u00e9cnicas de Produ\u00e7\u00e3o Audiovisual, al\u00e9m de produ\u00e7\u00e3o de conte\u00fados digitais divulgados.\u00a0Os ingressos poder\u00e3o ser adquiridos no local, no dia da apresenta\u00e7\u00e3o, por R$ 20 (inteira) e R$ 10 (meia).<\/p>\n<p><strong><em>Sobre o espet\u00e1culo<br \/>\n<\/em><\/strong>Desde sua estreia em setembro de 2013, Joelma j\u00e1 realizou temporadas em Salvador, circulou pelas cidades baianas de Ipia\u00fa e Alagoinhas, e se apresentou em importantes festivais brasileiros como FIAC \u2013 Bahia, Sesc das Artes C\u00eanicas &#8211; Crato e Iguatu (CE), XV Festival de Inverno de Bonito (MS), XIV edi\u00e7\u00e3o do FIT &#8211; Festival Internacional de Teatro de S\u00e3o Jos\u00e9 do Rio Preto (SP) e XVI Festival do Teatro Brasileiro \u2013 Cena Baiana, CCBB \u2013 SP, Festival Velha Joana &#8211; MT, MIT \u2013 JP.<\/p>\n<p>Foi aprovado pelo Pr\u00eamio Myriam Muniz de Teatro 2014, pelas cidades de Bras\u00edlia (DF), Goi\u00e2nia (GO), Campo Grande (MS) e Cuiab\u00e1 (MT). E ocupa\u00e7\u00e3o dos centros culturais da Caixa nas cidades do Salvador (BA), Fortaleza (CE), S\u00e3o Paulo (SP), Recife (PE) e Curitiba (PR). Em agosto de 2016, Joelma se apresentou em Frankfurt, na Alemanha, no festival Sommerwerf, iniciando sua carreira internacional. Neste ano, a montagem foi selecionada entre 1.145 produ\u00e7\u00f5es mundiais para realizar apresenta\u00e7\u00f5es na Argentina, entre agosto e setembro.<\/p>\n<p><strong>Ficha T\u00e9cnica<br \/>\n<\/strong>F\u00e1bio Vidal (Autoria, dire\u00e7\u00e3o e atua\u00e7\u00e3o)<br \/>\nEdson Bastos (Autoria e dire\u00e7\u00e3o)<br \/>\nAetio Filho (Assist\u00eancia de dire\u00e7\u00e3o)<br \/>\nLu\u00eds Parras (Cen\u00e1rio)<br \/>\nDaiane Sarno (Assistente de cenografia)<br \/>\nPedro Dultra (Ilumina\u00e7\u00e3o)<br \/>\nTuca Gomes (Opera\u00e7\u00e3o de luz)<br \/>\nMaur\u00edcio Martins (Figurino)<br \/>\nFrancisca Duarte (Costureira)<br \/>\nMarie Thauront (Maquiagem)<br \/>\nAl\u00ea Estrela (Cabelos)<br \/>\nLuciano Simas e Ronei Jorge (Trilha sonora)<br \/>\nDavi Cavalcanti (Consultoria de proje\u00e7\u00e3o)<br \/>\nHenrique Filho (Registro Audiovisual e Prod. de VTs)<br \/>\nBiz Comunica\u00e7\u00e3o (Assessoria de imprensa)<br \/>\nMel Andrade (Redes Sociais)<br \/>\nKaula Cordier (Designer)<br \/>\nAl\u00ea Novhais (Fotografia)<br \/>\nTerrit\u00f3rio Sirius e Voo Audiovisual (Produ\u00e7\u00e3o)<\/p>\n<p>Servi\u00e7o<br \/>\nEspet\u00e1culo Joelma<br \/>\nPer\u00edodo : 7 a 28 de julho<br \/>\nIngressos : R$ 20 (inteira) e R$ 10 (meia)<br \/>\nInforma\u00e7\u00f5es : (71) 9910-41250 ou terrritoriosirius@gmail.com<br \/>\nClassifica\u00e7\u00e3o indicativa : 14 anos<br \/>\nDura\u00e7\u00e3o : 75 minutos<\/p>\n<p><strong>Salvador<br \/>\n<\/strong>Data: 7 e 8 de julho (sexta-feira e s\u00e1bado)<br \/>\nHor\u00e1rio: 19h<br \/>\nLocal: Teatro Greg\u00f3rio De Matos<br \/>\nEndere\u00e7o: Pra\u00e7a Castro Alves, s\/n<br \/>\nHor\u00e1rio da bilheteria: a partir de 17h nos dias de apresenta\u00e7\u00e3o<br \/>\nContato: (71) 3202-7888<\/p>\n<p><strong>Jequi\u00e9<br \/>\n<\/strong>Data: 15 de julho (s\u00e1bado) Hor\u00e1rio: 20h<br \/>\nLocal: Centro de Cultura ACM<br \/>\nEndere\u00e7o: Pra\u00e7a Duque de Caxias, s\/n<br \/>\nHor\u00e1rio da bilheteria: a partir de 18h no dia de apresenta\u00e7\u00e3o<br \/>\nContato: (73) 3527-5256<\/p>\n<p><strong>Ipia\u00fa<br \/>\n<\/strong>Data: 21 de julho (sexta-feira)<br \/>\nHor\u00e1rio: 20h<br \/>\nLocal: Audit\u00f3rio do CEI (Col\u00e9gio Estadual de Ipia\u00fa)<br \/>\nEndere\u00e7o: Avenida Getulio Vargas, 845, Pd \u2013 Centro<br \/>\nHor\u00e1rio da bilheteria: a partir de 18h no dia de apresenta\u00e7\u00e3o<\/p>\n<p><strong>Feira de Santana<br \/>\n<\/strong>Data: 28 de julho (sexta-feira)<br \/>\nHor\u00e1rio: 20h<br \/>\nLocal: Centro de Cultura Am\u00e9lio Amorim<br \/>\nEndere\u00e7o: Avenida Presidente Dutra, 2222 \u2013 Capuchinhos<br \/>\nHor\u00e1rio da bilheteria: a partir de 18h no dia de apresenta\u00e7\u00e3o<br \/>\nContato: (75) 3612-4516<\/p>\n","protected":false},"excerpt":{"rendered":"<p>O espet\u00e1culo Joelma &#8211; que conta a hist\u00f3ria de uma das primeiras transexuais da Bahia e do Brasil &#8211; \u00a0volta em cartaz na Bahia com cinco [&hellip;]<\/p>\n","protected":false},"author":1,"featured_media":6532,"comment_status":"open","ping_status":"open","sticky":false,"template":"","format":"image","meta":{"footnotes":""},"categories":[80,16],"tags":[],"class_list":["post-11241","post","type-post","status-publish","format-image","has-post-thumbnail","hentry","category-home","category-me-jogo","post_format-post-format-image"],"_links":{"self":[{"href":"https:\/\/blogs.correio24horas.com.br\/mesalte\/wp-json\/wp\/v2\/posts\/11241","targetHints":{"allow":["GET"]}}],"collection":[{"href":"https:\/\/blogs.correio24horas.com.br\/mesalte\/wp-json\/wp\/v2\/posts"}],"about":[{"href":"https:\/\/blogs.correio24horas.com.br\/mesalte\/wp-json\/wp\/v2\/types\/post"}],"author":[{"embeddable":true,"href":"https:\/\/blogs.correio24horas.com.br\/mesalte\/wp-json\/wp\/v2\/users\/1"}],"replies":[{"embeddable":true,"href":"https:\/\/blogs.correio24horas.com.br\/mesalte\/wp-json\/wp\/v2\/comments?post=11241"}],"version-history":[{"count":2,"href":"https:\/\/blogs.correio24horas.com.br\/mesalte\/wp-json\/wp\/v2\/posts\/11241\/revisions"}],"predecessor-version":[{"id":11243,"href":"https:\/\/blogs.correio24horas.com.br\/mesalte\/wp-json\/wp\/v2\/posts\/11241\/revisions\/11243"}],"wp:featuredmedia":[{"embeddable":true,"href":"https:\/\/blogs.correio24horas.com.br\/mesalte\/wp-json\/wp\/v2\/media\/6532"}],"wp:attachment":[{"href":"https:\/\/blogs.correio24horas.com.br\/mesalte\/wp-json\/wp\/v2\/media?parent=11241"}],"wp:term":[{"taxonomy":"category","embeddable":true,"href":"https:\/\/blogs.correio24horas.com.br\/mesalte\/wp-json\/wp\/v2\/categories?post=11241"},{"taxonomy":"post_tag","embeddable":true,"href":"https:\/\/blogs.correio24horas.com.br\/mesalte\/wp-json\/wp\/v2\/tags?post=11241"}],"curies":[{"name":"wp","href":"https:\/\/api.w.org\/{rel}","templated":true}]}}