{"id":11222,"date":"2017-06-14T18:50:28","date_gmt":"2017-06-14T21:50:28","guid":{"rendered":"http:\/\/blogs.correio24horas.com.br\/mesalte\/?p=11222"},"modified":"2017-06-15T07:14:45","modified_gmt":"2017-06-15T10:14:45","slug":"teu-nascimento-40-dias-apos-morte-policia-ainda-nao-prendeu-nenhum-responsavel-por-assassinato-de-homem-trans","status":"publish","type":"post","link":"https:\/\/blogs.correio24horas.com.br\/mesalte\/teu-nascimento-40-dias-apos-morte-policia-ainda-nao-prendeu-nenhum-responsavel-por-assassinato-de-homem-trans\/","title":{"rendered":"T\u00eau Nascimento: 40 dias ap\u00f3s morte pol\u00edcia ainda n\u00e3o prendeu nenhum respons\u00e1vel por assassinato\u00a0de homem trans\u00a0"},"content":{"rendered":"<p>Desde o dia 5 de maio o desejo\u00a0dos amigos, parentes e conhecidos do homem trans T\u00eau Nascimento &#8211; <a href=\"https:\/\/blogs.correio24horas.com.br\/mesalte\/homem-trans-tem-casa-invadida-e-e-encontrado-morto-na-bahia\/\" target=\"_blank\">que teve sua casa revirada, roubada e foi brutalmente assassinado em Salvador<\/a> &#8211;\u00a0\u00e9 por Justi\u00e7a. Ap\u00f3s 40 dias da morte &#8211; completados nesta ter\u00e7a-feira (13) &#8211; ningu\u00e9m ainda foi preso ou mesmo foram divulgadas as causas que levaram\u00a0ao assassinato.<\/p>\n<p>&#8220;At\u00e9 agora a Justi\u00e7a n\u00e3o tem nada a nos dizer. A minha vida ainda est\u00e1 parada. Meu sofrimento \u00e9 imenso. Minha dor \u00e9 maior ainda. O que devo pensar em justi\u00e7a ? Voc\u00ea \u00e9 um filho muito amado e tenho certeza que as m\u00e3os de Deus est\u00e3o constantemente ao seu lado e os anjos te protegendo para quando n\u00f3s encontraremos novamente. Meu cora\u00e7\u00e3o est\u00e1 oco, ferido&#8221;, desabafou a m\u00e3e do jovem, Ros\u00e2ngela Maria.<\/p>\n<p>Em contato com o Me Salte, o coletivo Fam\u00edlias \u00a0pela Diversidade fez uma carta pedindo Justi\u00e7a e celeridade nas investiga\u00e7\u00f5es. Confira abaixo a carta:<\/p>\n<p><em>&#8220;N\u00f3s, do movimento Fam\u00edlias pela Diversidade, gritamos num s\u00f3 coro. A vida dos gays, l\u00e9sbicas e de todos trans importam. Lutamos contra todas as formas de viol\u00eancia e opress\u00e3o.<\/em><\/p>\n<p><em>Nenhum LGBT a menos.<\/em><\/p>\n<p><em>Que Rose, m\u00e3e biol\u00f3gica de Teu, no seu esfor\u00e7o de transformar dor em luta, seja atendida em todos os sentidos.<\/em><\/p>\n<p><em>Que a justi\u00e7a esclare\u00e7a o caso.<\/em><\/p>\n<p><em>Que o movimento Fam\u00edlias pela Diversidade conquiste mais frutos na luta por pol\u00edticas p\u00fablicas para os LGBT e por uma sociedade justa, livre de todas as formas de opress\u00e3o e preconceito.<\/em><\/p>\n<p><em>Teu,presente!&#8221;<\/em><\/p>\n<p><strong>Crime sem resposta<\/strong><br \/>\nSegundo a Secretaria de Seguran\u00e7a P\u00fablica (SSP), o crime aconteceu na sexta-feira (05). O corpo do jovem foi encontrado na Rua da Rodagem, com tiros na cabe\u00e7a e marcas de espancamento, por volta das 7h30. De acordo com dados do Grupo Gay da Bahia (GGB), cerca de 343 LGBT\u2019s (l\u00e9sbicas, gays, bissexuais e transexuais) foram assassinados no Brasil, em 2016. Na Bahia foram 32 casos.<\/p>\n<p>Segundo Marcelo Cerqueira, presidente do grupo, essa \u00e9 a primeira ocorr\u00eancia envolvendo um homem trans. \u201cEsse \u00e9 um caso que deixou a comunidade em alerta, a forma como ele foi morto den\u00fancia o \u00f3dio e vontade do executor de exterminar a v\u00edtima. A partir de agora, vamos buscar uma metodol\u00f3gica que busque solu\u00e7\u00f5es dessa comunidade que ainda \u00e9 pequena nas estat\u00edsticas\u201d, explica.<\/p>\n<p>O Me Salte seguir\u00e1 diariamente cobrando das autoridades uma resposta para a morte de T\u00eau. Procurada pelo Me Salte, a SSP n\u00e3o informou, at\u00e9 a publica\u00e7\u00e3o desta reportagem, o andamento das investiga\u00e7\u00f5es nem se h\u00e1 algum indicativo de quando o caso ser\u00e1 solucionado.<\/p>\n","protected":false},"excerpt":{"rendered":"<p>Desde o dia 5 de maio o desejo\u00a0dos amigos, parentes e conhecidos do homem trans T\u00eau Nascimento &#8211; que teve sua casa revirada, roubada e foi [&hellip;]<\/p>\n","protected":false},"author":1,"featured_media":10559,"comment_status":"open","ping_status":"open","sticky":false,"template":"","format":"image","meta":{"footnotes":""},"categories":[80,11],"tags":[],"class_list":["post-11222","post","type-post","status-publish","format-image","has-post-thumbnail","hentry","category-home","category-me-informo","post_format-post-format-image"],"_links":{"self":[{"href":"https:\/\/blogs.correio24horas.com.br\/mesalte\/wp-json\/wp\/v2\/posts\/11222","targetHints":{"allow":["GET"]}}],"collection":[{"href":"https:\/\/blogs.correio24horas.com.br\/mesalte\/wp-json\/wp\/v2\/posts"}],"about":[{"href":"https:\/\/blogs.correio24horas.com.br\/mesalte\/wp-json\/wp\/v2\/types\/post"}],"author":[{"embeddable":true,"href":"https:\/\/blogs.correio24horas.com.br\/mesalte\/wp-json\/wp\/v2\/users\/1"}],"replies":[{"embeddable":true,"href":"https:\/\/blogs.correio24horas.com.br\/mesalte\/wp-json\/wp\/v2\/comments?post=11222"}],"version-history":[{"count":4,"href":"https:\/\/blogs.correio24horas.com.br\/mesalte\/wp-json\/wp\/v2\/posts\/11222\/revisions"}],"predecessor-version":[{"id":11231,"href":"https:\/\/blogs.correio24horas.com.br\/mesalte\/wp-json\/wp\/v2\/posts\/11222\/revisions\/11231"}],"wp:featuredmedia":[{"embeddable":true,"href":"https:\/\/blogs.correio24horas.com.br\/mesalte\/wp-json\/wp\/v2\/media\/10559"}],"wp:attachment":[{"href":"https:\/\/blogs.correio24horas.com.br\/mesalte\/wp-json\/wp\/v2\/media?parent=11222"}],"wp:term":[{"taxonomy":"category","embeddable":true,"href":"https:\/\/blogs.correio24horas.com.br\/mesalte\/wp-json\/wp\/v2\/categories?post=11222"},{"taxonomy":"post_tag","embeddable":true,"href":"https:\/\/blogs.correio24horas.com.br\/mesalte\/wp-json\/wp\/v2\/tags?post=11222"}],"curies":[{"name":"wp","href":"https:\/\/api.w.org\/{rel}","templated":true}]}}