{"id":10654,"date":"2017-05-15T11:36:27","date_gmt":"2017-05-15T14:36:27","guid":{"rendered":"http:\/\/blogs.correio24horas.com.br\/mesalte\/?p=10654"},"modified":"2017-05-16T17:30:32","modified_gmt":"2017-05-16T20:30:32","slug":"encontro-falara-sobre-identidades-trans-e-travestis-no-candomble-e-no-cristianismo","status":"publish","type":"post","link":"https:\/\/blogs.correio24horas.com.br\/mesalte\/encontro-falara-sobre-identidades-trans-e-travestis-no-candomble-e-no-cristianismo\/","title":{"rendered":"Encontro falar\u00e1 sobre identidades trans e travestis no candombl\u00e9 e no cristianismo"},"content":{"rendered":"<p>A religiosidade \u00e9 um campo em disputa para pessoas LGBTs (l\u00e9sbicas, gays, bissexuais, pessoas trans e travestis) brasileiras. Em algumas religi\u00f5es vem ocorrendo de tempo em tempo algumas rupturas e certo acolhimento de orienta\u00e7\u00f5es sexuais dissidentes, mas ainda \u00e9 delicado quando se fala a respeito de identidades de g\u00eanero. Dado este cen\u00e1rio, o coletivo De Transs Pra Frente se colocou o desafio de estimular o debate no Cristianismo e no Candombl\u00e9, com dois per\u00edodos de di\u00e1logos, no pr\u00f3ximo dia 17, no Espa\u00e7o Cultural da Barroquinha.<\/p>\n<p>Segundo dados do Novo Mapa da Religi\u00e3o, do Centro de Pol\u00edticas Sociais\/Funda\u00e7\u00e3o Get\u00falio Vargas, 91% dos baianos se consideram religiosos. Nas periferias de Salvador, onde se concentra grande parte das pessoas trans e travestis, aqueles sem religi\u00e3o somam apenas 13% da popula\u00e7\u00e3o soteropolitana. O coletivo De Transs Pra Frente acredita que pessoas trans e travestis t\u00eam os mesmos direitos que todas as outras de professar a sua f\u00e9 e que a possibilidade do di\u00e1logo pode trazer a compreens\u00e3o e naturaliza\u00e7\u00e3o destas identidades, tanto nos terreiros de candombl\u00e9, quanto nos templos crist\u00e3os.<\/p>\n<p>No intento de criar um ambiente receptivo para ambas religi\u00f5es, o debate ocorrer\u00e1 no Espa\u00e7o Cultural da Barroquinha \u2013 lugar que acolheu o candombl\u00e9 e o cristianismo em tempos hist\u00f3ricos diferentes \u2013, \u00e0s 14h30, com a mesa O Acolhimento da Transgeneridade no Cristianismo, mediada pelo pesquisador e crist\u00e3o Ailton Da Silva Santos, da COCIS \u2013 Comunidade Crist\u00e3 Inclusiva do Salvador. Na roda, estar\u00e3o o padre anglicano Bruno Almeida, o pastor T\u00e1rcito Fernando, da Igreja Batista de Nazar\u00e9, assim como a Advogada feminista Laina Cris\u00f3stomo.<\/p>\n<p>\u00c0s 18h come\u00e7a a apresenta\u00e7\u00e3o do grupo TransBatukada, com reg\u00eancia de Antenor Cardoso e, logo em seguida, o debate ser\u00e1 retomado com a mesa O Acolhimento da Transgeneridade no Candombl\u00e9, mediada pela pesquisadora e egbomi Fernanda J\u00falia Onisaj\u00e9, do Il\u00ea As\u00e9 Oy\u00e1 L\u2019ad\u00ea Inan, e com a presen\u00e7a de Mametu Allana Dandaramazi, zeladora transg\u00eanera do Unzo de Ungunzo Kessimbi Amazi; o babalorix\u00e1 Gilson Ajunkesi, do Il\u00ea As\u00e9 Ib\u00e1 Ajunkesy, e o pesquisador egbomi Claudenilson Dias, do Il\u00ea As\u00e9 Etomin Ewa.<\/p>\n<p>O evento conta com a parceria da Defensoria P\u00fablica Estadual, da ONG Koinonia e do CUS \u2013 Grupo de Pesquisa em Cultura e Sexualidade, da UFBA (Universidade Federal da Bahia).<\/p>\n<p><strong>TransBatukada<br \/>\n<\/strong>A Transbatukada \u00e9 um grupo de percuss\u00e3o autoorganizado, que produz encontros formativos-musicais, a partir da demanda de representatividade de pessoas trans e travestis na esfera musicial\/artivista e tem como idealizador e multiplicador o ativista Antenor Cardoso.<\/p>\n<p>Os ensaios da Transbatukada acontecem aos s\u00e1bados, \u00e0s 14hs, e \u00e9 aberto a todas as pesssoas trans e travestis.<\/p>\n<p><strong>Servi\u00e7o:<br \/>\n<\/strong>O que: Debate &#8216;A Transgeneridade nas Religi\u00f5es&#8217; + apresenta\u00e7\u00e3o do grupo Transbatukada.<br \/>\nQuando: 17\/05, \u00e0s 14h30.<br \/>\nOnde: Espa\u00e7o Cultural da Barroquinha.<br \/>\nQuanto: Pague Quanto Puder.<\/p>\n<p>&nbsp;<\/p>\n","protected":false},"excerpt":{"rendered":"<p>A religiosidade \u00e9 um campo em disputa para pessoas LGBTs (l\u00e9sbicas, gays, bissexuais, pessoas trans e travestis) brasileiras. Em algumas religi\u00f5es vem ocorrendo de tempo em [&hellip;]<\/p>\n","protected":false},"author":1,"featured_media":10655,"comment_status":"open","ping_status":"open","sticky":false,"template":"","format":"image","meta":{"footnotes":""},"categories":[80,24],"tags":[],"class_list":["post-10654","post","type-post","status-publish","format-image","has-post-thumbnail","hentry","category-home","category-me-cuido","post_format-post-format-image"],"_links":{"self":[{"href":"https:\/\/blogs.correio24horas.com.br\/mesalte\/wp-json\/wp\/v2\/posts\/10654","targetHints":{"allow":["GET"]}}],"collection":[{"href":"https:\/\/blogs.correio24horas.com.br\/mesalte\/wp-json\/wp\/v2\/posts"}],"about":[{"href":"https:\/\/blogs.correio24horas.com.br\/mesalte\/wp-json\/wp\/v2\/types\/post"}],"author":[{"embeddable":true,"href":"https:\/\/blogs.correio24horas.com.br\/mesalte\/wp-json\/wp\/v2\/users\/1"}],"replies":[{"embeddable":true,"href":"https:\/\/blogs.correio24horas.com.br\/mesalte\/wp-json\/wp\/v2\/comments?post=10654"}],"version-history":[{"count":2,"href":"https:\/\/blogs.correio24horas.com.br\/mesalte\/wp-json\/wp\/v2\/posts\/10654\/revisions"}],"predecessor-version":[{"id":10678,"href":"https:\/\/blogs.correio24horas.com.br\/mesalte\/wp-json\/wp\/v2\/posts\/10654\/revisions\/10678"}],"wp:featuredmedia":[{"embeddable":true,"href":"https:\/\/blogs.correio24horas.com.br\/mesalte\/wp-json\/wp\/v2\/media\/10655"}],"wp:attachment":[{"href":"https:\/\/blogs.correio24horas.com.br\/mesalte\/wp-json\/wp\/v2\/media?parent=10654"}],"wp:term":[{"taxonomy":"category","embeddable":true,"href":"https:\/\/blogs.correio24horas.com.br\/mesalte\/wp-json\/wp\/v2\/categories?post=10654"},{"taxonomy":"post_tag","embeddable":true,"href":"https:\/\/blogs.correio24horas.com.br\/mesalte\/wp-json\/wp\/v2\/tags?post=10654"}],"curies":[{"name":"wp","href":"https:\/\/api.w.org\/{rel}","templated":true}]}}