{"id":10642,"date":"2017-05-13T08:07:57","date_gmt":"2017-05-13T11:07:57","guid":{"rendered":"http:\/\/blogs.correio24horas.com.br\/mesalte\/?p=10642"},"modified":"2017-05-13T08:25:07","modified_gmt":"2017-05-13T11:25:07","slug":"vidas-lgbts-movimento-levanta-a-bandeira-contra-a-impunidade-e-a-lgbtfobia","status":"publish","type":"post","link":"https:\/\/blogs.correio24horas.com.br\/mesalte\/vidas-lgbts-movimento-levanta-a-bandeira-contra-a-impunidade-e-a-lgbtfobia\/","title":{"rendered":"Vidas LGBTs: movimento levanta a bandeira contra a impunidade e a LGBTfobia"},"content":{"rendered":"<div>\n<p class=\"bodytext\">Os gritos de &#8220;Parem de nos matar&#8221; se mesclaram com os gritos por &#8220;Justi\u00e7a&#8221; e a sensa\u00e7\u00e3o de que cada um que ali estava poderia receber, depois da sua morte, uma homenagem semelhante. Coletivos LGBTs se reuniram no <a href=\"http:\/\/www.correio24horas.com.br\/#\">Rio Vermelho<\/a> em <a href=\"http:\/\/www.correio24horas.com.br\/#\">protesto<\/a> contra a LGBTfobia na noite de sexta-feira (12) ,Concentrados em frente ao Clube San Sebastian, com velas e cartazes nas m\u00e3os, o grupo formado por cerca de 100 pessoas seguiu at\u00e9 a Pra\u00e7a da Vila Caramuru. \u00a0A mobiliza\u00e7\u00e3o foi motivada ap\u00f3s no ultimo final de semana, <a class=\"external-link-new-window\" title=\"Opens external link in new window\" href=\"https:\/\/blogs.correio24horas.com.br\/mesalte\/homem-trans-tem-casa-invadida-e-e-encontrado-morto-na-bahia\/\" target=\"_blank\">o jovem trans T\u00eau Nascimento<\/a> ser tirado de dentro de casa, espancado e morto a tiros no bairro de S\u00e3o Crist\u00f3v\u00e3o.<\/p>\n<p class=\"bodytext\">O caso ainda est\u00e1 sendo investigado pelo Departamento de Homic\u00eddios e Prote\u00e7\u00e3o \u00e0 Pessoa (DHPP). Segundo a m\u00e3e de T\u00eau, Ros\u00e2ngela Silva, a pol\u00edcia vai pedir a quebra do sigilo das redes sociais da v\u00edtima para descobrir se h\u00e1 algum envolvimento de algu\u00e9m que com quem T\u00eau conversava pela internet. \u201cEstou cobrando da Secretaria de Seguran\u00e7a P\u00fablica uma resposta pela morte do meu filho, pois at\u00e9 o momento n\u00e3o tem nenhuma informa\u00e7\u00e3o sobre o que aconteceu com ele\u201d.<\/p>\n<div>\n<p class=\"bodytext\">Em nota enviada ao Me Salte, segundo a Secretaria de Seguran\u00e7a P\u00fablica do Estado, todas as medidas cautelares necess\u00e1rias para a elucida\u00e7\u00e3o da morte est\u00e3o sendo realizadas pelo DHPP e que a investiga\u00e7\u00e3o j\u00e1 est\u00e1 em estado avan\u00e7ado. No entanto, as informa\u00e7\u00f5es n\u00e3o podem ser divulgadas em detalhes para n\u00e3o atrapalhar a resolu\u00e7\u00e3o do caso que envolve a morte de T\u00eau.<\/p>\n<\/div>\n\n\t\t\t<style type='text\/css'>\n\t\t\t\t#gallery-1 {\n\t\t\t\t\tmargin: auto;\n\t\t\t\t}\n\t\t\t\t#gallery-1 .gallery-item {\n\t\t\t\t\tfloat: left;\n\t\t\t\t\tmargin-top: 10px;\n\t\t\t\t\ttext-align: center;\n\t\t\t\t\twidth: 49.99%;\n\t\t\t\t}\n\t\t\t\t#gallery-1 img {\n\t\t\t\t\tborder: 2px solid #cfcfcf;\n\t\t\t\t}\n\t\t\t\t#gallery-1 .gallery-caption {\n\t\t\t\t\tmargin-left: 0;\n\t\t\t\t}\n\t\t\t\t\/* see gallery_shortcode() in wp-includes\/media.php *\/\n\t\t\t<\/style>\n\t\t<div id='gallery-1' class='gallery galleryid-10642 gallery-columns-2 gallery-size-medium file'><dl class='gallery-item'>\n\t\t\t\t<dt class='gallery-icon landscape'>\n\t\t\t\t\t<a href='https:\/\/blogs.correio24h.com.br\/mesalte\/wp-content\/uploads\/2017\/05\/protesto.jpg'><img loading=\"lazy\" decoding=\"async\" width=\"300\" height=\"225\" src=\"https:\/\/blogs.correio24h.com.br\/mesalte\/wp-content\/uploads\/2017\/05\/protesto-300x225.jpg\" class=\"attachment-medium size-medium\" alt=\"\" srcset=\"https:\/\/blogs.correio24h.com.br\/mesalte\/wp-content\/uploads\/2017\/05\/protesto-300x225.jpg 300w, https:\/\/blogs.correio24h.com.br\/mesalte\/wp-content\/uploads\/2017\/05\/protesto-768x576.jpg 768w, https:\/\/blogs.correio24h.com.br\/mesalte\/wp-content\/uploads\/2017\/05\/protesto-1024x768.jpg 1024w, https:\/\/blogs.correio24h.com.br\/mesalte\/wp-content\/uploads\/2017\/05\/protesto-195x146.jpg 195w, https:\/\/blogs.correio24h.com.br\/mesalte\/wp-content\/uploads\/2017\/05\/protesto-50x38.jpg 50w, https:\/\/blogs.correio24h.com.br\/mesalte\/wp-content\/uploads\/2017\/05\/protesto-100x75.jpg 100w, https:\/\/blogs.correio24h.com.br\/mesalte\/wp-content\/uploads\/2017\/05\/protesto.jpg 1080w\" sizes=\"auto, (max-width: 300px) 100vw, 300px\" \/><\/a>\n\t\t\t\t<\/dt><\/dl><dl class='gallery-item'>\n\t\t\t\t<dt class='gallery-icon landscape'>\n\t\t\t\t\t<a href='https:\/\/blogs.correio24h.com.br\/mesalte\/wp-content\/uploads\/2017\/05\/protesto2.jpg'><img loading=\"lazy\" decoding=\"async\" width=\"300\" height=\"263\" src=\"https:\/\/blogs.correio24h.com.br\/mesalte\/wp-content\/uploads\/2017\/05\/protesto2-300x263.jpg\" class=\"attachment-medium size-medium\" alt=\"\" srcset=\"https:\/\/blogs.correio24h.com.br\/mesalte\/wp-content\/uploads\/2017\/05\/protesto2-300x263.jpg 300w, https:\/\/blogs.correio24h.com.br\/mesalte\/wp-content\/uploads\/2017\/05\/protesto2-768x673.jpg 768w, https:\/\/blogs.correio24h.com.br\/mesalte\/wp-content\/uploads\/2017\/05\/protesto2-1024x897.jpg 1024w, https:\/\/blogs.correio24h.com.br\/mesalte\/wp-content\/uploads\/2017\/05\/protesto2-167x146.jpg 167w, https:\/\/blogs.correio24h.com.br\/mesalte\/wp-content\/uploads\/2017\/05\/protesto2-50x44.jpg 50w, https:\/\/blogs.correio24h.com.br\/mesalte\/wp-content\/uploads\/2017\/05\/protesto2-86x75.jpg 86w, https:\/\/blogs.correio24h.com.br\/mesalte\/wp-content\/uploads\/2017\/05\/protesto2.jpg 1080w\" sizes=\"auto, (max-width: 300px) 100vw, 300px\" \/><\/a>\n\t\t\t\t<\/dt><\/dl><br style=\"clear: both\" \/><dl class='gallery-item'>\n\t\t\t\t<dt class='gallery-icon landscape'>\n\t\t\t\t\t<a href='https:\/\/blogs.correio24h.com.br\/mesalte\/wp-content\/uploads\/2017\/05\/protesto3.jpg'><img loading=\"lazy\" decoding=\"async\" width=\"300\" height=\"225\" src=\"https:\/\/blogs.correio24h.com.br\/mesalte\/wp-content\/uploads\/2017\/05\/protesto3-300x225.jpg\" class=\"attachment-medium size-medium\" alt=\"\" srcset=\"https:\/\/blogs.correio24h.com.br\/mesalte\/wp-content\/uploads\/2017\/05\/protesto3-300x225.jpg 300w, https:\/\/blogs.correio24h.com.br\/mesalte\/wp-content\/uploads\/2017\/05\/protesto3-768x576.jpg 768w, https:\/\/blogs.correio24h.com.br\/mesalte\/wp-content\/uploads\/2017\/05\/protesto3-1024x768.jpg 1024w, https:\/\/blogs.correio24h.com.br\/mesalte\/wp-content\/uploads\/2017\/05\/protesto3-195x146.jpg 195w, https:\/\/blogs.correio24h.com.br\/mesalte\/wp-content\/uploads\/2017\/05\/protesto3-50x38.jpg 50w, https:\/\/blogs.correio24h.com.br\/mesalte\/wp-content\/uploads\/2017\/05\/protesto3-100x75.jpg 100w, https:\/\/blogs.correio24h.com.br\/mesalte\/wp-content\/uploads\/2017\/05\/protesto3.jpg 1080w\" sizes=\"auto, (max-width: 300px) 100vw, 300px\" \/><\/a>\n\t\t\t\t<\/dt><\/dl><dl class='gallery-item'>\n\t\t\t\t<dt class='gallery-icon portrait'>\n\t\t\t\t\t<a href='https:\/\/blogs.correio24h.com.br\/mesalte\/wp-content\/uploads\/2017\/05\/protesto4.jpg'><img loading=\"lazy\" decoding=\"async\" width=\"240\" height=\"300\" src=\"https:\/\/blogs.correio24h.com.br\/mesalte\/wp-content\/uploads\/2017\/05\/protesto4-240x300.jpg\" class=\"attachment-medium size-medium\" alt=\"\" srcset=\"https:\/\/blogs.correio24h.com.br\/mesalte\/wp-content\/uploads\/2017\/05\/protesto4-240x300.jpg 240w, https:\/\/blogs.correio24h.com.br\/mesalte\/wp-content\/uploads\/2017\/05\/protesto4-768x960.jpg 768w, https:\/\/blogs.correio24h.com.br\/mesalte\/wp-content\/uploads\/2017\/05\/protesto4-819x1024.jpg 819w, https:\/\/blogs.correio24h.com.br\/mesalte\/wp-content\/uploads\/2017\/05\/protesto4-117x146.jpg 117w, https:\/\/blogs.correio24h.com.br\/mesalte\/wp-content\/uploads\/2017\/05\/protesto4-40x50.jpg 40w, https:\/\/blogs.correio24h.com.br\/mesalte\/wp-content\/uploads\/2017\/05\/protesto4-60x75.jpg 60w, https:\/\/blogs.correio24h.com.br\/mesalte\/wp-content\/uploads\/2017\/05\/protesto4.jpg 1080w\" sizes=\"auto, (max-width: 240px) 100vw, 240px\" \/><\/a>\n\t\t\t\t<\/dt><\/dl><br style=\"clear: both\" \/><dl class='gallery-item'>\n\t\t\t\t<dt class='gallery-icon landscape'>\n\t\t\t\t\t<a href='https:\/\/blogs.correio24h.com.br\/mesalte\/wp-content\/uploads\/2017\/05\/protesto5.jpg'><img loading=\"lazy\" decoding=\"async\" width=\"300\" height=\"225\" src=\"https:\/\/blogs.correio24h.com.br\/mesalte\/wp-content\/uploads\/2017\/05\/protesto5-300x225.jpg\" class=\"attachment-medium size-medium\" alt=\"\" srcset=\"https:\/\/blogs.correio24h.com.br\/mesalte\/wp-content\/uploads\/2017\/05\/protesto5-300x225.jpg 300w, https:\/\/blogs.correio24h.com.br\/mesalte\/wp-content\/uploads\/2017\/05\/protesto5-768x576.jpg 768w, https:\/\/blogs.correio24h.com.br\/mesalte\/wp-content\/uploads\/2017\/05\/protesto5-1024x768.jpg 1024w, https:\/\/blogs.correio24h.com.br\/mesalte\/wp-content\/uploads\/2017\/05\/protesto5-195x146.jpg 195w, https:\/\/blogs.correio24h.com.br\/mesalte\/wp-content\/uploads\/2017\/05\/protesto5-50x38.jpg 50w, https:\/\/blogs.correio24h.com.br\/mesalte\/wp-content\/uploads\/2017\/05\/protesto5-100x75.jpg 100w, https:\/\/blogs.correio24h.com.br\/mesalte\/wp-content\/uploads\/2017\/05\/protesto5.jpg 1080w\" sizes=\"auto, (max-width: 300px) 100vw, 300px\" \/><\/a>\n\t\t\t\t<\/dt><\/dl><dl class='gallery-item'>\n\t\t\t\t<dt class='gallery-icon landscape'>\n\t\t\t\t\t<a href='https:\/\/blogs.correio24h.com.br\/mesalte\/wp-content\/uploads\/2017\/05\/protestox.jpg'><img loading=\"lazy\" decoding=\"async\" width=\"300\" height=\"225\" src=\"https:\/\/blogs.correio24h.com.br\/mesalte\/wp-content\/uploads\/2017\/05\/protestox-300x225.jpg\" class=\"attachment-medium size-medium\" alt=\"\" srcset=\"https:\/\/blogs.correio24h.com.br\/mesalte\/wp-content\/uploads\/2017\/05\/protestox-300x225.jpg 300w, https:\/\/blogs.correio24h.com.br\/mesalte\/wp-content\/uploads\/2017\/05\/protestox-768x576.jpg 768w, https:\/\/blogs.correio24h.com.br\/mesalte\/wp-content\/uploads\/2017\/05\/protestox-1024x768.jpg 1024w, https:\/\/blogs.correio24h.com.br\/mesalte\/wp-content\/uploads\/2017\/05\/protestox-195x146.jpg 195w, https:\/\/blogs.correio24h.com.br\/mesalte\/wp-content\/uploads\/2017\/05\/protestox-50x38.jpg 50w, https:\/\/blogs.correio24h.com.br\/mesalte\/wp-content\/uploads\/2017\/05\/protestox-100x75.jpg 100w, https:\/\/blogs.correio24h.com.br\/mesalte\/wp-content\/uploads\/2017\/05\/protestox.jpg 1080w\" sizes=\"auto, (max-width: 300px) 100vw, 300px\" \/><\/a>\n\t\t\t\t<\/dt><\/dl><br style=\"clear: both\" \/>\n\t\t\t<\/div>\n\n<p>&nbsp;<\/p>\n<\/div>\n<div>\n<p class=\"bodytext\">As entidades cobraram ainda durante a manifesta\u00e7\u00e3o, uma posi\u00e7\u00e3o do poder p\u00fablico sobre iniciativas que possam combater e criminalizar a LGBTfobia. Segundo a coordenadora do Coletivo Fam\u00edlias pela Diversidade, In\u00eas Silva, o ato \u00e9 em busca de respeito. \u201cParem de matar nossos filhos. O nosso objetivo aqui hoje \u00e9 cobrar do poder publico respeito para com a popula\u00e7\u00e3o LGBT. N\u00e3o \u00e9 poss\u00edvel que a cada 27 horas morra um LGBT por um motivo torpe que \u00e9 o \u00f3dio e que a gente n\u00e3o tenha o desdobramento destas investiga\u00e7\u00f5es. N\u00e3o geramos filhos para virar estat\u00edstica\u201d, disse.<\/p>\n<\/div>\n<div>\n<p class=\"bodytext\">Mulher trans e integrante de movimento LGBTs, Milena Passos, tamb\u00e9m refor\u00e7ou a bandeira contra a <a href=\"http:\/\/www.correio24horas.com.br\/#\">viol\u00eancia<\/a> e a impunidade. \u201cEstamos aqui juntos para exigir que esse crime n\u00e3o fique impune. J\u00e1 chega\u201d, acrescentou. Para o jovem trans, Diego Nascimento que emocionou com seu discurso durante o <a href=\"http:\/\/www.correio24horas.com.br\/#\">protesto<\/a>, a popula\u00e7\u00e3o LGBT est\u00e1 sendo exterminada. \u201cEstamos morrendo por ser a gente. Nossas mortes s\u00e3o exterm\u00ednios\u201d.<\/p>\n<\/div>\n<div>\n<p class=\"bodytext\"><strong>Mortes<\/strong><br \/>\nInfelizmente, T\u00eau n\u00e3o est\u00e1 sozinho nas estat\u00edsticas. Henrique Assis das Neves, 30 anos, foi morto em um assalto na Pra\u00e7a da Piedade. Leo Moura foi assassinado depois de sair de uma boate no<a href=\"http:\/\/www.correio24horas.com.br\/#\">Rio Vermelho<\/a>. Os casos de T\u00eau, Henrique e Leo engrossam uma a <a href=\"http:\/\/www.correio24horas.com.br\/#\">viol\u00eancia<\/a> criminosa contra popula\u00e7\u00e3o LGBTs. Dados do Grupo Gay da <a href=\"http:\/\/www.correio24horas.com.br\/#\">Bahia<\/a> indicam que s\u00f3 este ano 117 pessoas LGBTs j\u00e1 foram assassinadas. Os n\u00fameros deste ano s\u00e3o alarmantes j\u00e1 que 144 pessoas transexuais e travestis mortas no Brasil em 2016 \u2013 um aumento de 22% em rela\u00e7\u00e3o a 2015.<\/p>\n<\/div>\n<div>\n<p class=\"bodytext\"><strong>Ecos pela Justi\u00e7a&gt;&gt;&gt;<\/strong><br \/>\nIn\u00eas Silva, coordenadora do Fam\u00edlias pela Diversidade<\/p>\n<\/div>\n<blockquote class=\"instagram-media\" style=\"background: #FFF; border: 0; border-radius: 3px; box-shadow: 0 0 1px 0 rgba(0,0,0,0.5),0 1px 10px 0 rgba(0,0,0,0.15); margin: 1px; max-width: 658px; padding: 0; width: calc(100% - 2px);\" data-instgrm-captioned=\"\" data-instgrm-version=\"7\">\n<div style=\"padding: 8px;\">\n<div style=\"background: #F8F8F8; line-height: 0; margin-top: 40px; padding: 28.194444444444443% 0; text-align: center; width: 100%;\"><\/div>\n<p style=\"margin: 8px 0 0 0; padding: 0 4px;\"><a style=\"color: #000; font-family: Arial,sans-serif; font-size: 14px; font-style: normal; font-weight: normal; line-height: 17px; text-decoration: none; word-wrap: break-word;\" href=\"https:\/\/www.instagram.com\/p\/BUAe1UfjN_-\/\" target=\"_blank\">&#8220;Parem de matar os nossos filhos&#8221; , pede @inessilva1968 coordenadora do coletivo Fam\u00edlias pela diversidade durante ato que acontece nesta sexta (12) no Rio Vermelho pedindo o fim da viol\u00eancia contra LGBTs. #vidasLGBTImportam #T\u00eauPresente #Acada27horasumLGBTmorre #PelaVidaDasPessoasLGBTs #trans #transgender #detransprafrente #mesalte #correio24horas<\/a><\/p>\n<p style=\"color: #c9c8cd; font-family: Arial,sans-serif; font-size: 14px; line-height: 17px; margin-bottom: 0; margin-top: 8px; overflow: hidden; padding: 8px 0 7px; text-align: center; text-overflow: ellipsis; white-space: nowrap;\">Uma publica\u00e7\u00e3o compartilhada por Me Salte (@me_salte) em <time style=\"font-family: Arial,sans-serif; font-size: 14px; line-height: 17px;\" datetime=\"2017-05-12T21:33:33+00:00\">Mai 12, 2017 \u00e0s 2:33 PDT<\/time><\/p>\n<\/div>\n<\/blockquote>\n<p><script src=\"\/\/platform.instagram.com\/en_US\/embeds.js\" async=\"\" defer=\"defer\"><\/script><\/p>\n<p>2. &#8220;Vim pedir seguran\u00e7a para as pessoas trans!&#8221;. Esse \u00e9 o desejo do homem trans Verciah<\/p>\n<blockquote class=\"instagram-media\" style=\"background: #FFF; border: 0; border-radius: 3px; box-shadow: 0 0 1px 0 rgba(0,0,0,0.5),0 1px 10px 0 rgba(0,0,0,0.15); margin: 1px; max-width: 658px; padding: 0; width: calc(100% - 2px);\" data-instgrm-captioned=\"\" data-instgrm-version=\"7\">\n<div style=\"padding: 8px;\">\n<div style=\"background: #F8F8F8; line-height: 0; margin-top: 40px; padding: 28.194444444444443% 0; text-align: center; width: 100%;\"><\/div>\n<p><a style=\"color: #000; font-family: Arial,sans-serif; font-size: 14px; font-style: normal; font-weight: normal; line-height: 17px; text-decoration: none; word-wrap: break-word;\" href=\"https:\/\/www.instagram.com\/p\/BUAhKMsDmMP\/\" target=\"_blank\">&#8220;Vim pedir seguran\u00e7a para as pessoas trans!&#8221;. Esse \u00e9 o desejo do homem trans Verciah que participa nesta sexta-feira (12) de ato contra a LGBTFobia. Ato reuniu cerca de 100 pessoas no Rio Vermelho cobrando justi\u00e7a e celeridade nas investiga\u00e7\u00f5es das mortes de pessoas LGBTs como do jovem trans T\u00eau Nascimento que morreu na semana passada e at\u00e9 hoje n\u00e3o h\u00e1 respostas para o crime. #lgbts #paremdenosmatar #familiaspeladiversidade #vidasLGBTImportam #T\u00eauPresente #Acada27horasumLGBTmorre #PelaVidaDasPessoasLGBTs #trans #transgender #detransprafrente #mesalte #correio24horas<\/a><\/p>\n<p>Uma publica\u00e7\u00e3o compartilhada por Me Salte (@me_salte) em <time style=\"font-family: Arial,sans-serif; font-size: 14px; line-height: 17px;\" datetime=\"2017-05-12T21:53:53+00:00\">Mai 12, 2017 \u00e0s 2:53 PDT<\/time>\n<\/div>\n<\/blockquote>\n<p><script src=\"\/\/platform.instagram.com\/en_US\/embeds.js\" async=\"\" defer=\"defer\"><\/script><\/p>\n<p>3. M\u00e3e do homem trans T\u00eau Nascimento, Ros\u00e2ngela Silva pede Justi\u00e7a pela morte do jovem que foi sequestrado e morto na semana passada.<\/p>\n<blockquote class=\"instagram-media\" style=\"background: #FFF; border: 0; border-radius: 3px; box-shadow: 0 0 1px 0 rgba(0,0,0,0.5),0 1px 10px 0 rgba(0,0,0,0.15); margin: 1px; max-width: 658px; padding: 0; width: calc(100% - 2px);\" data-instgrm-captioned=\"\" data-instgrm-version=\"7\">\n<div style=\"padding: 8px;\">\n<div style=\"background: #F8F8F8; line-height: 0; margin-top: 40px; padding: 28.194444444444443% 0; text-align: center; width: 100%;\"><\/div>\n<p style=\"margin: 8px 0 0 0; padding: 0 4px;\"><a style=\"color: #000; font-family: Arial,sans-serif; font-size: 14px; font-style: normal; font-weight: normal; line-height: 17px; text-decoration: none; word-wrap: break-word;\" href=\"https:\/\/www.instagram.com\/p\/BUAilFHDeKL\/\" target=\"_blank\">M\u00e3e do homem trans T\u00eau Nascimento, Ros\u00e2ngela Silva pede Justi\u00e7a pela morte do jovem que foi sequestrado e morto na semana passada. Ato reuniu cerca de 100 pessoas no Rio Vermelho cobrando justi\u00e7a e celeridade nas investiga\u00e7\u00f5es das mortes de pessoas LGBTs como do jovem trans T\u00eau Nascimento que morreu na semana passada e at\u00e9 hoje n\u00e3o h\u00e1 respostas para o crime. #lgbts #paremdenosmatar #familiaspeladiversidade #vidasLGBTImportam #T\u00eauPresente #Acada27horasumLGBTmorre #PelaVidaDasPessoasLGBTs #trans #transgender #detransprafrente #mesalte #correio24horas<\/a><\/p>\n<p style=\"color: #c9c8cd; font-family: Arial,sans-serif; font-size: 14px; line-height: 17px; margin-bottom: 0; margin-top: 8px; overflow: hidden; padding: 8px 0 7px; text-align: center; text-overflow: ellipsis; white-space: nowrap;\">Uma publica\u00e7\u00e3o compartilhada por Me Salte (@me_salte) em <time style=\"font-family: Arial,sans-serif; font-size: 14px; line-height: 17px;\" datetime=\"2017-05-12T22:06:17+00:00\">Mai 12, 2017 \u00e0s 3:06 PDT<\/time><\/p>\n<\/div>\n<\/blockquote>\n<p><script src=\"\/\/platform.instagram.com\/en_US\/embeds.js\" async=\"\" defer=\"defer\"><\/script><\/p>\n<p>4. Millena Passos<\/p>\n<blockquote class=\"instagram-media\" style=\"background: #FFF; border: 0; border-radius: 3px; box-shadow: 0 0 1px 0 rgba(0,0,0,0.5),0 1px 10px 0 rgba(0,0,0,0.15); margin: 1px; max-width: 658px; padding: 0; width: calc(100% - 2px);\" data-instgrm-captioned=\"\" data-instgrm-version=\"7\">\n<div style=\"padding: 8px;\">\n<div style=\"background: #F8F8F8; line-height: 0; margin-top: 40px; padding: 28.194444444444443% 0; text-align: center; width: 100%;\"><\/div>\n<p><a style=\"color: #000; font-family: Arial,sans-serif; font-size: 14px; font-style: normal; font-weight: normal; line-height: 17px; text-decoration: none; word-wrap: break-word;\" href=\"https:\/\/www.instagram.com\/p\/BUAjKjvDBDR\/\" target=\"_blank\">At\u00e9 quanto v\u00e3o nos matar ? , clama Milena Passos, mulher trans e integrante do movimento LGBT em ato contra a LGBTFobia. Ato reuniu cerca de 100 pessoas no Rio Vermelho cobrando justi\u00e7a e celeridade nas investiga\u00e7\u00f5es das mortes de pessoas LGBTs como do jovem trans T\u00eau Nascimento que morreu na semana passada e at\u00e9 hoje n\u00e3o h\u00e1 respostas para o crime. #lgbts #paremdenosmatar #familiaspeladiversidade #vidasLGBTImportam #T\u00eauPresente #Acada27horasumLGBTmorre #PelaVidaDasPessoasLGBTs #trans #transgender #detransprafrente #mesalte #correio24horas<\/a><\/p>\n<p>Uma publica\u00e7\u00e3o compartilhada por Me Salte (@me_salte) em <time style=\"font-family: Arial,sans-serif; font-size: 14px; line-height: 17px;\" datetime=\"2017-05-12T22:11:24+00:00\">Mai 12, 2017 \u00e0s 3:11 PDT<\/time>\n<\/div>\n<\/blockquote>\n<p><script src=\"\/\/platform.instagram.com\/en_US\/embeds.js\" async=\"\" defer=\"defer\"><\/script><\/p>\n<p>4. Millena Passos, militante do movimento LGBT<\/p>\n<blockquote class=\"instagram-media\" style=\"background: #FFF; border: 0; border-radius: 3px; box-shadow: 0 0 1px 0 rgba(0,0,0,0.5),0 1px 10px 0 rgba(0,0,0,0.15); margin: 1px; max-width: 658px; padding: 0; width: calc(100% - 2px);\" data-instgrm-captioned=\"\" data-instgrm-version=\"7\">\n<div style=\"padding: 8px;\">\n<div style=\"background: #F8F8F8; line-height: 0; margin-top: 40px; padding: 28.194444444444443% 0; text-align: center; width: 100%;\"><\/div>\n<p style=\"margin: 8px 0 0 0; padding: 0 4px;\"><a style=\"color: #000; font-family: Arial,sans-serif; font-size: 14px; font-style: normal; font-weight: normal; line-height: 17px; text-decoration: none; word-wrap: break-word;\" href=\"https:\/\/www.instagram.com\/p\/BUAjKjvDBDR\/\" target=\"_blank\">At\u00e9 quanto v\u00e3o nos matar ? , clama Milena Passos, mulher trans e integrante do movimento LGBT em ato contra a LGBTFobia. Ato reuniu cerca de 100 pessoas no Rio Vermelho cobrando justi\u00e7a e celeridade nas investiga\u00e7\u00f5es das mortes de pessoas LGBTs como do jovem trans T\u00eau Nascimento que morreu na semana passada e at\u00e9 hoje n\u00e3o h\u00e1 respostas para o crime. #lgbts #paremdenosmatar #familiaspeladiversidade #vidasLGBTImportam #T\u00eauPresente #Acada27horasumLGBTmorre #PelaVidaDasPessoasLGBTs #trans #transgender #detransprafrente #mesalte #correio24horas<\/a><\/p>\n<p style=\"color: #c9c8cd; font-family: Arial,sans-serif; font-size: 14px; line-height: 17px; margin-bottom: 0; margin-top: 8px; overflow: hidden; padding: 8px 0 7px; text-align: center; text-overflow: ellipsis; white-space: nowrap;\">Uma publica\u00e7\u00e3o compartilhada por Me Salte (@me_salte) em <time style=\"font-family: Arial,sans-serif; font-size: 14px; line-height: 17px;\" datetime=\"2017-05-12T22:11:24+00:00\">Mai 12, 2017 \u00e0s 3:11 PDT<\/time><\/p>\n<\/div>\n<\/blockquote>\n<p><script src=\"\/\/platform.instagram.com\/en_US\/embeds.js\" async=\"\" defer=\"defer\"><\/script><\/p>\n<p>5. &#8220;Se n\u00e3o fizermos nada somos assassinos tamb\u00e9m&#8221;, clama a foto ativista Andrea Magnoni<\/p>\n<blockquote class=\"instagram-media\" style=\"background: #FFF; border: 0; border-radius: 3px; box-shadow: 0 0 1px 0 rgba(0,0,0,0.5),0 1px 10px 0 rgba(0,0,0,0.15); margin: 1px; max-width: 658px; padding: 0; width: calc(100% - 2px);\" data-instgrm-captioned=\"\" data-instgrm-version=\"7\">\n<div style=\"padding: 8px;\">\n<div style=\"background: #F8F8F8; line-height: 0; margin-top: 40px; padding: 28.194444444444443% 0; text-align: center; width: 100%;\"><\/div>\n<p><a style=\"color: #000; font-family: Arial,sans-serif; font-size: 14px; font-style: normal; font-weight: normal; line-height: 17px; text-decoration: none; word-wrap: break-word;\" href=\"https:\/\/www.instagram.com\/p\/BUAkhpvjXf9\/\" target=\"_blank\">&#8220;Se n\u00e3o fizermos nada somos assassinos tamb\u00e9m&#8221;, clama a foto ativista @andrea_magnoni Ato reuniu cerca de 100 pessoas no Rio Vermelho cobrando justi\u00e7a e celeridade nas investiga\u00e7\u00f5es das mortes de pessoas LGBTs como do jovem trans T\u00eau Nascimento que morreu na semana passada e at\u00e9 hoje n\u00e3o h\u00e1 respostas para o crime. #lgbts #paremdenosmatar #familiaspeladiversidade #vidasLGBTImportam #T\u00eauPresente #Acada27horasumLGBTmorre #PelaVidaDasPessoasLGBTs #trans #transgender #detransprafrente #mesalte #correio24horas<\/a><\/p>\n<p>Uma publica\u00e7\u00e3o compartilhada por Me Salte (@me_salte) em <time style=\"font-family: Arial,sans-serif; font-size: 14px; line-height: 17px;\" datetime=\"2017-05-12T22:23:18+00:00\">Mai 12, 2017 \u00e0s 3:23 PDT<\/time>\n<\/div>\n<\/blockquote>\n<p><script src=\"\/\/platform.instagram.com\/en_US\/embeds.js\" async=\"\" defer=\"defer\"><\/script><\/p>\n<p>6. LGBTfobia mata ,sim!<\/p>\n<blockquote class=\"instagram-media\" style=\"background: #FFF; border: 0; border-radius: 3px; box-shadow: 0 0 1px 0 rgba(0,0,0,0.5),0 1px 10px 0 rgba(0,0,0,0.15); margin: 1px; max-width: 658px; padding: 0; width: calc(100% - 2px);\" data-instgrm-captioned=\"\" data-instgrm-version=\"7\">\n<div style=\"padding: 8px;\">\n<div style=\"background: #F8F8F8; line-height: 0; margin-top: 40px; padding: 28.194444444444443% 0; text-align: center; width: 100%;\"><\/div>\n<p style=\"margin: 8px 0 0 0; padding: 0 4px;\"><a style=\"color: #000; font-family: Arial,sans-serif; font-size: 14px; font-style: normal; font-weight: normal; line-height: 17px; text-decoration: none; word-wrap: break-word;\" href=\"https:\/\/www.instagram.com\/p\/BUAm4ojjSZo\/\" target=\"_blank\">LGBTFobia mata, sim! Ato reuniu cerca de 100 pessoas no Rio Vermelho cobrando justi\u00e7a e celeridade nas investiga\u00e7\u00f5es das mortes de pessoas LGBTs como do jovem trans T\u00eau Nascimento que morreu na semana passada e at\u00e9 hoje n\u00e3o h\u00e1 respostas para o crime. #lgbts #paremdenosmatar #familiaspeladiversidade #vidasLGBTImportam #T\u00eauPresente #Acada27horasumLGBTmorre #PelaVidaDasPessoasLGBTs #trans #transgender #detransprafrente #mesalte #correio24horas<\/a><\/p>\n<p style=\"color: #c9c8cd; font-family: Arial,sans-serif; font-size: 14px; line-height: 17px; margin-bottom: 0; margin-top: 8px; overflow: hidden; padding: 8px 0 7px; text-align: center; text-overflow: ellipsis; white-space: nowrap;\">Uma publica\u00e7\u00e3o compartilhada por Me Salte (@me_salte) em <time style=\"font-family: Arial,sans-serif; font-size: 14px; line-height: 17px;\" datetime=\"2017-05-12T22:43:55+00:00\">Mai 12, 2017 \u00e0s 3:43 PDT<\/time><\/p>\n<\/div>\n<\/blockquote>\n<p><script src=\"\/\/platform.instagram.com\/en_US\/embeds.js\" async=\"\" defer=\"defer\"><\/script><\/p>\n<p>7. &#8221; Nossas mortes s\u00e3o exterm\u00ednios!&#8221;, afirma o jovem trans Diego Nascimento.<\/p>\n<blockquote class=\"instagram-media\" style=\"background: #FFF; border: 0; border-radius: 3px; box-shadow: 0 0 1px 0 rgba(0,0,0,0.5),0 1px 10px 0 rgba(0,0,0,0.15); margin: 1px; max-width: 658px; padding: 0; width: calc(100% - 2px);\" data-instgrm-captioned=\"\" data-instgrm-version=\"7\">\n<div style=\"padding: 8px;\">\n<div style=\"background: #F8F8F8; line-height: 0; margin-top: 40px; padding: 28.194444444444443% 0; text-align: center; width: 100%;\"><\/div>\n<p><a style=\"color: #000; font-family: Arial,sans-serif; font-size: 14px; font-style: normal; font-weight: normal; line-height: 17px; text-decoration: none; word-wrap: break-word;\" href=\"https:\/\/www.instagram.com\/p\/BUAojWuDOAx\/\" target=\"_blank\">&#8221; Nossas mortes s\u00e3o exterm\u00ednios!&#8221;, afirma o jovem trans Diego Nascimento. Ato reuniu cerca de 100 pessoas no Rio Vermelho cobrando justi\u00e7a e celeridade nas investiga\u00e7\u00f5es das mortes de pessoas LGBTs como do jovem trans T\u00eau Nascimento que morreu na semana passada e at\u00e9 hoje n\u00e3o h\u00e1 respostas para o crime. #lgbts #paremdenosmatar #familiaspeladiversidade #vidasLGBTImportam #T\u00eauPresente #Acada27horasumLGBTmorre #PelaVidaDasPessoasLGBTs #trans #transgender #detransprafrente #mesalte #correio24horas<\/a><\/p>\n<p>Uma publica\u00e7\u00e3o compartilhada por Me Salte (@me_salte) em <time style=\"font-family: Arial,sans-serif; font-size: 14px; line-height: 17px;\" datetime=\"2017-05-12T22:58:29+00:00\">Mai 12, 2017 \u00e0s 3:58 PDT<\/time>\n<\/div>\n<\/blockquote>\n<p><script src=\"\/\/platform.instagram.com\/en_US\/embeds.js\" async=\"\" defer=\"defer\"><\/script><\/p>\n<p>8. Organizadora da marcha das vadias @sandra.munoz.7524 clama pelo respeito em ato contra a LGBTFobia.<\/p>\n<blockquote class=\"instagram-media\" style=\"background: #FFF; border: 0; border-radius: 3px; box-shadow: 0 0 1px 0 rgba(0,0,0,0.5),0 1px 10px 0 rgba(0,0,0,0.15); margin: 1px; max-width: 658px; padding: 0; width: calc(100% - 2px);\" data-instgrm-captioned=\"\" data-instgrm-version=\"7\">\n<div style=\"padding: 8px;\">\n<div style=\"background: #F8F8F8; line-height: 0; margin-top: 40px; padding: 28.194444444444443% 0; text-align: center; width: 100%;\"><\/div>\n<p style=\"margin: 8px 0 0 0; padding: 0 4px;\"><a style=\"color: #000; font-family: Arial,sans-serif; font-size: 14px; font-style: normal; font-weight: normal; line-height: 17px; text-decoration: none; word-wrap: break-word;\" href=\"https:\/\/www.instagram.com\/p\/BUApPMLDlhy\/\" target=\"_blank\">Organizadora da marcha das vadias @sandra.munoz.7524 clama pelo respeito em ato contra a LGBTFobia. Ato reuniu cerca de 100 pessoas no Rio Vermelho cobrando justi\u00e7a e celeridade nas investiga\u00e7\u00f5es das mortes de pessoas LGBTs como do jovem trans T\u00eau Nascimento que morreu na semana passada e at\u00e9 hoje n\u00e3o h\u00e1 respostas para o crime. #lgbts #paremdenosmatar #familiaspeladiversidade #vidasLGBTImportam #T\u00eauPresente #Acada27horasumLGBTmorre #PelaVidaDasPessoasLGBTs #trans #transgender #detransprafrente #mesalte #correio24horas<\/a><\/p>\n<p style=\"color: #c9c8cd; font-family: Arial,sans-serif; font-size: 14px; line-height: 17px; margin-bottom: 0; margin-top: 8px; overflow: hidden; padding: 8px 0 7px; text-align: center; text-overflow: ellipsis; white-space: nowrap;\">Uma publica\u00e7\u00e3o compartilhada por Me Salte (@me_salte) em <time style=\"font-family: Arial,sans-serif; font-size: 14px; line-height: 17px;\" datetime=\"2017-05-12T23:04:28+00:00\">Mai 12, 2017 \u00e0s 4:04 PDT<\/time><\/p>\n<\/div>\n<\/blockquote>\n<p><script src=\"\/\/platform.instagram.com\/en_US\/embeds.js\" async=\"\" defer=\"defer\"><\/script><\/p>\n<p>9. Viviane Vergueiro pede respeito \u00e0 popula\u00e7\u00e3o trans e travesti e em ato que reuniu cerca de 100 pessoas no Rio Vermelho cobrando justi\u00e7a e celeridade nas investiga\u00e7\u00f5es das mortes de pessoas LGBTs<\/p>\n<blockquote class=\"instagram-media\" style=\"background: #FFF; border: 0; border-radius: 3px; box-shadow: 0 0 1px 0 rgba(0,0,0,0.5),0 1px 10px 0 rgba(0,0,0,0.15); margin: 1px; max-width: 658px; padding: 0; width: calc(100% - 2px);\" data-instgrm-captioned=\"\" data-instgrm-version=\"7\">\n<div style=\"padding: 8px;\">\n<div style=\"background: #F8F8F8; line-height: 0; margin-top: 40px; padding: 28.194444444444443% 0; text-align: center; width: 100%;\"><\/div>\n<p><a style=\"color: #000; font-family: Arial,sans-serif; font-size: 14px; font-style: normal; font-weight: normal; line-height: 17px; text-decoration: none; word-wrap: break-word;\" href=\"https:\/\/www.instagram.com\/p\/BUAxHGEDZ7o\/\" target=\"_blank\">Viviane Vergueiro pede respeito \u00e0 popula\u00e7\u00e3o trans e travesti e em ato que reuniu cerca de 100 pessoas no Rio Vermelho cobrando justi\u00e7a e celeridade nas investiga\u00e7\u00f5es das mortes de pessoas LGBTs como do jovem trans T\u00eau Nascimento que morreu na semana passada e at\u00e9 hoje n\u00e3o h\u00e1 respostas para o crime. #lgbts #paremdenosmatar #familiaspeladiversidade<\/a><\/p>\n<p>Uma publica\u00e7\u00e3o compartilhada por Me Salte (@me_salte) em <time style=\"font-family: Arial,sans-serif; font-size: 14px; line-height: 17px;\" datetime=\"2017-05-13T00:13:16+00:00\">Mai 12, 2017 \u00e0s 5:13 PDT<\/time>\n<\/div>\n<\/blockquote>\n<p><script src=\"\/\/platform.instagram.com\/en_US\/embeds.js\" async=\"\" defer=\"defer\"><\/script><\/p>\n","protected":false},"excerpt":{"rendered":"<p>Os gritos de &#8220;Parem de nos matar&#8221; se mesclaram com os gritos por &#8220;Justi\u00e7a&#8221; e a sensa\u00e7\u00e3o de que cada um que ali estava poderia receber, [&hellip;]<\/p>\n","protected":false},"author":1,"featured_media":10652,"comment_status":"open","ping_status":"open","sticky":false,"template":"","format":"image","meta":{"footnotes":""},"categories":[80,9],"tags":[43,1129,50,462,1130],"class_list":["post-10642","post","type-post","status-publish","format-image","has-post-thumbnail","hentry","category-home","category-me-orgulho","tag-lgbt","tag-paremdenosmatar","tag-trans","tag-transgender","tag-vidaslgbts","post_format-post-format-image"],"_links":{"self":[{"href":"https:\/\/blogs.correio24horas.com.br\/mesalte\/wp-json\/wp\/v2\/posts\/10642","targetHints":{"allow":["GET"]}}],"collection":[{"href":"https:\/\/blogs.correio24horas.com.br\/mesalte\/wp-json\/wp\/v2\/posts"}],"about":[{"href":"https:\/\/blogs.correio24horas.com.br\/mesalte\/wp-json\/wp\/v2\/types\/post"}],"author":[{"embeddable":true,"href":"https:\/\/blogs.correio24horas.com.br\/mesalte\/wp-json\/wp\/v2\/users\/1"}],"replies":[{"embeddable":true,"href":"https:\/\/blogs.correio24horas.com.br\/mesalte\/wp-json\/wp\/v2\/comments?post=10642"}],"version-history":[{"count":4,"href":"https:\/\/blogs.correio24horas.com.br\/mesalte\/wp-json\/wp\/v2\/posts\/10642\/revisions"}],"predecessor-version":[{"id":10653,"href":"https:\/\/blogs.correio24horas.com.br\/mesalte\/wp-json\/wp\/v2\/posts\/10642\/revisions\/10653"}],"wp:featuredmedia":[{"embeddable":true,"href":"https:\/\/blogs.correio24horas.com.br\/mesalte\/wp-json\/wp\/v2\/media\/10652"}],"wp:attachment":[{"href":"https:\/\/blogs.correio24horas.com.br\/mesalte\/wp-json\/wp\/v2\/media?parent=10642"}],"wp:term":[{"taxonomy":"category","embeddable":true,"href":"https:\/\/blogs.correio24horas.com.br\/mesalte\/wp-json\/wp\/v2\/categories?post=10642"},{"taxonomy":"post_tag","embeddable":true,"href":"https:\/\/blogs.correio24horas.com.br\/mesalte\/wp-json\/wp\/v2\/tags?post=10642"}],"curies":[{"name":"wp","href":"https:\/\/api.w.org\/{rel}","templated":true}]}}