{"id":10353,"date":"2017-04-18T17:29:00","date_gmt":"2017-04-18T20:29:00","guid":{"rendered":"http:\/\/blogs.correio24horas.com.br\/mesalte\/?p=10353"},"modified":"2017-04-18T18:03:56","modified_gmt":"2017-04-18T21:03:56","slug":"opiniao-elementos-da-brasilidade-brilham-na-feira-de-design-de-milao","status":"publish","type":"post","link":"https:\/\/blogs.correio24horas.com.br\/mesalte\/opiniao-elementos-da-brasilidade-brilham-na-feira-de-design-de-milao\/","title":{"rendered":"[Opini\u00e3o]  Elementos da brasilidade brilham na Feira de Design de Mil\u00e3o"},"content":{"rendered":"<p><em>* Por Ed Vasco<\/em><\/p>\n<p>H\u00e1 um modo de fazer Design e Arquitetura genuinamente brasileiro? Ou s\u00f3 copiamos as tend\u00eancias europeias? O design brasileiro \u00e9 reconhecido por quais caracter\u00edsticas? Estas perguntas me \u201cassombram\u201d h\u00e1 muito tempo.<\/p>\n<p>Sinceramente? Ainda busco as respostas e talvez, essa minha busca seja uma mola propulsora de minha curiosidade, tentativa e, principalmente, coragem em fazer Arquitetura e Design Brasileiro.<\/p>\n<p>Este ano visitei pela quarta vez a Feira de Design em Mil\u00e3o, na It\u00e1lia. O evento, que aconteceu entre os dias 4 e 9 de abril, \u00e9 refer\u00eancia internacional no setor, ditando tend\u00eancias para profissionais em todo o mundo. Entre todas as edi\u00e7\u00f5es que participei como visitante, ouso dizer que a deste ano foi a que trouxe mais elementos da cultura brasileira para os ambientes recriados. Isso mesmo: a t\u00e3o famosa e inspiradora Feira de Mil\u00e3o apresentou como uma das tend\u00eancias do design de interiores a brasilidade.<\/p>\n<p>Na verdade, o evento h\u00e1 anos vem com forte tend\u00eancia nas paletas naturais e tons amadeirados, uma contraposi\u00e7\u00e3o ao avan\u00e7o tecnol\u00f3gico e das rela\u00e7\u00f5es baseadas e geridas atrav\u00e9s da internet. Esta volta do &#8220;p\u00e9 no ch\u00e3o&#8221; n\u00e3o \u00e9 uma tend\u00eancia e veio para ficar. Uso de cores past\u00e9is, mandacarus e cactos compondo a maioria dos stands e lojas provam que a arquitetura do \u201cmenos \u00e9 mais\u201d est\u00e1 mais &#8220;in&#8221; do que nunca.<\/p>\n<p>E onde se insere o Brasil e seu design neste contexto? Ora, a terra da mistura, da maior floresta tropical do mundo e onde tudo e todos se encontram voltou (se \u00e9 que saiu um dia) a estar na moda. O Brasil \u00e9 \u201ccool\u201d em Mil\u00e3o, com sua profus\u00e3o de estampas e plantas tropicais (bananeiras, helic\u00f4nias e, acreditem, at\u00e9 \u00e1rvores como mangueiras estavam nos stands), cores e, principalmente, a mistura.<\/p>\n\n\t\t\t<style type='text\/css'>\n\t\t\t\t#gallery-1 {\n\t\t\t\t\tmargin: auto;\n\t\t\t\t}\n\t\t\t\t#gallery-1 .gallery-item {\n\t\t\t\t\tfloat: left;\n\t\t\t\t\tmargin-top: 10px;\n\t\t\t\t\ttext-align: center;\n\t\t\t\t\twidth: 49.99%;\n\t\t\t\t}\n\t\t\t\t#gallery-1 img {\n\t\t\t\t\tborder: 2px solid #cfcfcf;\n\t\t\t\t}\n\t\t\t\t#gallery-1 .gallery-caption {\n\t\t\t\t\tmargin-left: 0;\n\t\t\t\t}\n\t\t\t\t\/* see gallery_shortcode() in wp-includes\/media.php *\/\n\t\t\t<\/style>\n\t\t<div id='gallery-1' class='gallery galleryid-10353 gallery-columns-2 gallery-size-medium file'><dl class='gallery-item'>\n\t\t\t\t<dt class='gallery-icon landscape'>\n\t\t\t\t\t<a href='https:\/\/blogs.correio24h.com.br\/mesalte\/wp-content\/uploads\/2017\/04\/Mil\u00e3o4.jpg'><img loading=\"lazy\" decoding=\"async\" width=\"300\" height=\"300\" src=\"https:\/\/blogs.correio24h.com.br\/mesalte\/wp-content\/uploads\/2017\/04\/Mil\u00e3o4-300x300.jpg\" class=\"attachment-medium size-medium\" alt=\"\" srcset=\"https:\/\/blogs.correio24h.com.br\/mesalte\/wp-content\/uploads\/2017\/04\/Mil\u00e3o4-300x300.jpg 300w, https:\/\/blogs.correio24h.com.br\/mesalte\/wp-content\/uploads\/2017\/04\/Mil\u00e3o4-150x150.jpg 150w, https:\/\/blogs.correio24h.com.br\/mesalte\/wp-content\/uploads\/2017\/04\/Mil\u00e3o4-146x146.jpg 146w, https:\/\/blogs.correio24h.com.br\/mesalte\/wp-content\/uploads\/2017\/04\/Mil\u00e3o4-50x50.jpg 50w, https:\/\/blogs.correio24h.com.br\/mesalte\/wp-content\/uploads\/2017\/04\/Mil\u00e3o4-80x80.jpg 80w, https:\/\/blogs.correio24h.com.br\/mesalte\/wp-content\/uploads\/2017\/04\/Mil\u00e3o4-75x75.jpg 75w, https:\/\/blogs.correio24h.com.br\/mesalte\/wp-content\/uploads\/2017\/04\/Mil\u00e3o4-85x85.jpg 85w, https:\/\/blogs.correio24h.com.br\/mesalte\/wp-content\/uploads\/2017\/04\/Mil\u00e3o4.jpg 720w\" sizes=\"auto, (max-width: 300px) 100vw, 300px\" \/><\/a>\n\t\t\t\t<\/dt><\/dl><dl class='gallery-item'>\n\t\t\t\t<dt class='gallery-icon landscape'>\n\t\t\t\t\t<a href='https:\/\/blogs.correio24h.com.br\/mesalte\/wp-content\/uploads\/2017\/04\/Mil\u00e3o3.jpg'><img loading=\"lazy\" decoding=\"async\" width=\"300\" height=\"300\" src=\"https:\/\/blogs.correio24h.com.br\/mesalte\/wp-content\/uploads\/2017\/04\/Mil\u00e3o3-300x300.jpg\" class=\"attachment-medium size-medium\" alt=\"\" srcset=\"https:\/\/blogs.correio24h.com.br\/mesalte\/wp-content\/uploads\/2017\/04\/Mil\u00e3o3-300x300.jpg 300w, https:\/\/blogs.correio24h.com.br\/mesalte\/wp-content\/uploads\/2017\/04\/Mil\u00e3o3-150x150.jpg 150w, https:\/\/blogs.correio24h.com.br\/mesalte\/wp-content\/uploads\/2017\/04\/Mil\u00e3o3-146x146.jpg 146w, https:\/\/blogs.correio24h.com.br\/mesalte\/wp-content\/uploads\/2017\/04\/Mil\u00e3o3-50x50.jpg 50w, https:\/\/blogs.correio24h.com.br\/mesalte\/wp-content\/uploads\/2017\/04\/Mil\u00e3o3-80x80.jpg 80w, https:\/\/blogs.correio24h.com.br\/mesalte\/wp-content\/uploads\/2017\/04\/Mil\u00e3o3-75x75.jpg 75w, https:\/\/blogs.correio24h.com.br\/mesalte\/wp-content\/uploads\/2017\/04\/Mil\u00e3o3-85x85.jpg 85w, https:\/\/blogs.correio24h.com.br\/mesalte\/wp-content\/uploads\/2017\/04\/Mil\u00e3o3.jpg 720w\" sizes=\"auto, (max-width: 300px) 100vw, 300px\" \/><\/a>\n\t\t\t\t<\/dt><\/dl><br style=\"clear: both\" \/><dl class='gallery-item'>\n\t\t\t\t<dt class='gallery-icon landscape'>\n\t\t\t\t\t<a href='https:\/\/blogs.correio24h.com.br\/mesalte\/wp-content\/uploads\/2017\/04\/Mil\u00e3o2.jpg'><img loading=\"lazy\" decoding=\"async\" width=\"300\" height=\"300\" src=\"https:\/\/blogs.correio24h.com.br\/mesalte\/wp-content\/uploads\/2017\/04\/Mil\u00e3o2-300x300.jpg\" class=\"attachment-medium size-medium\" alt=\"\" srcset=\"https:\/\/blogs.correio24h.com.br\/mesalte\/wp-content\/uploads\/2017\/04\/Mil\u00e3o2-300x300.jpg 300w, https:\/\/blogs.correio24h.com.br\/mesalte\/wp-content\/uploads\/2017\/04\/Mil\u00e3o2-150x150.jpg 150w, https:\/\/blogs.correio24h.com.br\/mesalte\/wp-content\/uploads\/2017\/04\/Mil\u00e3o2-146x146.jpg 146w, https:\/\/blogs.correio24h.com.br\/mesalte\/wp-content\/uploads\/2017\/04\/Mil\u00e3o2-50x50.jpg 50w, https:\/\/blogs.correio24h.com.br\/mesalte\/wp-content\/uploads\/2017\/04\/Mil\u00e3o2-80x80.jpg 80w, https:\/\/blogs.correio24h.com.br\/mesalte\/wp-content\/uploads\/2017\/04\/Mil\u00e3o2-75x75.jpg 75w, https:\/\/blogs.correio24h.com.br\/mesalte\/wp-content\/uploads\/2017\/04\/Mil\u00e3o2-85x85.jpg 85w, https:\/\/blogs.correio24h.com.br\/mesalte\/wp-content\/uploads\/2017\/04\/Mil\u00e3o2.jpg 720w\" sizes=\"auto, (max-width: 300px) 100vw, 300px\" \/><\/a>\n\t\t\t\t<\/dt><\/dl><dl class='gallery-item'>\n\t\t\t\t<dt class='gallery-icon landscape'>\n\t\t\t\t\t<a href='https:\/\/blogs.correio24h.com.br\/mesalte\/wp-content\/uploads\/2017\/04\/Mil\u00e3o.jpg'><img loading=\"lazy\" decoding=\"async\" width=\"300\" height=\"300\" src=\"https:\/\/blogs.correio24h.com.br\/mesalte\/wp-content\/uploads\/2017\/04\/Mil\u00e3o-300x300.jpg\" class=\"attachment-medium size-medium\" alt=\"\" srcset=\"https:\/\/blogs.correio24h.com.br\/mesalte\/wp-content\/uploads\/2017\/04\/Mil\u00e3o-300x300.jpg 300w, https:\/\/blogs.correio24h.com.br\/mesalte\/wp-content\/uploads\/2017\/04\/Mil\u00e3o-150x150.jpg 150w, https:\/\/blogs.correio24h.com.br\/mesalte\/wp-content\/uploads\/2017\/04\/Mil\u00e3o-146x146.jpg 146w, https:\/\/blogs.correio24h.com.br\/mesalte\/wp-content\/uploads\/2017\/04\/Mil\u00e3o-50x50.jpg 50w, https:\/\/blogs.correio24h.com.br\/mesalte\/wp-content\/uploads\/2017\/04\/Mil\u00e3o-80x80.jpg 80w, https:\/\/blogs.correio24h.com.br\/mesalte\/wp-content\/uploads\/2017\/04\/Mil\u00e3o-75x75.jpg 75w, https:\/\/blogs.correio24h.com.br\/mesalte\/wp-content\/uploads\/2017\/04\/Mil\u00e3o-85x85.jpg 85w, https:\/\/blogs.correio24h.com.br\/mesalte\/wp-content\/uploads\/2017\/04\/Mil\u00e3o.jpg 720w\" sizes=\"auto, (max-width: 300px) 100vw, 300px\" \/><\/a>\n\t\t\t\t<\/dt><\/dl><br style=\"clear: both\" \/>\n\t\t\t<\/div>\n\n<p>A ordem agora \u00e9 misturar. N\u00e3o precisa &#8221; combinar&#8221;. Misture, use sua criatividade e harmonize. Quer algo mais brasileiro do que a mistura? Uma palavra brasileira dif\u00edcil de explicar para os estrangeiros \u00e9 a gambiarra. E o que tinha de gambiarra na feira de Mil\u00e3o! Uso de materiais e conceitos inusitados e bem-humorados tornam o design e arquitetura canais de escape para essa vida corrida, virtual e pouco sentida, onde as rela\u00e7\u00f5es se d\u00e3o por meios de aplicativos e sites. Arquitetura e design agora tentam aproximar as pessoas.<\/p>\n<p>Reconhe\u00e7o como design brasileiro a mistura. Misturamos tudo: Informa\u00e7\u00e3o, materiais e todo caleidosc\u00f3pio de culturas, que fazem do Brasil uma aldeia global de experimenta\u00e7\u00f5es e, principalmente, uma tentativa \u2013 muito boba, por sinal \u2013 de mostrar-se europeu. Ora, n\u00e3o somos europeus. Ali\u00e1s somos tamb\u00e9m europeus. Mas olhemos para a \u00c1frica com seu geom\u00e9trico sofisticado e, melhor, olhemos para o interior do Brasil, onde o saber ind\u00edgena muito tem a ensinar ao mundo, e a\u00ed sim, quanto mais local, mais global seremos, pois o mundo est\u00e1 carente e sedento do que \u00e9 genu\u00edno e aut\u00eantico.<\/p>\n<p>Da minha parte, neste meu DNA de bisav\u00f3 escrava africana, av\u00f4 portugu\u00eas, e por minhas veias, creio eu, ind\u00edgenas, vou empregando o \u201cMade in Italy\u201d com dend\u00ea, fado, bossa e muita, mas muita marra.<\/p>\n<p><em>* Ed Vasco \u00e9 arquiteto e designer de interiores, e j\u00e1 assinou mais de 470 projetos em diversas cidades da Bahia. Entre as principais caracter\u00edsticas do seu trabalho, est\u00e1 a inspira\u00e7\u00e3o na arquitetura contempor\u00e2nea internacional, aliada ao conceito de brasilidade, respeitando as particularidades locais e opini\u00e3o de cada cliente.<\/em><\/p>\n","protected":false},"excerpt":{"rendered":"<p>* Por Ed Vasco H\u00e1 um modo de fazer Design e Arquitetura genuinamente brasileiro? Ou s\u00f3 copiamos as tend\u00eancias europeias? O design brasileiro \u00e9 reconhecido por [&hellip;]<\/p>\n","protected":false},"author":2,"featured_media":10371,"comment_status":"open","ping_status":"open","sticky":false,"template":"","format":"image","meta":{"footnotes":""},"categories":[28,80],"tags":[1057,1058,1056],"class_list":["post-10353","post","type-post","status-publish","format-image","has-post-thumbnail","hentry","category-farofa-digital","category-home","tag-decoracao","tag-ed-vasco","tag-milao","post_format-post-format-image"],"_links":{"self":[{"href":"https:\/\/blogs.correio24horas.com.br\/mesalte\/wp-json\/wp\/v2\/posts\/10353","targetHints":{"allow":["GET"]}}],"collection":[{"href":"https:\/\/blogs.correio24horas.com.br\/mesalte\/wp-json\/wp\/v2\/posts"}],"about":[{"href":"https:\/\/blogs.correio24horas.com.br\/mesalte\/wp-json\/wp\/v2\/types\/post"}],"author":[{"embeddable":true,"href":"https:\/\/blogs.correio24horas.com.br\/mesalte\/wp-json\/wp\/v2\/users\/2"}],"replies":[{"embeddable":true,"href":"https:\/\/blogs.correio24horas.com.br\/mesalte\/wp-json\/wp\/v2\/comments?post=10353"}],"version-history":[{"count":1,"href":"https:\/\/blogs.correio24horas.com.br\/mesalte\/wp-json\/wp\/v2\/posts\/10353\/revisions"}],"predecessor-version":[{"id":10358,"href":"https:\/\/blogs.correio24horas.com.br\/mesalte\/wp-json\/wp\/v2\/posts\/10353\/revisions\/10358"}],"wp:featuredmedia":[{"embeddable":true,"href":"https:\/\/blogs.correio24horas.com.br\/mesalte\/wp-json\/wp\/v2\/media\/10371"}],"wp:attachment":[{"href":"https:\/\/blogs.correio24horas.com.br\/mesalte\/wp-json\/wp\/v2\/media?parent=10353"}],"wp:term":[{"taxonomy":"category","embeddable":true,"href":"https:\/\/blogs.correio24horas.com.br\/mesalte\/wp-json\/wp\/v2\/categories?post=10353"},{"taxonomy":"post_tag","embeddable":true,"href":"https:\/\/blogs.correio24horas.com.br\/mesalte\/wp-json\/wp\/v2\/tags?post=10353"}],"curies":[{"name":"wp","href":"https:\/\/api.w.org\/{rel}","templated":true}]}}