{"id":10345,"date":"2017-04-17T10:04:01","date_gmt":"2017-04-17T13:04:01","guid":{"rendered":"http:\/\/blogs.correio24horas.com.br\/mesalte\/?p=10345"},"modified":"2017-04-17T10:52:58","modified_gmt":"2017-04-17T13:52:58","slug":"unifacs-sedia-seminario-da-diversidade-direitos-humanos-e-cultura-da-paz","status":"publish","type":"post","link":"https:\/\/blogs.correio24horas.com.br\/mesalte\/unifacs-sedia-seminario-da-diversidade-direitos-humanos-e-cultura-da-paz\/","title":{"rendered":"Unifacs recebe selo da Diversidade \u00c9tnico-Racial"},"content":{"rendered":"<p>A Universidade Salvador (Unifacs) ser\u00e1 certificada, nesta segunda-feira (17), com o Selo da Diversidade \u00c9tnico-Racial, instrumento que representa uma pol\u00edtica p\u00fablica de sensibiliza\u00e7\u00e3o das institui\u00e7\u00f5es. A cerim\u00f4nia ocorrer\u00e1 no audit\u00f3rio da universidade, no Stiep, \u00e0s 18h, e contar\u00e1 com a presen\u00e7a da titular da Secret\u00e1ria da Repara\u00e7\u00e3o (Semur), Ivete Sacramento, do chanceler da Unifacs, Manoel Barros, e da reitora da institui\u00e7\u00e3o, M\u00e1rcia Barros.<\/p>\n<p>No encontro, tamb\u00e9m ser\u00e1 assinado um acordo de coopera\u00e7\u00e3o t\u00e9cnica com institui\u00e7\u00f5es parceiras que atuar\u00e3o junto ao Comit\u00ea Gestor da Diversidade, Direitos Humanos e Cultura da Paz da Unifacs com a Associa\u00e7\u00e3o Nacional de Travestis e Transexuais (ANTRAS), Grupo Gay da Bahia (GGB), site Dois Ter\u00e7os, Grupo Quimbanda Dudu (Direitos Humanos, Diversidade Sexual e Cidadania de Afrodescendentes) e a Universidade da Paz (UNIPAZ).<\/p>\n<p>O Comit\u00ea da Diversidade, Direitos Humanos e Cultura da Paz, institu\u00eddo pela universidade em 2016, \u00e9 composto por professores, colaboradores e membros da sociedade. A proposta \u00e9 fomentar iniciativas e propor novas estrat\u00e9gias para a promo\u00e7\u00e3o da diversidade, em conson\u00e2ncia com o previsto no Pacto Universit\u00e1rio de Educa\u00e7\u00e3o em Direitos Humanos.<\/p>\n<p>Certifica\u00e7\u00e3o &#8211; O Selo da Diversidade \u00c9tnico-Racial visa reconhecer as a\u00e7\u00f5es de promo\u00e7\u00e3o da equidade racial nas pol\u00edticas de gest\u00e3o de pessoas e marketing das organiza\u00e7\u00f5es p\u00fablicas, privadas e da sociedade civil em Salvador. Diversas institui\u00e7\u00f5es na cidade j\u00e1 foram certificadas com o selo, entre elas 15 franquias e filiais da rede McDonald\u2019s na cidade.<\/p>\n<p>A cerim\u00f4nia acontecer\u00e1 no Campus Tancredo Neves (CTN) e integra o I Semin\u00e1rio da Diversidade, Direitos Humanos e Cultura da Paz. O evento contar\u00e1 com uma extensa programa\u00e7\u00e3o nos dias 17, 18 e 20\/04 (Feira de Santana), aberta ao p\u00fablico, com vagas limitadas.<\/p>\n","protected":false},"excerpt":{"rendered":"<p>A Universidade Salvador (Unifacs) ser\u00e1 certificada, nesta segunda-feira (17), com o Selo da Diversidade \u00c9tnico-Racial, instrumento que representa uma pol\u00edtica p\u00fablica de sensibiliza\u00e7\u00e3o das institui\u00e7\u00f5es. A [&hellip;]<\/p>\n","protected":false},"author":1,"featured_media":0,"comment_status":"open","ping_status":"open","sticky":false,"template":"","format":"image","meta":{"footnotes":""},"categories":[80,11],"tags":[1053,175,1052],"class_list":["post-10345","post","type-post","status-publish","format-image","hentry","category-home","category-me-informo","tag-acm-neto","tag-diversidade","tag-unifacs","post_format-post-format-image"],"_links":{"self":[{"href":"https:\/\/blogs.correio24horas.com.br\/mesalte\/wp-json\/wp\/v2\/posts\/10345","targetHints":{"allow":["GET"]}}],"collection":[{"href":"https:\/\/blogs.correio24horas.com.br\/mesalte\/wp-json\/wp\/v2\/posts"}],"about":[{"href":"https:\/\/blogs.correio24horas.com.br\/mesalte\/wp-json\/wp\/v2\/types\/post"}],"author":[{"embeddable":true,"href":"https:\/\/blogs.correio24horas.com.br\/mesalte\/wp-json\/wp\/v2\/users\/1"}],"replies":[{"embeddable":true,"href":"https:\/\/blogs.correio24horas.com.br\/mesalte\/wp-json\/wp\/v2\/comments?post=10345"}],"version-history":[{"count":3,"href":"https:\/\/blogs.correio24horas.com.br\/mesalte\/wp-json\/wp\/v2\/posts\/10345\/revisions"}],"predecessor-version":[{"id":10348,"href":"https:\/\/blogs.correio24horas.com.br\/mesalte\/wp-json\/wp\/v2\/posts\/10345\/revisions\/10348"}],"wp:attachment":[{"href":"https:\/\/blogs.correio24horas.com.br\/mesalte\/wp-json\/wp\/v2\/media?parent=10345"}],"wp:term":[{"taxonomy":"category","embeddable":true,"href":"https:\/\/blogs.correio24horas.com.br\/mesalte\/wp-json\/wp\/v2\/categories?post=10345"},{"taxonomy":"post_tag","embeddable":true,"href":"https:\/\/blogs.correio24horas.com.br\/mesalte\/wp-json\/wp\/v2\/tags?post=10345"}],"curies":[{"name":"wp","href":"https:\/\/api.w.org\/{rel}","templated":true}]}}