{"id":10320,"date":"2017-04-17T08:20:34","date_gmt":"2017-04-17T11:20:34","guid":{"rendered":"http:\/\/blogs.correio24horas.com.br\/mesalte\/?p=10320"},"modified":"2017-04-17T08:27:33","modified_gmt":"2017-04-17T11:27:33","slug":"veja-fotos-do-concurso-que-elegeu-o-homem-com-o-maior-o-menor-e-o-mais-bonito-ovo-de-salvador","status":"publish","type":"post","link":"https:\/\/blogs.correio24horas.com.br\/mesalte\/veja-fotos-do-concurso-que-elegeu-o-homem-com-o-maior-o-menor-e-o-mais-bonito-ovo-de-salvador\/","title":{"rendered":"[+18] Veja fotos do concurso que elegeu o homem com o maior, o menor e o mais bonito ovo de Salvador"},"content":{"rendered":"<p>Eram muitas op\u00e7\u00f5es. Uns mais pesados, uns mais levinhos, uns bonitos &#8230;outros nem tanto. Essa poderia ser &#8211; facilmente &#8211; a descri\u00e7\u00e3o de um supermercado \u00e0s v\u00e9speras da P\u00e1scoa, mas n\u00e3o \u00e9! A escolha at\u00e9 tem rela\u00e7\u00e3o com a p\u00e1scoa, mas tinha ovos n\u00e3o comest\u00edveis no sentido literal da palavra. Ent\u00e3o, no \u00faltimo s\u00e1bado (14) tive o prazer de ser jurado do concurso &#8220;Meu Ovo \u00e9 um Show&#8221;, promovido pelo <a href=\"http:\/\/www.planetario11.com.br\/\" target=\"_blank\">Clube Masculino 11<\/a> no bairro do Toror\u00f3. Integrei um j\u00fari composto por quatro pessoas que tiveram que escolher entre 10 op\u00e7\u00f5es de &#8216;ovos&#8217; para eleger o mais bonito, o menor e o maior.<\/p>\n<p>Os donos dos ovos &#8211; todos boys que trabalham na sauna fazendo programa &#8211; estavam t\u00edmidos. Talvez pela ess\u00eancia faloc\u00eantrica (sim, tinham malas muito boas) dos homens que gostar de exibir seus paus que, dessa vez, estavam cobertos. Afinal, o concurso era do ovo. Alguns, mais saidinhos, manuseavam seus test\u00edculos tal qual estivessem batendo um bolo. Os que tinham ovos mais miudinhos eram os mais contidos. A exce\u00e7\u00e3o foi o vencedor na categoria de menor ovo que eu, na hora do voto, chamei logo de ovo de codorna. Vale ressaltar que em mat\u00e9ria de ovo tamanho n\u00e3o \u00e9 documento. Tem gente, inclusive, que nem gosta. Mas, o miniovo fez sucesso: &#8220;cabe direitinho na boca&#8221;, sussurrou outro integrante do j\u00fari na hora que o menor ovo foi anunciado.<\/p>\n<div id=\"attachment_10323\" style=\"width: 369px\" class=\"wp-caption aligncenter\"><img loading=\"lazy\" decoding=\"async\" aria-describedby=\"caption-attachment-10323\" class=\" wp-image-10323\" src=\"https:\/\/blogs.correio24h.com.br\/mesalte\/wp-content\/uploads\/2017\/04\/Vencedor-na-categoria-menor-ovo-do-concurso-Meu-Ovo-\u00e9-Um-Show_Foto-Valmick-Braz-768x1024.jpg\" alt=\"Ovo no tamanho 'codorna' ganhou um ovo de p\u00e1scoa pequeno com pr\u00eamio\" width=\"359\" height=\"479\" srcset=\"https:\/\/blogs.correio24h.com.br\/mesalte\/wp-content\/uploads\/2017\/04\/Vencedor-na-categoria-menor-ovo-do-concurso-Meu-Ovo-\u00e9-Um-Show_Foto-Valmick-Braz-768x1024.jpg 768w, https:\/\/blogs.correio24h.com.br\/mesalte\/wp-content\/uploads\/2017\/04\/Vencedor-na-categoria-menor-ovo-do-concurso-Meu-Ovo-\u00e9-Um-Show_Foto-Valmick-Braz-225x300.jpg 225w, https:\/\/blogs.correio24h.com.br\/mesalte\/wp-content\/uploads\/2017\/04\/Vencedor-na-categoria-menor-ovo-do-concurso-Meu-Ovo-\u00e9-Um-Show_Foto-Valmick-Braz-110x146.jpg 110w, https:\/\/blogs.correio24h.com.br\/mesalte\/wp-content\/uploads\/2017\/04\/Vencedor-na-categoria-menor-ovo-do-concurso-Meu-Ovo-\u00e9-Um-Show_Foto-Valmick-Braz-38x50.jpg 38w, https:\/\/blogs.correio24h.com.br\/mesalte\/wp-content\/uploads\/2017\/04\/Vencedor-na-categoria-menor-ovo-do-concurso-Meu-Ovo-\u00e9-Um-Show_Foto-Valmick-Braz-56x75.jpg 56w, https:\/\/blogs.correio24h.com.br\/mesalte\/wp-content\/uploads\/2017\/04\/Vencedor-na-categoria-menor-ovo-do-concurso-Meu-Ovo-\u00e9-Um-Show_Foto-Valmick-Braz.jpg 774w\" sizes=\"auto, (max-width: 359px) 100vw, 359px\" \/><p id=\"caption-attachment-10323\" class=\"wp-caption-text\">Ovo no tamanho &#8216;codorna&#8217; ganhou um ovo de p\u00e1scoa pequeno com pr\u00eamio<\/p><\/div>\n<p>A escolha do mais bonito foi acirrada. Os jurados ficaram na d\u00favida de qual seria o mais harm\u00f4nico, aquele que esteticamente saltava aos olhos do desejo. Venceu o candidato n\u00famero 9 depois de duas rodadas de vota\u00e7\u00e3o. Eu, \u00f3bvio, n\u00e3o tive d\u00favidas de que esse seria o mais bonito e tive que votar nele nas duas etapas de vota\u00e7\u00e3o. O dono do ovo era super s\u00e9rio &#8211; um dos mais t\u00edmidos entre os concorrentes &#8211; mas largou um sorriso de canto de boca diante dos elogios que recebeu. Ele venceu, principalmente, pela unidade da composi\u00e7\u00e3o dos test\u00edculos e a harmonia deles no sacro escrotal. N\u00e3o tinha nada fora do lugar. Era bonito mesmo!<\/p>\n<div id=\"attachment_10324\" style=\"width: 413px\" class=\"wp-caption aligncenter\"><img loading=\"lazy\" decoding=\"async\" aria-describedby=\"caption-attachment-10324\" class=\" wp-image-10324\" src=\"https:\/\/blogs.correio24h.com.br\/mesalte\/wp-content\/uploads\/2017\/04\/Vencedor-na-categoria-ovo-mais-bonito-do-concurso-ganhou-ovo-no-Meu-Ovo-\u00e9-Um-Show_Foto-Valmick-Braz-768x1024.jpg\" alt=\"O ovo mais bonito\" width=\"403\" height=\"537\" srcset=\"https:\/\/blogs.correio24h.com.br\/mesalte\/wp-content\/uploads\/2017\/04\/Vencedor-na-categoria-ovo-mais-bonito-do-concurso-ganhou-ovo-no-Meu-Ovo-\u00e9-Um-Show_Foto-Valmick-Braz-768x1024.jpg 768w, https:\/\/blogs.correio24h.com.br\/mesalte\/wp-content\/uploads\/2017\/04\/Vencedor-na-categoria-ovo-mais-bonito-do-concurso-ganhou-ovo-no-Meu-Ovo-\u00e9-Um-Show_Foto-Valmick-Braz-225x300.jpg 225w, https:\/\/blogs.correio24h.com.br\/mesalte\/wp-content\/uploads\/2017\/04\/Vencedor-na-categoria-ovo-mais-bonito-do-concurso-ganhou-ovo-no-Meu-Ovo-\u00e9-Um-Show_Foto-Valmick-Braz-110x146.jpg 110w, https:\/\/blogs.correio24h.com.br\/mesalte\/wp-content\/uploads\/2017\/04\/Vencedor-na-categoria-ovo-mais-bonito-do-concurso-ganhou-ovo-no-Meu-Ovo-\u00e9-Um-Show_Foto-Valmick-Braz-38x50.jpg 38w, https:\/\/blogs.correio24h.com.br\/mesalte\/wp-content\/uploads\/2017\/04\/Vencedor-na-categoria-ovo-mais-bonito-do-concurso-ganhou-ovo-no-Meu-Ovo-\u00e9-Um-Show_Foto-Valmick-Braz-56x75.jpg 56w, https:\/\/blogs.correio24h.com.br\/mesalte\/wp-content\/uploads\/2017\/04\/Vencedor-na-categoria-ovo-mais-bonito-do-concurso-ganhou-ovo-no-Meu-Ovo-\u00e9-Um-Show_Foto-Valmick-Braz.jpg 774w\" sizes=\"auto, (max-width: 403px) 100vw, 403px\" \/><p id=\"caption-attachment-10324\" class=\"wp-caption-text\">O ovo mais bonito<\/p><\/div>\n<p>A grande escolha da noite &#8211; a do boy com o maior ovo &#8211; ficou entre dois candidatos. O n\u00famero 2 e o n\u00famero 6. A disputa foi tensa, manxs! O candidato n\u00famero 6 era o mais saliente com o ovo. Ele pegava no saco (que era grande) para mostrar que tinha volume ali. Ele sacudia tanto os ovos que parecia que ia fazer uma omelete. \u00a0J\u00e1 o 2, mais contido, ficava paradinho s\u00f3 mirando os jurados para tentar provar sua pot\u00eancia. Os outros candidatos n\u00e3o tiveram chance. Da\u00ed tive que tirar a prova dos 9, digo, do ovo. Com visualmente os dois eram grandes n\u00e3o dava para ter certeza de qual ovo era o maior.<\/p>\n\n\t\t\t<style type='text\/css'>\n\t\t\t\t#gallery-1 {\n\t\t\t\t\tmargin: auto;\n\t\t\t\t}\n\t\t\t\t#gallery-1 .gallery-item {\n\t\t\t\t\tfloat: left;\n\t\t\t\t\tmargin-top: 10px;\n\t\t\t\t\ttext-align: center;\n\t\t\t\t\twidth: 49.99%;\n\t\t\t\t}\n\t\t\t\t#gallery-1 img {\n\t\t\t\t\tborder: 2px solid #cfcfcf;\n\t\t\t\t}\n\t\t\t\t#gallery-1 .gallery-caption {\n\t\t\t\t\tmargin-left: 0;\n\t\t\t\t}\n\t\t\t\t\/* see gallery_shortcode() in wp-includes\/media.php *\/\n\t\t\t<\/style>\n\t\t<div id='gallery-1' class='gallery galleryid-10320 gallery-columns-2 gallery-size-medium file'><dl class='gallery-item'>\n\t\t\t\t<dt class='gallery-icon portrait'>\n\t\t\t\t\t<a href='https:\/\/blogs.correio24h.com.br\/mesalte\/wp-content\/uploads\/2017\/04\/Vencedor-na-categoria-maior-ovo-do-concurso-Meu-Ovo-\u00e9-Um-Show_Foto-Valmick-Braz.jpg'><img loading=\"lazy\" decoding=\"async\" width=\"225\" height=\"300\" src=\"https:\/\/blogs.correio24h.com.br\/mesalte\/wp-content\/uploads\/2017\/04\/Vencedor-na-categoria-maior-ovo-do-concurso-Meu-Ovo-\u00e9-Um-Show_Foto-Valmick-Braz-225x300.jpg\" class=\"attachment-medium size-medium\" alt=\"\" srcset=\"https:\/\/blogs.correio24h.com.br\/mesalte\/wp-content\/uploads\/2017\/04\/Vencedor-na-categoria-maior-ovo-do-concurso-Meu-Ovo-\u00e9-Um-Show_Foto-Valmick-Braz-225x300.jpg 225w, https:\/\/blogs.correio24h.com.br\/mesalte\/wp-content\/uploads\/2017\/04\/Vencedor-na-categoria-maior-ovo-do-concurso-Meu-Ovo-\u00e9-Um-Show_Foto-Valmick-Braz-768x1024.jpg 768w, https:\/\/blogs.correio24h.com.br\/mesalte\/wp-content\/uploads\/2017\/04\/Vencedor-na-categoria-maior-ovo-do-concurso-Meu-Ovo-\u00e9-Um-Show_Foto-Valmick-Braz-110x146.jpg 110w, https:\/\/blogs.correio24h.com.br\/mesalte\/wp-content\/uploads\/2017\/04\/Vencedor-na-categoria-maior-ovo-do-concurso-Meu-Ovo-\u00e9-Um-Show_Foto-Valmick-Braz-38x50.jpg 38w, https:\/\/blogs.correio24h.com.br\/mesalte\/wp-content\/uploads\/2017\/04\/Vencedor-na-categoria-maior-ovo-do-concurso-Meu-Ovo-\u00e9-Um-Show_Foto-Valmick-Braz-56x75.jpg 56w, https:\/\/blogs.correio24h.com.br\/mesalte\/wp-content\/uploads\/2017\/04\/Vencedor-na-categoria-maior-ovo-do-concurso-Meu-Ovo-\u00e9-Um-Show_Foto-Valmick-Braz.jpg 774w\" sizes=\"auto, (max-width: 225px) 100vw, 225px\" \/><\/a>\n\t\t\t\t<\/dt>\n\t\t\t\t\t<dd class='wp-caption-text gallery-caption'>\n\t\t\t\t\tO ov\u00e3o de avestruz!\n\t\t\t\t\t<\/dd><\/dl><dl class='gallery-item'>\n\t\t\t\t<dt class='gallery-icon landscape'>\n\t\t\t\t\t<a href='https:\/\/blogs.correio24h.com.br\/mesalte\/wp-content\/uploads\/2017\/04\/Candidato_-_Meu-Ovo-\u00e9-Um-Show_Foto-Valmick-Braz.jpg'><img loading=\"lazy\" decoding=\"async\" width=\"300\" height=\"225\" src=\"https:\/\/blogs.correio24h.com.br\/mesalte\/wp-content\/uploads\/2017\/04\/Candidato_-_Meu-Ovo-\u00e9-Um-Show_Foto-Valmick-Braz-300x225.jpg\" class=\"attachment-medium size-medium\" alt=\"\" srcset=\"https:\/\/blogs.correio24h.com.br\/mesalte\/wp-content\/uploads\/2017\/04\/Candidato_-_Meu-Ovo-\u00e9-Um-Show_Foto-Valmick-Braz-300x225.jpg 300w, https:\/\/blogs.correio24h.com.br\/mesalte\/wp-content\/uploads\/2017\/04\/Candidato_-_Meu-Ovo-\u00e9-Um-Show_Foto-Valmick-Braz-768x576.jpg 768w, https:\/\/blogs.correio24h.com.br\/mesalte\/wp-content\/uploads\/2017\/04\/Candidato_-_Meu-Ovo-\u00e9-Um-Show_Foto-Valmick-Braz-1024x768.jpg 1024w, https:\/\/blogs.correio24h.com.br\/mesalte\/wp-content\/uploads\/2017\/04\/Candidato_-_Meu-Ovo-\u00e9-Um-Show_Foto-Valmick-Braz-195x146.jpg 195w, https:\/\/blogs.correio24h.com.br\/mesalte\/wp-content\/uploads\/2017\/04\/Candidato_-_Meu-Ovo-\u00e9-Um-Show_Foto-Valmick-Braz-50x38.jpg 50w, https:\/\/blogs.correio24h.com.br\/mesalte\/wp-content\/uploads\/2017\/04\/Candidato_-_Meu-Ovo-\u00e9-Um-Show_Foto-Valmick-Braz-100x75.jpg 100w, https:\/\/blogs.correio24h.com.br\/mesalte\/wp-content\/uploads\/2017\/04\/Candidato_-_Meu-Ovo-\u00e9-Um-Show_Foto-Valmick-Braz.jpg 1280w\" sizes=\"auto, (max-width: 300px) 100vw, 300px\" \/><\/a>\n\t\t\t\t<\/dt>\n\t\t\t\t\t<dd class='wp-caption-text gallery-caption'>\n\t\t\t\t\tO segundo colocado na categoria de maior ovo\n\t\t\t\t\t<\/dd><\/dl><br style=\"clear: both\" \/>\n\t\t\t<\/div>\n\n<p>Nesse momento a apresentadora do concurso, Bagageryer Spilberg, me deu a determina\u00e7\u00e3o: pega a\u00ed nos dois, Jorge e tira a d\u00favida! Peguei! Como a premia\u00e7\u00e3o era para o maior ovo venceu o 2. Apesar do 6 parecer ser maior por conta do saco grande o n\u00famero 2 tinha densidade. Era grande mesmo e pesado! O vencedor &#8211; que preferiu n\u00e3o ter seu nome revelado &#8211; saiu de l\u00e1 orgulhoso com tr\u00eas ov\u00f5es &#8211; dois dele de nascen\u00e7a &#8211; e um de chocolate gigante que ganhou de premia\u00e7\u00e3o.<\/p>\n<p><strong>Confira imagens de outros candidatos&gt;&gt;&gt;&gt;<\/strong><\/p>\n\n\t\t\t<style type='text\/css'>\n\t\t\t\t#gallery-2 {\n\t\t\t\t\tmargin: auto;\n\t\t\t\t}\n\t\t\t\t#gallery-2 .gallery-item {\n\t\t\t\t\tfloat: left;\n\t\t\t\t\tmargin-top: 10px;\n\t\t\t\t\ttext-align: center;\n\t\t\t\t\twidth: 49.99%;\n\t\t\t\t}\n\t\t\t\t#gallery-2 img {\n\t\t\t\t\tborder: 2px solid #cfcfcf;\n\t\t\t\t}\n\t\t\t\t#gallery-2 .gallery-caption {\n\t\t\t\t\tmargin-left: 0;\n\t\t\t\t}\n\t\t\t\t\/* see gallery_shortcode() in wp-includes\/media.php *\/\n\t\t\t<\/style>\n\t\t<div id='gallery-2' class='gallery galleryid-10320 gallery-columns-2 gallery-size-medium file'><dl class='gallery-item'>\n\t\t\t\t<dt class='gallery-icon landscape'>\n\t\t\t\t\t<a href='https:\/\/blogs.correio24h.com.br\/mesalte\/wp-content\/uploads\/2017\/04\/Candidato-_Meu-Ovo-\u00e9-Um-Show_Foto-Valmick-Braz.jpg'><img loading=\"lazy\" decoding=\"async\" width=\"300\" height=\"225\" src=\"https:\/\/blogs.correio24h.com.br\/mesalte\/wp-content\/uploads\/2017\/04\/Candidato-_Meu-Ovo-\u00e9-Um-Show_Foto-Valmick-Braz-300x225.jpg\" class=\"attachment-medium size-medium\" alt=\"\" srcset=\"https:\/\/blogs.correio24h.com.br\/mesalte\/wp-content\/uploads\/2017\/04\/Candidato-_Meu-Ovo-\u00e9-Um-Show_Foto-Valmick-Braz-300x225.jpg 300w, https:\/\/blogs.correio24h.com.br\/mesalte\/wp-content\/uploads\/2017\/04\/Candidato-_Meu-Ovo-\u00e9-Um-Show_Foto-Valmick-Braz-768x576.jpg 768w, https:\/\/blogs.correio24h.com.br\/mesalte\/wp-content\/uploads\/2017\/04\/Candidato-_Meu-Ovo-\u00e9-Um-Show_Foto-Valmick-Braz-1024x768.jpg 1024w, https:\/\/blogs.correio24h.com.br\/mesalte\/wp-content\/uploads\/2017\/04\/Candidato-_Meu-Ovo-\u00e9-Um-Show_Foto-Valmick-Braz-195x146.jpg 195w, https:\/\/blogs.correio24h.com.br\/mesalte\/wp-content\/uploads\/2017\/04\/Candidato-_Meu-Ovo-\u00e9-Um-Show_Foto-Valmick-Braz-50x38.jpg 50w, https:\/\/blogs.correio24h.com.br\/mesalte\/wp-content\/uploads\/2017\/04\/Candidato-_Meu-Ovo-\u00e9-Um-Show_Foto-Valmick-Braz-100x75.jpg 100w, https:\/\/blogs.correio24h.com.br\/mesalte\/wp-content\/uploads\/2017\/04\/Candidato-_Meu-Ovo-\u00e9-Um-Show_Foto-Valmick-Braz.jpg 1280w\" sizes=\"auto, (max-width: 300px) 100vw, 300px\" \/><\/a>\n\t\t\t\t<\/dt><\/dl><dl class='gallery-item'>\n\t\t\t\t<dt class='gallery-icon landscape'>\n\t\t\t\t\t<a href='https:\/\/blogs.correio24h.com.br\/mesalte\/wp-content\/uploads\/2017\/04\/Candidato-Meu-Ovo-\u00e9-Um-Show_Foto-Valmick-Braz.jpg'><img loading=\"lazy\" decoding=\"async\" width=\"300\" height=\"225\" src=\"https:\/\/blogs.correio24h.com.br\/mesalte\/wp-content\/uploads\/2017\/04\/Candidato-Meu-Ovo-\u00e9-Um-Show_Foto-Valmick-Braz-300x225.jpg\" class=\"attachment-medium size-medium\" alt=\"\" srcset=\"https:\/\/blogs.correio24h.com.br\/mesalte\/wp-content\/uploads\/2017\/04\/Candidato-Meu-Ovo-\u00e9-Um-Show_Foto-Valmick-Braz-300x225.jpg 300w, https:\/\/blogs.correio24h.com.br\/mesalte\/wp-content\/uploads\/2017\/04\/Candidato-Meu-Ovo-\u00e9-Um-Show_Foto-Valmick-Braz-768x576.jpg 768w, https:\/\/blogs.correio24h.com.br\/mesalte\/wp-content\/uploads\/2017\/04\/Candidato-Meu-Ovo-\u00e9-Um-Show_Foto-Valmick-Braz-1024x768.jpg 1024w, https:\/\/blogs.correio24h.com.br\/mesalte\/wp-content\/uploads\/2017\/04\/Candidato-Meu-Ovo-\u00e9-Um-Show_Foto-Valmick-Braz-195x146.jpg 195w, https:\/\/blogs.correio24h.com.br\/mesalte\/wp-content\/uploads\/2017\/04\/Candidato-Meu-Ovo-\u00e9-Um-Show_Foto-Valmick-Braz-50x38.jpg 50w, https:\/\/blogs.correio24h.com.br\/mesalte\/wp-content\/uploads\/2017\/04\/Candidato-Meu-Ovo-\u00e9-Um-Show_Foto-Valmick-Braz-100x75.jpg 100w, https:\/\/blogs.correio24h.com.br\/mesalte\/wp-content\/uploads\/2017\/04\/Candidato-Meu-Ovo-\u00e9-Um-Show_Foto-Valmick-Braz.jpg 1280w\" sizes=\"auto, (max-width: 300px) 100vw, 300px\" \/><\/a>\n\t\t\t\t<\/dt><\/dl><br style=\"clear: both\" \/><dl class='gallery-item'>\n\t\t\t\t<dt class='gallery-icon landscape'>\n\t\t\t\t\t<a href='https:\/\/blogs.correio24h.com.br\/mesalte\/wp-content\/uploads\/2017\/04\/Candidato-Meu_-Ovo-\u00e9-Um-Show_Foto-Valmick-Braz.jpg'><img loading=\"lazy\" decoding=\"async\" width=\"300\" height=\"225\" src=\"https:\/\/blogs.correio24h.com.br\/mesalte\/wp-content\/uploads\/2017\/04\/Candidato-Meu_-Ovo-\u00e9-Um-Show_Foto-Valmick-Braz-300x225.jpg\" class=\"attachment-medium size-medium\" alt=\"\" srcset=\"https:\/\/blogs.correio24h.com.br\/mesalte\/wp-content\/uploads\/2017\/04\/Candidato-Meu_-Ovo-\u00e9-Um-Show_Foto-Valmick-Braz-300x225.jpg 300w, https:\/\/blogs.correio24h.com.br\/mesalte\/wp-content\/uploads\/2017\/04\/Candidato-Meu_-Ovo-\u00e9-Um-Show_Foto-Valmick-Braz-768x576.jpg 768w, https:\/\/blogs.correio24h.com.br\/mesalte\/wp-content\/uploads\/2017\/04\/Candidato-Meu_-Ovo-\u00e9-Um-Show_Foto-Valmick-Braz-1024x768.jpg 1024w, https:\/\/blogs.correio24h.com.br\/mesalte\/wp-content\/uploads\/2017\/04\/Candidato-Meu_-Ovo-\u00e9-Um-Show_Foto-Valmick-Braz-195x146.jpg 195w, https:\/\/blogs.correio24h.com.br\/mesalte\/wp-content\/uploads\/2017\/04\/Candidato-Meu_-Ovo-\u00e9-Um-Show_Foto-Valmick-Braz-50x38.jpg 50w, https:\/\/blogs.correio24h.com.br\/mesalte\/wp-content\/uploads\/2017\/04\/Candidato-Meu_-Ovo-\u00e9-Um-Show_Foto-Valmick-Braz-100x75.jpg 100w, https:\/\/blogs.correio24h.com.br\/mesalte\/wp-content\/uploads\/2017\/04\/Candidato-Meu_-Ovo-\u00e9-Um-Show_Foto-Valmick-Braz.jpg 1280w\" sizes=\"auto, (max-width: 300px) 100vw, 300px\" \/><\/a>\n\t\t\t\t<\/dt><\/dl><dl class='gallery-item'>\n\t\t\t\t<dt class='gallery-icon landscape'>\n\t\t\t\t\t<a href='https:\/\/blogs.correio24h.com.br\/mesalte\/wp-content\/uploads\/2017\/04\/Candidato-Meu__-Ovo-\u00e9-Um-Show_Foto-Valmick-Braz.jpg'><img loading=\"lazy\" decoding=\"async\" width=\"300\" height=\"225\" src=\"https:\/\/blogs.correio24h.com.br\/mesalte\/wp-content\/uploads\/2017\/04\/Candidato-Meu__-Ovo-\u00e9-Um-Show_Foto-Valmick-Braz-300x225.jpg\" class=\"attachment-medium size-medium\" alt=\"\" srcset=\"https:\/\/blogs.correio24h.com.br\/mesalte\/wp-content\/uploads\/2017\/04\/Candidato-Meu__-Ovo-\u00e9-Um-Show_Foto-Valmick-Braz-300x225.jpg 300w, https:\/\/blogs.correio24h.com.br\/mesalte\/wp-content\/uploads\/2017\/04\/Candidato-Meu__-Ovo-\u00e9-Um-Show_Foto-Valmick-Braz-768x576.jpg 768w, https:\/\/blogs.correio24h.com.br\/mesalte\/wp-content\/uploads\/2017\/04\/Candidato-Meu__-Ovo-\u00e9-Um-Show_Foto-Valmick-Braz-1024x768.jpg 1024w, https:\/\/blogs.correio24h.com.br\/mesalte\/wp-content\/uploads\/2017\/04\/Candidato-Meu__-Ovo-\u00e9-Um-Show_Foto-Valmick-Braz-195x146.jpg 195w, https:\/\/blogs.correio24h.com.br\/mesalte\/wp-content\/uploads\/2017\/04\/Candidato-Meu__-Ovo-\u00e9-Um-Show_Foto-Valmick-Braz-50x38.jpg 50w, https:\/\/blogs.correio24h.com.br\/mesalte\/wp-content\/uploads\/2017\/04\/Candidato-Meu__-Ovo-\u00e9-Um-Show_Foto-Valmick-Braz-100x75.jpg 100w, https:\/\/blogs.correio24h.com.br\/mesalte\/wp-content\/uploads\/2017\/04\/Candidato-Meu__-Ovo-\u00e9-Um-Show_Foto-Valmick-Braz.jpg 1280w\" sizes=\"auto, (max-width: 300px) 100vw, 300px\" \/><\/a>\n\t\t\t\t<\/dt><\/dl><br style=\"clear: both\" \/><dl class='gallery-item'>\n\t\t\t\t<dt class='gallery-icon landscape'>\n\t\t\t\t\t<a href='https:\/\/blogs.correio24h.com.br\/mesalte\/wp-content\/uploads\/2017\/04\/Candidato-x_Meu-Ovo-\u00e9-Um-Show_Foto-Valmick-Braz.jpg'><img loading=\"lazy\" decoding=\"async\" width=\"300\" height=\"225\" src=\"https:\/\/blogs.correio24h.com.br\/mesalte\/wp-content\/uploads\/2017\/04\/Candidato-x_Meu-Ovo-\u00e9-Um-Show_Foto-Valmick-Braz-300x225.jpg\" class=\"attachment-medium size-medium\" alt=\"\" srcset=\"https:\/\/blogs.correio24h.com.br\/mesalte\/wp-content\/uploads\/2017\/04\/Candidato-x_Meu-Ovo-\u00e9-Um-Show_Foto-Valmick-Braz-300x225.jpg 300w, https:\/\/blogs.correio24h.com.br\/mesalte\/wp-content\/uploads\/2017\/04\/Candidato-x_Meu-Ovo-\u00e9-Um-Show_Foto-Valmick-Braz-768x576.jpg 768w, https:\/\/blogs.correio24h.com.br\/mesalte\/wp-content\/uploads\/2017\/04\/Candidato-x_Meu-Ovo-\u00e9-Um-Show_Foto-Valmick-Braz-1024x768.jpg 1024w, https:\/\/blogs.correio24h.com.br\/mesalte\/wp-content\/uploads\/2017\/04\/Candidato-x_Meu-Ovo-\u00e9-Um-Show_Foto-Valmick-Braz-195x146.jpg 195w, https:\/\/blogs.correio24h.com.br\/mesalte\/wp-content\/uploads\/2017\/04\/Candidato-x_Meu-Ovo-\u00e9-Um-Show_Foto-Valmick-Braz-50x38.jpg 50w, https:\/\/blogs.correio24h.com.br\/mesalte\/wp-content\/uploads\/2017\/04\/Candidato-x_Meu-Ovo-\u00e9-Um-Show_Foto-Valmick-Braz-100x75.jpg 100w, https:\/\/blogs.correio24h.com.br\/mesalte\/wp-content\/uploads\/2017\/04\/Candidato-x_Meu-Ovo-\u00e9-Um-Show_Foto-Valmick-Braz.jpg 1280w\" sizes=\"auto, (max-width: 300px) 100vw, 300px\" \/><\/a>\n\t\t\t\t<\/dt><\/dl><dl class='gallery-item'>\n\t\t\t\t<dt class='gallery-icon landscape'>\n\t\t\t\t\t<a href='https:\/\/blogs.correio24h.com.br\/mesalte\/wp-content\/uploads\/2017\/04\/Candidato_-_Meu-Ovo-\u00e9-Um-Show__Foto-Valmick-Braz.jpg'><img loading=\"lazy\" decoding=\"async\" width=\"300\" height=\"225\" src=\"https:\/\/blogs.correio24h.com.br\/mesalte\/wp-content\/uploads\/2017\/04\/Candidato_-_Meu-Ovo-\u00e9-Um-Show__Foto-Valmick-Braz-300x225.jpg\" class=\"attachment-medium size-medium\" alt=\"\" srcset=\"https:\/\/blogs.correio24h.com.br\/mesalte\/wp-content\/uploads\/2017\/04\/Candidato_-_Meu-Ovo-\u00e9-Um-Show__Foto-Valmick-Braz-300x225.jpg 300w, https:\/\/blogs.correio24h.com.br\/mesalte\/wp-content\/uploads\/2017\/04\/Candidato_-_Meu-Ovo-\u00e9-Um-Show__Foto-Valmick-Braz-768x576.jpg 768w, https:\/\/blogs.correio24h.com.br\/mesalte\/wp-content\/uploads\/2017\/04\/Candidato_-_Meu-Ovo-\u00e9-Um-Show__Foto-Valmick-Braz-1024x768.jpg 1024w, https:\/\/blogs.correio24h.com.br\/mesalte\/wp-content\/uploads\/2017\/04\/Candidato_-_Meu-Ovo-\u00e9-Um-Show__Foto-Valmick-Braz-195x146.jpg 195w, https:\/\/blogs.correio24h.com.br\/mesalte\/wp-content\/uploads\/2017\/04\/Candidato_-_Meu-Ovo-\u00e9-Um-Show__Foto-Valmick-Braz-50x38.jpg 50w, https:\/\/blogs.correio24h.com.br\/mesalte\/wp-content\/uploads\/2017\/04\/Candidato_-_Meu-Ovo-\u00e9-Um-Show__Foto-Valmick-Braz-100x75.jpg 100w, https:\/\/blogs.correio24h.com.br\/mesalte\/wp-content\/uploads\/2017\/04\/Candidato_-_Meu-Ovo-\u00e9-Um-Show__Foto-Valmick-Braz.jpg 1280w\" sizes=\"auto, (max-width: 300px) 100vw, 300px\" \/><\/a>\n\t\t\t\t<\/dt><\/dl><br style=\"clear: both\" \/><dl class='gallery-item'>\n\t\t\t\t<dt class='gallery-icon landscape'>\n\t\t\t\t\t<a href='https:\/\/blogs.correio24h.com.br\/mesalte\/wp-content\/uploads\/2017\/04\/Candidato_-_Meu-Ovo-\u00e9-Um-Show_Foto-Valmick-Braz-1.jpg'><img loading=\"lazy\" decoding=\"async\" width=\"300\" height=\"225\" src=\"https:\/\/blogs.correio24h.com.br\/mesalte\/wp-content\/uploads\/2017\/04\/Candidato_-_Meu-Ovo-\u00e9-Um-Show_Foto-Valmick-Braz-1-300x225.jpg\" class=\"attachment-medium size-medium\" alt=\"\" srcset=\"https:\/\/blogs.correio24h.com.br\/mesalte\/wp-content\/uploads\/2017\/04\/Candidato_-_Meu-Ovo-\u00e9-Um-Show_Foto-Valmick-Braz-1-300x225.jpg 300w, https:\/\/blogs.correio24h.com.br\/mesalte\/wp-content\/uploads\/2017\/04\/Candidato_-_Meu-Ovo-\u00e9-Um-Show_Foto-Valmick-Braz-1-768x576.jpg 768w, https:\/\/blogs.correio24h.com.br\/mesalte\/wp-content\/uploads\/2017\/04\/Candidato_-_Meu-Ovo-\u00e9-Um-Show_Foto-Valmick-Braz-1-1024x768.jpg 1024w, https:\/\/blogs.correio24h.com.br\/mesalte\/wp-content\/uploads\/2017\/04\/Candidato_-_Meu-Ovo-\u00e9-Um-Show_Foto-Valmick-Braz-1-195x146.jpg 195w, https:\/\/blogs.correio24h.com.br\/mesalte\/wp-content\/uploads\/2017\/04\/Candidato_-_Meu-Ovo-\u00e9-Um-Show_Foto-Valmick-Braz-1-50x38.jpg 50w, https:\/\/blogs.correio24h.com.br\/mesalte\/wp-content\/uploads\/2017\/04\/Candidato_-_Meu-Ovo-\u00e9-Um-Show_Foto-Valmick-Braz-1-100x75.jpg 100w, https:\/\/blogs.correio24h.com.br\/mesalte\/wp-content\/uploads\/2017\/04\/Candidato_-_Meu-Ovo-\u00e9-Um-Show_Foto-Valmick-Braz-1.jpg 1280w\" sizes=\"auto, (max-width: 300px) 100vw, 300px\" \/><\/a>\n\t\t\t\t<\/dt><\/dl><dl class='gallery-item'>\n\t\t\t\t<dt class='gallery-icon landscape'>\n\t\t\t\t\t<a href='https:\/\/blogs.correio24h.com.br\/mesalte\/wp-content\/uploads\/2017\/04\/Candidato___Meu-Ovo-\u00e9-Um-Show_Foto-Valmick-Braz.jpg'><img loading=\"lazy\" decoding=\"async\" width=\"300\" height=\"225\" src=\"https:\/\/blogs.correio24h.com.br\/mesalte\/wp-content\/uploads\/2017\/04\/Candidato___Meu-Ovo-\u00e9-Um-Show_Foto-Valmick-Braz-300x225.jpg\" class=\"attachment-medium size-medium\" alt=\"\" srcset=\"https:\/\/blogs.correio24h.com.br\/mesalte\/wp-content\/uploads\/2017\/04\/Candidato___Meu-Ovo-\u00e9-Um-Show_Foto-Valmick-Braz-300x225.jpg 300w, https:\/\/blogs.correio24h.com.br\/mesalte\/wp-content\/uploads\/2017\/04\/Candidato___Meu-Ovo-\u00e9-Um-Show_Foto-Valmick-Braz-768x576.jpg 768w, https:\/\/blogs.correio24h.com.br\/mesalte\/wp-content\/uploads\/2017\/04\/Candidato___Meu-Ovo-\u00e9-Um-Show_Foto-Valmick-Braz-1024x768.jpg 1024w, https:\/\/blogs.correio24h.com.br\/mesalte\/wp-content\/uploads\/2017\/04\/Candidato___Meu-Ovo-\u00e9-Um-Show_Foto-Valmick-Braz-195x146.jpg 195w, https:\/\/blogs.correio24h.com.br\/mesalte\/wp-content\/uploads\/2017\/04\/Candidato___Meu-Ovo-\u00e9-Um-Show_Foto-Valmick-Braz-50x38.jpg 50w, https:\/\/blogs.correio24h.com.br\/mesalte\/wp-content\/uploads\/2017\/04\/Candidato___Meu-Ovo-\u00e9-Um-Show_Foto-Valmick-Braz-100x75.jpg 100w, https:\/\/blogs.correio24h.com.br\/mesalte\/wp-content\/uploads\/2017\/04\/Candidato___Meu-Ovo-\u00e9-Um-Show_Foto-Valmick-Braz.jpg 1280w\" sizes=\"auto, (max-width: 300px) 100vw, 300px\" \/><\/a>\n\t\t\t\t<\/dt><\/dl><br style=\"clear: both\" \/><dl class='gallery-item'>\n\t\t\t\t<dt class='gallery-icon landscape'>\n\t\t\t\t\t<a href='https:\/\/blogs.correio24h.com.br\/mesalte\/wp-content\/uploads\/2017\/04\/Candidatos-_do-concurso-Meu-Ovo-\u00e9-Um-Show_Foto-Valmick-Braz.jpg'><img loading=\"lazy\" decoding=\"async\" width=\"300\" height=\"225\" src=\"https:\/\/blogs.correio24h.com.br\/mesalte\/wp-content\/uploads\/2017\/04\/Candidatos-_do-concurso-Meu-Ovo-\u00e9-Um-Show_Foto-Valmick-Braz-300x225.jpg\" class=\"attachment-medium size-medium\" alt=\"\" srcset=\"https:\/\/blogs.correio24h.com.br\/mesalte\/wp-content\/uploads\/2017\/04\/Candidatos-_do-concurso-Meu-Ovo-\u00e9-Um-Show_Foto-Valmick-Braz-300x225.jpg 300w, https:\/\/blogs.correio24h.com.br\/mesalte\/wp-content\/uploads\/2017\/04\/Candidatos-_do-concurso-Meu-Ovo-\u00e9-Um-Show_Foto-Valmick-Braz-768x576.jpg 768w, https:\/\/blogs.correio24h.com.br\/mesalte\/wp-content\/uploads\/2017\/04\/Candidatos-_do-concurso-Meu-Ovo-\u00e9-Um-Show_Foto-Valmick-Braz-1024x768.jpg 1024w, https:\/\/blogs.correio24h.com.br\/mesalte\/wp-content\/uploads\/2017\/04\/Candidatos-_do-concurso-Meu-Ovo-\u00e9-Um-Show_Foto-Valmick-Braz-195x146.jpg 195w, https:\/\/blogs.correio24h.com.br\/mesalte\/wp-content\/uploads\/2017\/04\/Candidatos-_do-concurso-Meu-Ovo-\u00e9-Um-Show_Foto-Valmick-Braz-50x38.jpg 50w, https:\/\/blogs.correio24h.com.br\/mesalte\/wp-content\/uploads\/2017\/04\/Candidatos-_do-concurso-Meu-Ovo-\u00e9-Um-Show_Foto-Valmick-Braz-100x75.jpg 100w, https:\/\/blogs.correio24h.com.br\/mesalte\/wp-content\/uploads\/2017\/04\/Candidatos-_do-concurso-Meu-Ovo-\u00e9-Um-Show_Foto-Valmick-Braz.jpg 1032w\" sizes=\"auto, (max-width: 300px) 100vw, 300px\" \/><\/a>\n\t\t\t\t<\/dt><\/dl><dl class='gallery-item'>\n\t\t\t\t<dt class='gallery-icon landscape'>\n\t\t\t\t\t<a href='https:\/\/blogs.correio24h.com.br\/mesalte\/wp-content\/uploads\/2017\/04\/Candidatos-do-concurso-Meu-Ovo-\u00e9-Um-Show_Foto-Valmick-Braz.jpg'><img loading=\"lazy\" decoding=\"async\" width=\"300\" height=\"225\" src=\"https:\/\/blogs.correio24h.com.br\/mesalte\/wp-content\/uploads\/2017\/04\/Candidatos-do-concurso-Meu-Ovo-\u00e9-Um-Show_Foto-Valmick-Braz-300x225.jpg\" class=\"attachment-medium size-medium\" alt=\"\" srcset=\"https:\/\/blogs.correio24h.com.br\/mesalte\/wp-content\/uploads\/2017\/04\/Candidatos-do-concurso-Meu-Ovo-\u00e9-Um-Show_Foto-Valmick-Braz-300x225.jpg 300w, https:\/\/blogs.correio24h.com.br\/mesalte\/wp-content\/uploads\/2017\/04\/Candidatos-do-concurso-Meu-Ovo-\u00e9-Um-Show_Foto-Valmick-Braz-768x576.jpg 768w, https:\/\/blogs.correio24h.com.br\/mesalte\/wp-content\/uploads\/2017\/04\/Candidatos-do-concurso-Meu-Ovo-\u00e9-Um-Show_Foto-Valmick-Braz-1024x768.jpg 1024w, https:\/\/blogs.correio24h.com.br\/mesalte\/wp-content\/uploads\/2017\/04\/Candidatos-do-concurso-Meu-Ovo-\u00e9-Um-Show_Foto-Valmick-Braz-195x146.jpg 195w, https:\/\/blogs.correio24h.com.br\/mesalte\/wp-content\/uploads\/2017\/04\/Candidatos-do-concurso-Meu-Ovo-\u00e9-Um-Show_Foto-Valmick-Braz-50x38.jpg 50w, https:\/\/blogs.correio24h.com.br\/mesalte\/wp-content\/uploads\/2017\/04\/Candidatos-do-concurso-Meu-Ovo-\u00e9-Um-Show_Foto-Valmick-Braz-100x75.jpg 100w, https:\/\/blogs.correio24h.com.br\/mesalte\/wp-content\/uploads\/2017\/04\/Candidatos-do-concurso-Meu-Ovo-\u00e9-Um-Show_Foto-Valmick-Braz.jpg 1032w\" sizes=\"auto, (max-width: 300px) 100vw, 300px\" \/><\/a>\n\t\t\t\t<\/dt><\/dl><br style=\"clear: both\" \/><dl class='gallery-item'>\n\t\t\t\t<dt class='gallery-icon landscape'>\n\t\t\t\t\t<a href='https:\/\/blogs.correio24h.com.br\/mesalte\/wp-content\/uploads\/2017\/04\/Vencedor-na-categoria-ovo-mais-bonito-do-concurso-Meu-Ovo-\u00e9-Um-Show_Foto-Valmick-Braz.jpg'><img loading=\"lazy\" decoding=\"async\" width=\"300\" height=\"225\" src=\"https:\/\/blogs.correio24h.com.br\/mesalte\/wp-content\/uploads\/2017\/04\/Vencedor-na-categoria-ovo-mais-bonito-do-concurso-Meu-Ovo-\u00e9-Um-Show_Foto-Valmick-Braz-300x225.jpg\" class=\"attachment-medium size-medium\" alt=\"\" srcset=\"https:\/\/blogs.correio24h.com.br\/mesalte\/wp-content\/uploads\/2017\/04\/Vencedor-na-categoria-ovo-mais-bonito-do-concurso-Meu-Ovo-\u00e9-Um-Show_Foto-Valmick-Braz-300x225.jpg 300w, https:\/\/blogs.correio24h.com.br\/mesalte\/wp-content\/uploads\/2017\/04\/Vencedor-na-categoria-ovo-mais-bonito-do-concurso-Meu-Ovo-\u00e9-Um-Show_Foto-Valmick-Braz-768x576.jpg 768w, https:\/\/blogs.correio24h.com.br\/mesalte\/wp-content\/uploads\/2017\/04\/Vencedor-na-categoria-ovo-mais-bonito-do-concurso-Meu-Ovo-\u00e9-Um-Show_Foto-Valmick-Braz-1024x768.jpg 1024w, https:\/\/blogs.correio24h.com.br\/mesalte\/wp-content\/uploads\/2017\/04\/Vencedor-na-categoria-ovo-mais-bonito-do-concurso-Meu-Ovo-\u00e9-Um-Show_Foto-Valmick-Braz-195x146.jpg 195w, https:\/\/blogs.correio24h.com.br\/mesalte\/wp-content\/uploads\/2017\/04\/Vencedor-na-categoria-ovo-mais-bonito-do-concurso-Meu-Ovo-\u00e9-Um-Show_Foto-Valmick-Braz-50x38.jpg 50w, https:\/\/blogs.correio24h.com.br\/mesalte\/wp-content\/uploads\/2017\/04\/Vencedor-na-categoria-ovo-mais-bonito-do-concurso-Meu-Ovo-\u00e9-Um-Show_Foto-Valmick-Braz-100x75.jpg 100w, https:\/\/blogs.correio24h.com.br\/mesalte\/wp-content\/uploads\/2017\/04\/Vencedor-na-categoria-ovo-mais-bonito-do-concurso-Meu-Ovo-\u00e9-Um-Show_Foto-Valmick-Braz.jpg 1280w\" sizes=\"auto, (max-width: 300px) 100vw, 300px\" \/><\/a>\n\t\t\t\t<\/dt><\/dl>\n\t\t\t\t<br style='clear: both' \/>\n\t\t\t<\/div>\n\n","protected":false},"excerpt":{"rendered":"<p>Eram muitas op\u00e7\u00f5es. Uns mais pesados, uns mais levinhos, uns bonitos &#8230;outros nem tanto. Essa poderia ser &#8211; facilmente &#8211; a descri\u00e7\u00e3o de um supermercado \u00e0s [&hellip;]<\/p>\n","protected":false},"author":1,"featured_media":10340,"comment_status":"open","ping_status":"open","sticky":false,"template":"","format":"image","meta":{"footnotes":""},"categories":[80,27],"tags":[1051,1050,1020],"class_list":["post-10320","post","type-post","status-publish","format-image","has-post-thumbnail","hentry","category-home","category-me-abano","tag-boy","tag-meu-ovo-e-show","tag-ovo","post_format-post-format-image"],"_links":{"self":[{"href":"https:\/\/blogs.correio24horas.com.br\/mesalte\/wp-json\/wp\/v2\/posts\/10320","targetHints":{"allow":["GET"]}}],"collection":[{"href":"https:\/\/blogs.correio24horas.com.br\/mesalte\/wp-json\/wp\/v2\/posts"}],"about":[{"href":"https:\/\/blogs.correio24horas.com.br\/mesalte\/wp-json\/wp\/v2\/types\/post"}],"author":[{"embeddable":true,"href":"https:\/\/blogs.correio24horas.com.br\/mesalte\/wp-json\/wp\/v2\/users\/1"}],"replies":[{"embeddable":true,"href":"https:\/\/blogs.correio24horas.com.br\/mesalte\/wp-json\/wp\/v2\/comments?post=10320"}],"version-history":[{"count":7,"href":"https:\/\/blogs.correio24horas.com.br\/mesalte\/wp-json\/wp\/v2\/posts\/10320\/revisions"}],"predecessor-version":[{"id":10344,"href":"https:\/\/blogs.correio24horas.com.br\/mesalte\/wp-json\/wp\/v2\/posts\/10320\/revisions\/10344"}],"wp:featuredmedia":[{"embeddable":true,"href":"https:\/\/blogs.correio24horas.com.br\/mesalte\/wp-json\/wp\/v2\/media\/10340"}],"wp:attachment":[{"href":"https:\/\/blogs.correio24horas.com.br\/mesalte\/wp-json\/wp\/v2\/media?parent=10320"}],"wp:term":[{"taxonomy":"category","embeddable":true,"href":"https:\/\/blogs.correio24horas.com.br\/mesalte\/wp-json\/wp\/v2\/categories?post=10320"},{"taxonomy":"post_tag","embeddable":true,"href":"https:\/\/blogs.correio24horas.com.br\/mesalte\/wp-json\/wp\/v2\/tags?post=10320"}],"curies":[{"name":"wp","href":"https:\/\/api.w.org\/{rel}","templated":true}]}}