{"id":10214,"date":"2017-04-02T18:01:50","date_gmt":"2017-04-02T21:01:50","guid":{"rendered":"http:\/\/www.correio24horas.com.br\/blogs\/mesalte\/?p=10214"},"modified":"2017-04-02T18:01:50","modified_gmt":"2017-04-02T21:01:50","slug":"livro-para-criancas-tera-papai-noel-negro-e-gay","status":"publish","type":"post","link":"https:\/\/blogs.correio24horas.com.br\/mesalte\/livro-para-criancas-tera-papai-noel-negro-e-gay\/","title":{"rendered":"Livro para crian\u00e7as ter\u00e1 papai noel negro e gay"},"content":{"rendered":"<p>Eu nunca acreditei em Papai Noel. Mais do que isso: sempre achei um pouco contradit\u00f3rio &#8211; morando aqui no Brasil nesse calor de lara serena &#8211; sem lareiras e afins que um senhor pudesse fazer um percurso intercontinental em apenas uma noite para presentear as crian\u00e7as do mundo inteiro.\u00a0Sempre fiquei imaginando como explicar para uma crian\u00e7a essa incoer\u00eancia da exist\u00eancia do velho noel.<\/p>\n<p>Mas, agora,\u00a0o roteirista do programa The Late Show, o norte americano Daniel Kibblesmith, divulgou uma not\u00edcia que pelo menos me fez acreditar &#8211; e buscar identifica\u00e7\u00e3o &#8211; com um papai noel mais pr\u00f3ximo da minha realidade. Daniel teve a ideia babadeira de criar um livro infantil que mostra o papai noel negro, gay e casado.<\/p>\n<p>\u201cEu e @JenAshleyWright decidimos que nosso futuro filho s\u00f3 vai aprender que Papai Noel \u00e9 negro. Se ver algum Papai Noel branco na rua, a gente vai responder \u2018esse \u00e9 o namorado dele\u201d, publicou em seu Twitter referindo-se a sua esposa\u00a0 Jen Ashley. Talvez se quando eu fui crian\u00e7a tivesse esse livro eu at\u00e9 acreditasse no papai noel.<\/p>\n<p>O livro se chamar\u00e1 Santa\u2019s Husband [O Marido do Papai Noel] e sera voltado para o p\u00fablico infantil. A publica\u00e7\u00e3o sair\u00e1 pelo selo Harper Design, da editora Harper Collins e ter\u00e1 ilustra\u00e7\u00f5es de Ashley Quach.<\/p>\n<p>O livro s\u00f3 deve chegar nas livrarias no final do ano por conta do Natal, mas j\u00e1 quero! Guardarei para quando tiver meus er\u00eas poder contar essa hist\u00f3ria. Afinal, como diz o ditado, quem conta um conto aumenta um ponto. E se for para crescer essa lenda do papai noel que seja para torn\u00e1-lo mais diverso e representativo.<\/p>\n<blockquote class=\"twitter-tweet\" data-lang=\"pt\">\n<p dir=\"ltr\" lang=\"en\">Here&#8217;s a higher res of <a href=\"https:\/\/twitter.com\/alperryman\">@alperryman<\/a>&#8216;s original concept art. Really excited to be working with her and everyone at <a href=\"https:\/\/twitter.com\/harperdesignbks\">@harperdesignbks<\/a>. <a href=\"https:\/\/t.co\/JTeqAUP8EG\">pic.twitter.com\/JTeqAUP8EG<\/a><\/p>\n<p>\u2014 Daniel &#8220;Kibblesmith&#8221; (@kibblesmith) <a href=\"https:\/\/twitter.com\/kibblesmith\/status\/846735996427390980\">28 de mar\u00e7o de 2017<\/a><\/p><\/blockquote>\n<p><script src=\"\/\/platform.twitter.com\/widgets.js\" async=\"\" charset=\"utf-8\"><\/script><\/p>\n","protected":false},"excerpt":{"rendered":"<p>Eu nunca acreditei em Papai Noel. Mais do que isso: sempre achei um pouco contradit\u00f3rio &#8211; morando aqui no Brasil nesse calor de lara serena &#8211; [&hellip;]<\/p>\n","protected":false},"author":1,"featured_media":10215,"comment_status":"open","ping_status":"open","sticky":false,"template":"","format":"image","meta":{"footnotes":""},"categories":[28,80],"tags":[1010,1011],"class_list":["post-10214","post","type-post","status-publish","format-image","has-post-thumbnail","hentry","category-farofa-digital","category-home","tag-papai-noel-gay","tag-papai-noel-negro","post_format-post-format-image"],"_links":{"self":[{"href":"https:\/\/blogs.correio24horas.com.br\/mesalte\/wp-json\/wp\/v2\/posts\/10214","targetHints":{"allow":["GET"]}}],"collection":[{"href":"https:\/\/blogs.correio24horas.com.br\/mesalte\/wp-json\/wp\/v2\/posts"}],"about":[{"href":"https:\/\/blogs.correio24horas.com.br\/mesalte\/wp-json\/wp\/v2\/types\/post"}],"author":[{"embeddable":true,"href":"https:\/\/blogs.correio24horas.com.br\/mesalte\/wp-json\/wp\/v2\/users\/1"}],"replies":[{"embeddable":true,"href":"https:\/\/blogs.correio24horas.com.br\/mesalte\/wp-json\/wp\/v2\/comments?post=10214"}],"version-history":[{"count":1,"href":"https:\/\/blogs.correio24horas.com.br\/mesalte\/wp-json\/wp\/v2\/posts\/10214\/revisions"}],"predecessor-version":[{"id":10216,"href":"https:\/\/blogs.correio24horas.com.br\/mesalte\/wp-json\/wp\/v2\/posts\/10214\/revisions\/10216"}],"wp:featuredmedia":[{"embeddable":true,"href":"https:\/\/blogs.correio24horas.com.br\/mesalte\/wp-json\/wp\/v2\/media\/10215"}],"wp:attachment":[{"href":"https:\/\/blogs.correio24horas.com.br\/mesalte\/wp-json\/wp\/v2\/media?parent=10214"}],"wp:term":[{"taxonomy":"category","embeddable":true,"href":"https:\/\/blogs.correio24horas.com.br\/mesalte\/wp-json\/wp\/v2\/categories?post=10214"},{"taxonomy":"post_tag","embeddable":true,"href":"https:\/\/blogs.correio24horas.com.br\/mesalte\/wp-json\/wp\/v2\/tags?post=10214"}],"curies":[{"name":"wp","href":"https:\/\/api.w.org\/{rel}","templated":true}]}}